{"id":35110,"date":"2014-08-12T23:25:06","date_gmt":"2014-08-13T02:25:06","guid":{"rendered":"http:\/\/www.hoymercedes.com.ar\/principal\/?p=35110"},"modified":"2014-08-12T23:25:06","modified_gmt":"2014-08-13T02:25:06","slug":"frente-mercedino-y-casa-joven-dieron-su-apoyo-en-luna-park-contra-fondos-buitres","status":"publish","type":"post","link":"https:\/\/www.hoymercedes.com.ar\/principal\/2014\/08\/12\/frente-mercedino-y-casa-joven-dieron-su-apoyo-en-luna-park-contra-fondos-buitres\/","title":{"rendered":"Frente Mercedino y Casa Joven dieron su apoyo en Luna Park contra Fondos Buitres"},"content":{"rendered":"<p><a href=\"https:\/\/www.hoymercedes.com.ar\/principal\/wp-content\/uploads\/2014\/08\/CasaJoven-RumboalLunaPark.jpg\"><img loading=\"lazy\" decoding=\"async\" data-attachment-id=\"35111\" data-permalink=\"https:\/\/www.hoymercedes.com.ar\/principal\/2014\/08\/12\/frente-mercedino-y-casa-joven-dieron-su-apoyo-en-luna-park-contra-fondos-buitres\/casajoven-rumboallunapark\/#main\" data-orig-file=\"https:\/\/www.hoymercedes.com.ar\/principal\/wp-content\/uploads\/2014\/08\/CasaJoven-RumboalLunaPark.jpg\" data-orig-size=\"620,465\" data-comments-opened=\"1\" data-image-meta=\"{&quot;aperture&quot;:&quot;0&quot;,&quot;credit&quot;:&quot;&quot;,&quot;camera&quot;:&quot;&quot;,&quot;caption&quot;:&quot;&quot;,&quot;created_timestamp&quot;:&quot;0&quot;,&quot;copyright&quot;:&quot;&quot;,&quot;focal_length&quot;:&quot;0&quot;,&quot;iso&quot;:&quot;0&quot;,&quot;shutter_speed&quot;:&quot;0&quot;,&quot;title&quot;:&quot;&quot;}\" data-image-title=\"CasaJoven-RumboalLunaPark\" data-image-description=\"\" data-image-caption=\"\" data-large-file=\"https:\/\/www.hoymercedes.com.ar\/principal\/wp-content\/uploads\/2014\/08\/CasaJoven-RumboalLunaPark.jpg\" class=\"Img2014 aligncenter wp-image-35111 size-full\" src=\"https:\/\/www.hoymercedes.com.ar\/principal\/wp-content\/uploads\/2014\/08\/CasaJoven-RumboalLunaPark.jpg\" alt=\"CasaJoven-RumboalLunaPark\" width=\"620\" height=\"465\" \/><\/a><\/p>\n<p>Un grupo de mercedinos fue parte del encuentro en el Luna Park vivido contra la presi\u00f3n de los fondos buitres y el sistema financiero internacional que ahora a las naciones y busca someter su soberan\u00eda. Desde el Frente Mercedino y desde Casa Joven, que integra dicha fuerza local, dieron el presente en Capital Federal.<\/p>\n<p>El encuentro surgi\u00f3 en apoyo al Gobierno Nacional y su actual disputa contra los fondos buitres y el litigio en Estados Unidos.<\/p>\n<p>El n\u00facleo central del encuentro fue Unidos y Organizados.<\/p>\n<p>Desde Casa Joven partieron en micro, todos juntos, en apoyo a la lucha contra la usura del sistema financiero internacional que tanto da\u00f1o hace a las naciones. En Capital tambi\u00e9n hubo representantes y voluntades del Frente Mercedino, como uno de los m\u00e1ximos exponente, Eduardo \u201cWado\u201d De Pedro, qui\u00e9n fue comentando el encuentro desde las redes sociales.<\/p>\n<p>El acto est\u00e1 convocado por las agrupaciones Proyecto Nacional, Convocatoria Popular, Miles, Partido Humanista, Forja, Frente Grande, Partido Comunista, Solidaridad e Igualdad, y Propuesta Pol\u00edtica de los Trabajadores, entre otras, remarc\u00f3 Tel\u00e1m.<\/p>\n<p>Wado de Pedro coment\u00f3 la importancia del acto para que \u201clos fondos buitre no nos hipotequen el futuro\u201d.<\/p>\n<p>Desde Casa Joven mostraron tambi\u00e9n todo el apoyo a la gesti\u00f3n nacional, la soberan\u00eda contra la usuria y la construcci\u00f3n de un futuro mejor para todos los cu\u00eddanos del pa\u00eds y no deber\u00edan estar padeciendo estas cuestiones por deuda contra\u00edda en gobiernos anteriores.<\/p>\n<p>Twitter de De Pedro<\/p>\n<blockquote class=\"twitter-tweet\" lang=\"es\">\n<p>Argentina <a href=\"https:\/\/twitter.com\/hashtag\/PatriOBuitres?src=hash\" target=\"_blank\" rel=\"noopener\">#PatriOBuitres<\/a>, toda la militancia al Luna Park para que no nos hipotequen el futuro CC <a href=\"https:\/\/twitter.com\/gabmariotto\" target=\"_blank\" rel=\"noopener\">@gabmariotto<\/a> <a href=\"https:\/\/twitter.com\/Luis_Delia\" target=\"_blank\" rel=\"noopener\">@Luis_Delia<\/a> <a href=\"https:\/\/twitter.com\/gustavoflopez\" target=\"_blank\" rel=\"noopener\">@gustavoflopez<\/a><\/p>\n<p>&mdash; Wado de Pedro (@wadodecorrido) <a href=\"https:\/\/twitter.com\/wadodecorrido\/statuses\/499295382078500864\" target=\"_blank\" rel=\"noopener\">agosto 12, 2014<\/a><\/p><\/blockquote>\n<p><script async src=\"\/\/platform.twitter.com\/widgets.js\" charset=\"utf-8\"><\/script><\/p>\n","protected":false},"excerpt":{"rendered":"<p>Un grupo de mercedinos fue parte del encuentro en el Luna Park vivido contra la presi\u00f3n de los fondos buitres &#8230; <a title=\"Frente Mercedino y Casa Joven dieron su apoyo en Luna Park contra Fondos Buitres\" class=\"read-more\" href=\"https:\/\/www.hoymercedes.com.ar\/principal\/2014\/08\/12\/frente-mercedino-y-casa-joven-dieron-su-apoyo-en-luna-park-contra-fondos-buitres\/\" aria-label=\"Leer m\u00e1s sobre Frente Mercedino y Casa Joven dieron su apoyo en Luna Park contra Fondos Buitres\">Leer m\u00e1s<\/a><\/p>\n","protected":false},"author":1,"featured_media":0,"comment_status":"open","ping_status":"open","sticky":false,"template":"","format":"standard","meta":{"_monsterinsights_skip_tracking":false,"_monsterinsights_sitenote_active":false,"_monsterinsights_sitenote_note":"","_monsterinsights_sitenote_category":0,"jetpack_post_was_ever_published":false,"_jetpack_newsletter_access":"","_jetpack_dont_email_post_to_subs":false,"_jetpack_newsletter_tier_id":0,"_jetpack_memberships_contains_paywalled_content":false,"_jetpack_memberships_contains_paid_content":false,"footnotes":"","jetpack_publicize_message":"","jetpack_publicize_feature_enabled":true,"jetpack_social_post_already_shared":false,"jetpack_social_options":{"image_generator_settings":{"template":"highway","default_image_id":0,"font":"","enabled":false},"version":2},"_wpas_customize_per_network":false},"categories":[5],"tags":[5795,3,1007,4180,585,542,5794,281],"class_list":["post-35110","post","type-post","status-publish","format-standard","hentry","category-politica","tag-acto-luna-park","tag-casa-joven","tag-frente-mercedino","tag-juan-pablo-lopez-baggio","tag-juan-ustarroz","tag-la-campora-mercedes","tag-unidos-y-organizados","tag-wado-de-pedro","generate-columns","tablet-grid-50","mobile-grid-100","grid-parent","grid-50"],"jetpack_publicize_connections":[],"jetpack_featured_media_url":"","wps_subtitle":"Acto en Luna Parck","jetpack_sharing_enabled":true,"_links":{"self":[{"href":"https:\/\/www.hoymercedes.com.ar\/principal\/wp-json\/wp\/v2\/posts\/35110","targetHints":{"allow":["GET"]}}],"collection":[{"href":"https:\/\/www.hoymercedes.com.ar\/principal\/wp-json\/wp\/v2\/posts"}],"about":[{"href":"https:\/\/www.hoymercedes.com.ar\/principal\/wp-json\/wp\/v2\/types\/post"}],"author":[{"embeddable":true,"href":"https:\/\/www.hoymercedes.com.ar\/principal\/wp-json\/wp\/v2\/users\/1"}],"replies":[{"embeddable":true,"href":"https:\/\/www.hoymercedes.com.ar\/principal\/wp-json\/wp\/v2\/comments?post=35110"}],"version-history":[{"count":0,"href":"https:\/\/www.hoymercedes.com.ar\/principal\/wp-json\/wp\/v2\/posts\/35110\/revisions"}],"wp:attachment":[{"href":"https:\/\/www.hoymercedes.com.ar\/principal\/wp-json\/wp\/v2\/media?parent=35110"}],"wp:term":[{"taxonomy":"category","embeddable":true,"href":"https:\/\/www.hoymercedes.com.ar\/principal\/wp-json\/wp\/v2\/categories?post=35110"},{"taxonomy":"post_tag","embeddable":true,"href":"https:\/\/www.hoymercedes.com.ar\/principal\/wp-json\/wp\/v2\/tags?post=35110"}],"curies":[{"name":"wp","href":"https:\/\/api.w.org\/{rel}","templated":true}]}}