{"id":35148,"date":"2014-08-14T00:00:00","date_gmt":"2014-08-14T03:00:00","guid":{"rendered":"http:\/\/www.hoymercedes.com.ar\/principal\/?p=35148"},"modified":"2014-08-14T00:00:00","modified_gmt":"2014-08-14T03:00:00","slug":"juan-carlos-benitez-en-merlo-como-orador-en-encuentro-del-pro","status":"publish","type":"post","link":"https:\/\/www.hoymercedes.com.ar\/principal\/2014\/08\/14\/juan-carlos-benitez-en-merlo-como-orador-en-encuentro-del-pro\/","title":{"rendered":"Juan Carlos Ben\u00edtez en Merlo como orador en encuentro del PRO"},"content":{"rendered":"<p><a class=\"Img2014\" href=\"https:\/\/www.hoymercedes.com.ar\/principal\/wp-content\/uploads\/2014\/08\/Benitez-Merlo-Macri-II.jpg\"><img loading=\"lazy\" decoding=\"async\" data-attachment-id=\"35150\" data-permalink=\"https:\/\/www.hoymercedes.com.ar\/principal\/2014\/08\/14\/juan-carlos-benitez-en-merlo-como-orador-en-encuentro-del-pro\/benitez-merlo-macri-ii\/#main\" data-orig-file=\"https:\/\/www.hoymercedes.com.ar\/principal\/wp-content\/uploads\/2014\/08\/Benitez-Merlo-Macri-II.jpg\" data-orig-size=\"620,465\" data-comments-opened=\"1\" data-image-meta=\"{&quot;aperture&quot;:&quot;0&quot;,&quot;credit&quot;:&quot;&quot;,&quot;camera&quot;:&quot;&quot;,&quot;caption&quot;:&quot;&quot;,&quot;created_timestamp&quot;:&quot;0&quot;,&quot;copyright&quot;:&quot;&quot;,&quot;focal_length&quot;:&quot;0&quot;,&quot;iso&quot;:&quot;0&quot;,&quot;shutter_speed&quot;:&quot;0&quot;,&quot;title&quot;:&quot;&quot;}\" data-image-title=\"Benitez-Merlo-Macri-II\" data-image-description=\"\" data-image-caption=\"\" data-large-file=\"https:\/\/www.hoymercedes.com.ar\/principal\/wp-content\/uploads\/2014\/08\/Benitez-Merlo-Macri-II.jpg\" class=\"aligncenter wp-image-35150 size-full\" src=\"https:\/\/www.hoymercedes.com.ar\/principal\/wp-content\/uploads\/2014\/08\/Benitez-Merlo-Macri-II.jpg\" alt=\"Benitez-Merlo-Macri-II\" width=\"620\" height=\"465\" \/><\/a><\/p>\n<p><em><strong>El concejal de nuestra ciudad, Juan Carlos Benitez, fue parte de un encuentro del PRO que conduce Mauricio Macri en la localidad de Merlo donde tom\u00f3 la palabra y se manifest\u00f3 para todos los presentes, entre ellos el intendente de Vicente L\u00f3pez y primo de Mauricio Jorge Macri.<\/strong><\/em><\/p>\n<p>El edil de nuestra ciudad contin\u00faa de \u00e9sta manera trabajando en el armado provincial del PRO y en su candidatura a intendente dentro de dicho espacio pol\u00edtico. El propio Juan Carlos Ben\u00edtez aprovech\u00f3 su cuenta en las redes sociales para comentar: <em>\u201cestuvimos junto a tres compa\u00f1eros en la reuni\u00f3n de la primera secci\u00f3n electoral, conducida por el Intendente de Vicente L\u00f3pez, Jorge Macri, hemos expresado nuestras ideas, manifestando nuestros puntos de vista pol\u00edticos a nivel local y nacional, y cu\u00e1l ser\u00e1 nuestro plan de conducci\u00f3n en miras al 2015. Estamos contentos con est\u00e1s habituales aproximaciones a los compa\u00f1eros de otros distritos que como nosotros llevan adelante el proyecto presidencial Macri 2015.\u201d<img loading=\"lazy\" decoding=\"async\" data-attachment-id=\"35151\" data-permalink=\"https:\/\/www.hoymercedes.com.ar\/principal\/2014\/08\/14\/juan-carlos-benitez-en-merlo-como-orador-en-encuentro-del-pro\/benitez-merlo-macri-iii\/#main\" data-orig-file=\"https:\/\/www.hoymercedes.com.ar\/principal\/wp-content\/uploads\/2014\/08\/Benitez-Merlo-Macri-III.jpg\" data-orig-size=\"620,465\" data-comments-opened=\"1\" data-image-meta=\"{&quot;aperture&quot;:&quot;0&quot;,&quot;credit&quot;:&quot;&quot;,&quot;camera&quot;:&quot;&quot;,&quot;caption&quot;:&quot;&quot;,&quot;created_timestamp&quot;:&quot;0&quot;,&quot;copyright&quot;:&quot;&quot;,&quot;focal_length&quot;:&quot;0&quot;,&quot;iso&quot;:&quot;0&quot;,&quot;shutter_speed&quot;:&quot;0&quot;,&quot;title&quot;:&quot;&quot;}\" data-image-title=\"Benitez-Merlo-Macri-III\" data-image-description=\"\" data-image-caption=\"\" data-large-file=\"https:\/\/www.hoymercedes.com.ar\/principal\/wp-content\/uploads\/2014\/08\/Benitez-Merlo-Macri-III.jpg\" class=\"Img2014 aligncenter wp-image-35151 size-full\" src=\"https:\/\/www.hoymercedes.com.ar\/principal\/wp-content\/uploads\/2014\/08\/Benitez-Merlo-Macri-III.jpg\" alt=\"Benitez-Merlo-Macri-III\" width=\"620\" height=\"465\" \/><\/em><\/p>\n<p>A nivel local Benitez no es la primera vez que se manifiesta dentro del marco macrista y que en la actualidad tambi\u00e9n busca expresar el MIC.<\/p>\n<p>El edil manifest\u00f3 toda su satisfacci\u00f3n por la tarea realizada en el encuentro donde adem\u00e1s sigue siendo un claro espacio de trabajo, posicionamiento y armado de lo que es la candidatura de Mauricio Macri a presidente en 2015.<\/p>\n<p>&nbsp;<\/p>\n<p>&nbsp;<\/p>\n<p>&nbsp;<\/p>\n","protected":false},"excerpt":{"rendered":"<p>El concejal de nuestra ciudad, Juan Carlos Benitez, fue parte de un encuentro del PRO que conduce Mauricio Macri en &#8230; <a title=\"Juan Carlos Ben\u00edtez en Merlo como orador en encuentro del PRO\" class=\"read-more\" href=\"https:\/\/www.hoymercedes.com.ar\/principal\/2014\/08\/14\/juan-carlos-benitez-en-merlo-como-orador-en-encuentro-del-pro\/\" aria-label=\"Leer m\u00e1s sobre Juan Carlos Ben\u00edtez en Merlo como orador en encuentro del PRO\">Leer m\u00e1s<\/a><\/p>\n","protected":false},"author":1,"featured_media":0,"comment_status":"open","ping_status":"open","sticky":false,"template":"","format":"standard","meta":{"_monsterinsights_skip_tracking":false,"_monsterinsights_sitenote_active":false,"_monsterinsights_sitenote_note":"","_monsterinsights_sitenote_category":0,"jetpack_post_was_ever_published":false,"_jetpack_newsletter_access":"","_jetpack_dont_email_post_to_subs":false,"_jetpack_newsletter_tier_id":0,"_jetpack_memberships_contains_paywalled_content":false,"_jetpack_memberships_contains_paid_content":false,"footnotes":"","jetpack_publicize_message":"","jetpack_publicize_feature_enabled":true,"jetpack_social_post_already_shared":false,"jetpack_social_options":{"image_generator_settings":{"template":"highway","default_image_id":0,"font":"","enabled":false},"version":2},"_wpas_customize_per_network":false},"categories":[5],"tags":[5806,313,5805,2185],"class_list":["post-35148","post","type-post","status-publish","format-standard","hentry","category-politica","tag-benitez-mercedes","tag-juan-carlos-benitez","tag-mercedes-pro","tag-pro-mercedes","generate-columns","tablet-grid-50","mobile-grid-100","grid-parent","grid-50"],"jetpack_publicize_connections":[],"jetpack_featured_media_url":"","wps_subtitle":"Armado PRO","jetpack_sharing_enabled":true,"_links":{"self":[{"href":"https:\/\/www.hoymercedes.com.ar\/principal\/wp-json\/wp\/v2\/posts\/35148","targetHints":{"allow":["GET"]}}],"collection":[{"href":"https:\/\/www.hoymercedes.com.ar\/principal\/wp-json\/wp\/v2\/posts"}],"about":[{"href":"https:\/\/www.hoymercedes.com.ar\/principal\/wp-json\/wp\/v2\/types\/post"}],"author":[{"embeddable":true,"href":"https:\/\/www.hoymercedes.com.ar\/principal\/wp-json\/wp\/v2\/users\/1"}],"replies":[{"embeddable":true,"href":"https:\/\/www.hoymercedes.com.ar\/principal\/wp-json\/wp\/v2\/comments?post=35148"}],"version-history":[{"count":0,"href":"https:\/\/www.hoymercedes.com.ar\/principal\/wp-json\/wp\/v2\/posts\/35148\/revisions"}],"wp:attachment":[{"href":"https:\/\/www.hoymercedes.com.ar\/principal\/wp-json\/wp\/v2\/media?parent=35148"}],"wp:term":[{"taxonomy":"category","embeddable":true,"href":"https:\/\/www.hoymercedes.com.ar\/principal\/wp-json\/wp\/v2\/categories?post=35148"},{"taxonomy":"post_tag","embeddable":true,"href":"https:\/\/www.hoymercedes.com.ar\/principal\/wp-json\/wp\/v2\/tags?post=35148"}],"curies":[{"name":"wp","href":"https:\/\/api.w.org\/{rel}","templated":true}]}}