{"id":3516,"date":"2011-04-15T15:43:36","date_gmt":"2011-04-15T15:43:36","guid":{"rendered":"http:\/\/www.hoymercedes.com.ar\/principal\/?p=3516"},"modified":"2011-04-15T15:43:36","modified_gmt":"2011-04-15T15:43:36","slug":"presentan-en-colegio-de-abogados-libro-sobre-reforma-del-proceso-penal-bonaerense","status":"publish","type":"post","link":"https:\/\/www.hoymercedes.com.ar\/principal\/2011\/04\/15\/presentan-en-colegio-de-abogados-libro-sobre-reforma-del-proceso-penal-bonaerense\/","title":{"rendered":"Presentan en Colegio de Abogados libro sobre Reforma del Proceso Penal Bonaerense"},"content":{"rendered":"<figure id=\"attachment_3518\" aria-describedby=\"caption-attachment-3518\" style=\"width: 290px\" class=\"wp-caption alignleft\"><a href=\"https:\/\/www.hoymercedes.com.ar\/principal\/wp-content\/uploads\/2011\/04\/gouvent.jpg\"><img loading=\"lazy\" decoding=\"async\" data-attachment-id=\"3518\" data-permalink=\"https:\/\/www.hoymercedes.com.ar\/principal\/2011\/04\/15\/presentan-en-colegio-de-abogados-libro-sobre-reforma-del-proceso-penal-bonaerense\/gouvent\/#main\" data-orig-file=\"https:\/\/www.hoymercedes.com.ar\/principal\/wp-content\/uploads\/2011\/04\/gouvent.jpg\" data-orig-size=\"300,225\" data-comments-opened=\"1\" data-image-meta=\"{&quot;aperture&quot;:&quot;5.2&quot;,&quot;credit&quot;:&quot;&quot;,&quot;camera&quot;:&quot;COOLPIX L10&quot;,&quot;caption&quot;:&quot;&quot;,&quot;created_timestamp&quot;:&quot;1302589389&quot;,&quot;copyright&quot;:&quot;Copyright 2006&quot;,&quot;focal_length&quot;:&quot;18.6&quot;,&quot;iso&quot;:&quot;259&quot;,&quot;shutter_speed&quot;:&quot;0.016666666666667&quot;,&quot;title&quot;:&quot;&quot;}\" data-image-title=\"gouvent\" data-image-description=\"\" data-image-caption=\"\" data-large-file=\"https:\/\/www.hoymercedes.com.ar\/principal\/wp-content\/uploads\/2011\/04\/gouvent.jpg\" class=\"size-full wp-image-3518\" title=\"gouvent\" src=\"https:\/\/www.hoymercedes.com.ar\/principal\/wp-content\/uploads\/2011\/04\/gouvent.jpg\" alt=\"\" width=\"300\" height=\"225\" \/><\/a><figcaption id=\"caption-attachment-3518\" class=\"wp-caption-text\">Presentan libro<\/figcaption><\/figure>\n<p>Con la presencia  en nuestra ciudad del integrante del Tribunal Oral 1 de Necochea Dr  Mario Juliano, hoy viernes a las 18,30 en el sal\u00f3n de actos del Colegio de Abogados de nuestra ciudad se presentar\u00e1 el libro  Reforma del Proceso Penal Bonaerense cuyo autor es el Dr. Juan Fernando Gouvert qui\u00e9n ayer en conferencia de prensa sostuvo \u201ceste libro naci\u00f3 debido una gran cantidad de inquietudes que uno vienen acumulando en el ejercicio de la profesi\u00f3n a lo largo de los \u00faltimos seis a\u00f1os que es el tiempo que llevo en la misma.<\/p>\n<p>Habitualmente escribo para La Ley y en varios medios gr\u00e1ficos siendo este mi primer libro pero tengo algo m\u00e1s de cincuenta art\u00edculos publicados en la Ley, unos veinte en El Derecho y en muchas Paginas WEB y la revista del colegio de Abogados de Mercedes.<\/p>\n<p>&nbsp;<\/p>\n<p>Este libro tiene que ver con las reformas del Proceso Penal Bonaerense desde el punto de vista pr\u00e1ctico con diversos an\u00e1lisis orientados especialmente a abogados de la matr\u00edcula.<\/p>\n<p>&nbsp;<\/p>\n<p>He comentado casi todas las leyes de reformas desde el 2007 a la fecha especialmente las ultimas tres que desde mi punto de vista hay muchas cosas para comentar como por ejemplo la que regula la forma en que se declara los menores v\u00edctimas abusos sexuales que por cierto se trata de una tem\u00e1tica bastante delicada ya que el an\u00e1lisis no solo es desde el punto de vista del imputado sino adem\u00e1s desde los derechos de la v\u00edctima.<\/p>\n<p>&nbsp;<\/p>\n<p>Tambi\u00e9n en el libro analizo la ultima ley que agrav\u00f3 aun m\u00e1s las condiciones para conceder ciertos casos de libertad en el proceso penal\u201d<\/p>\n<p>&nbsp;<\/p>\n<p>Durante la conferencia de prensa efectuada por el Dr Juan Fernando Gouvert, el Dr. Carlos Meda fue el encargado de presentar al autor del libro<\/p>\n<p>&nbsp;<\/p>\n<p>&nbsp;<\/p>\n<p>&nbsp;<\/p>\n<p>&nbsp;<\/p>\n","protected":false},"excerpt":{"rendered":"<p>Con la presencia en nuestra ciudad del integrante del Tribunal Oral 1 de Necochea Dr Mario Juliano, hoy viernes a &#8230; <a title=\"Presentan en Colegio de Abogados libro sobre Reforma del Proceso Penal Bonaerense\" class=\"read-more\" href=\"https:\/\/www.hoymercedes.com.ar\/principal\/2011\/04\/15\/presentan-en-colegio-de-abogados-libro-sobre-reforma-del-proceso-penal-bonaerense\/\" aria-label=\"Leer m\u00e1s sobre Presentan en Colegio de Abogados libro sobre Reforma del Proceso Penal Bonaerense\">Leer m\u00e1s<\/a><\/p>\n","protected":false},"author":1,"featured_media":0,"comment_status":"open","ping_status":"open","sticky":false,"template":"","format":"standard","meta":{"_monsterinsights_skip_tracking":false,"_monsterinsights_sitenote_active":false,"_monsterinsights_sitenote_note":"","_monsterinsights_sitenote_category":0,"jetpack_post_was_ever_published":false,"_jetpack_newsletter_access":"","_jetpack_dont_email_post_to_subs":false,"_jetpack_newsletter_tier_id":0,"_jetpack_memberships_contains_paywalled_content":false,"_jetpack_memberships_contains_paid_content":false,"footnotes":"","jetpack_publicize_message":"","jetpack_publicize_feature_enabled":true,"jetpack_social_post_already_shared":false,"jetpack_social_options":{"image_generator_settings":{"template":"highway","default_image_id":0,"font":"","enabled":false},"version":2},"_wpas_customize_per_network":false},"categories":[8],"tags":[679],"class_list":["post-3516","post","type-post","status-publish","format-standard","hentry","category-sociedad","tag-gouvent","generate-columns","tablet-grid-50","mobile-grid-100","grid-parent","grid-50"],"jetpack_publicize_connections":[],"jetpack_featured_media_url":"","wps_subtitle":"","jetpack_sharing_enabled":true,"_links":{"self":[{"href":"https:\/\/www.hoymercedes.com.ar\/principal\/wp-json\/wp\/v2\/posts\/3516","targetHints":{"allow":["GET"]}}],"collection":[{"href":"https:\/\/www.hoymercedes.com.ar\/principal\/wp-json\/wp\/v2\/posts"}],"about":[{"href":"https:\/\/www.hoymercedes.com.ar\/principal\/wp-json\/wp\/v2\/types\/post"}],"author":[{"embeddable":true,"href":"https:\/\/www.hoymercedes.com.ar\/principal\/wp-json\/wp\/v2\/users\/1"}],"replies":[{"embeddable":true,"href":"https:\/\/www.hoymercedes.com.ar\/principal\/wp-json\/wp\/v2\/comments?post=3516"}],"version-history":[{"count":0,"href":"https:\/\/www.hoymercedes.com.ar\/principal\/wp-json\/wp\/v2\/posts\/3516\/revisions"}],"wp:attachment":[{"href":"https:\/\/www.hoymercedes.com.ar\/principal\/wp-json\/wp\/v2\/media?parent=3516"}],"wp:term":[{"taxonomy":"category","embeddable":true,"href":"https:\/\/www.hoymercedes.com.ar\/principal\/wp-json\/wp\/v2\/categories?post=3516"},{"taxonomy":"post_tag","embeddable":true,"href":"https:\/\/www.hoymercedes.com.ar\/principal\/wp-json\/wp\/v2\/tags?post=3516"}],"curies":[{"name":"wp","href":"https:\/\/api.w.org\/{rel}","templated":true}]}}