{"id":35176,"date":"2014-08-14T22:50:02","date_gmt":"2014-08-15T01:50:02","guid":{"rendered":"http:\/\/www.hoymercedes.com.ar\/principal\/?p=35176"},"modified":"2014-08-14T22:50:02","modified_gmt":"2014-08-15T01:50:02","slug":"wado-de-pedro-presento-proyecto-para-que-no-se-privaticen-las-fabricas-militares","status":"publish","type":"post","link":"https:\/\/www.hoymercedes.com.ar\/principal\/2014\/08\/14\/wado-de-pedro-presento-proyecto-para-que-no-se-privaticen-las-fabricas-militares\/","title":{"rendered":"Wado De Pedro present\u00f3 proyecto para que no se privaticen las f\u00e1bricas militares"},"content":{"rendered":"<p style=\"color: #222222;\"><a href=\"https:\/\/www.hoymercedes.com.ar\/principal\/wp-content\/uploads\/2014\/08\/WadoDePEdro.jpg\"><img loading=\"lazy\" decoding=\"async\" data-attachment-id=\"35179\" data-permalink=\"https:\/\/www.hoymercedes.com.ar\/principal\/2014\/08\/14\/wado-de-pedro-presento-proyecto-para-que-no-se-privaticen-las-fabricas-militares\/wadodepedro-9\/#main\" data-orig-file=\"https:\/\/www.hoymercedes.com.ar\/principal\/wp-content\/uploads\/2014\/08\/WadoDePEdro.jpg\" data-orig-size=\"620,413\" data-comments-opened=\"1\" data-image-meta=\"{&quot;aperture&quot;:&quot;0&quot;,&quot;credit&quot;:&quot;&quot;,&quot;camera&quot;:&quot;&quot;,&quot;caption&quot;:&quot;&quot;,&quot;created_timestamp&quot;:&quot;0&quot;,&quot;copyright&quot;:&quot;&quot;,&quot;focal_length&quot;:&quot;0&quot;,&quot;iso&quot;:&quot;0&quot;,&quot;shutter_speed&quot;:&quot;0&quot;,&quot;title&quot;:&quot;&quot;}\" data-image-title=\"WadoDePEdro\" data-image-description=\"\" data-image-caption=\"\" data-large-file=\"https:\/\/www.hoymercedes.com.ar\/principal\/wp-content\/uploads\/2014\/08\/WadoDePEdro.jpg\" class=\"Img2014 aligncenter wp-image-35179 size-full\" src=\"https:\/\/www.hoymercedes.com.ar\/principal\/wp-content\/uploads\/2014\/08\/WadoDePEdro.jpg\" alt=\"WadoDePEdro\" width=\"620\" height=\"413\" \/><\/a><\/p>\n<p style=\"color: #222222;\">\n<p style=\"color: #222222;\"><em><strong>El diputado nacional Eduardo \u00abWado\u00bb de Pedro (FPV) present\u00f3 hoy un proyecto de Ley para impedir que se privaticen las unidades productivas y f\u00e1bricas militares dependientes de la Direcci\u00f3n General de Fabricaciones Militares del Ministerio de Defensa de la Naci\u00f3n<\/strong><\/em><\/p>\n<p style=\"color: #222222;\"><span lang=\"ES\">La iniciativa, ingresada por la Comisi\u00f3n de Defensa Nacional de la C\u00e1mara baja, busca dejar sin efecto la declaraci\u00f3n de \u00absujetas a privatizaci\u00f3n\u00bb, explicitada por el Anexo I del Decreto 1.398 del 23 de julio de 1990 y aprobado posteriormente por la Ley 24.045, respecto de la F\u00e1brica Militar de P\u00f3lvoras y Explosivos de Azul, la F\u00e1brica Militar Fray Luis Beltr\u00e1n, la F\u00e1brica Militar R\u00edo Tercero, y la F\u00e1brica Militar de P\u00f3lvoras y Explosivos Villa Mar\u00eda<\/span><\/p>\n<p style=\"color: #222222;\"><span lang=\"ES\">El proyecto propone que las mencionadas f\u00e1bricas militares permanezcan bajo la \u00f3rbita del Estado Nacional sin posibilidad de que sean privatizadas, a fin de continuar con su reorganizaci\u00f3n productiva, administrativa, contable y financiera, con el objetivo de que operen con un nivel de dinamismo y eficiencia comparables con el de las grandes empresas del sector privado<\/span><\/p>\n<p style=\"color: #222222;\"><span lang=\"ES\">Al respecto, De Pedro sostuvo que \u00abeste proyecto se enmarca en una pol\u00edtica m\u00e1s general de nuestro gobierno que se ha abocado a recuperar para el Estado Nacional la producci\u00f3n para la defensa con un fuerte plan de inversiones en el complejo de f\u00e1bricas militares\u00bb<\/span><\/p>\n<p style=\"color: #222222;\"><span lang=\"ES\">\u00abInspirados en el General Savio, padre de la industria para la Defensa, buscamos darle un lugar central a este sector en el proceso de reindustrializaci\u00f3n que venimos llevando a cabo desde el 2003 a la fecha\u00bb, agreg\u00f3 el legislador mercedino.<\/span><\/p>\n","protected":false},"excerpt":{"rendered":"<p>El diputado nacional Eduardo \u00abWado\u00bb de Pedro (FPV) present\u00f3 hoy un proyecto de Ley para impedir que se privaticen las &#8230; <a title=\"Wado De Pedro present\u00f3 proyecto para que no se privaticen las f\u00e1bricas militares\" class=\"read-more\" href=\"https:\/\/www.hoymercedes.com.ar\/principal\/2014\/08\/14\/wado-de-pedro-presento-proyecto-para-que-no-se-privaticen-las-fabricas-militares\/\" aria-label=\"Leer m\u00e1s sobre Wado De Pedro present\u00f3 proyecto para que no se privaticen las f\u00e1bricas militares\">Leer m\u00e1s<\/a><\/p>\n","protected":false},"author":1,"featured_media":0,"comment_status":"open","ping_status":"open","sticky":false,"template":"","format":"standard","meta":{"_monsterinsights_skip_tracking":false,"_monsterinsights_sitenote_active":false,"_monsterinsights_sitenote_note":"","_monsterinsights_sitenote_category":0,"jetpack_post_was_ever_published":false,"_jetpack_newsletter_access":"","_jetpack_dont_email_post_to_subs":false,"_jetpack_newsletter_tier_id":0,"_jetpack_memberships_contains_paywalled_content":false,"_jetpack_memberships_contains_paid_content":false,"footnotes":"","jetpack_publicize_message":"","jetpack_publicize_feature_enabled":true,"jetpack_social_post_already_shared":false,"jetpack_social_options":{"image_generator_settings":{"template":"highway","default_image_id":0,"font":"","enabled":false},"version":2},"_wpas_customize_per_network":false},"categories":[5],"tags":[1007,3764,5814,281],"class_list":["post-35176","post","type-post","status-publish","format-standard","hentry","category-politica","tag-frente-mercedino","tag-frente-para-la-victoria-mercedes","tag-proyecto-de-ley-wado","tag-wado-de-pedro","generate-columns","tablet-grid-50","mobile-grid-100","grid-parent","grid-50"],"jetpack_publicize_connections":[],"jetpack_featured_media_url":"","wps_subtitle":"En C\u00e1mara de Diputados ","jetpack_sharing_enabled":true,"_links":{"self":[{"href":"https:\/\/www.hoymercedes.com.ar\/principal\/wp-json\/wp\/v2\/posts\/35176","targetHints":{"allow":["GET"]}}],"collection":[{"href":"https:\/\/www.hoymercedes.com.ar\/principal\/wp-json\/wp\/v2\/posts"}],"about":[{"href":"https:\/\/www.hoymercedes.com.ar\/principal\/wp-json\/wp\/v2\/types\/post"}],"author":[{"embeddable":true,"href":"https:\/\/www.hoymercedes.com.ar\/principal\/wp-json\/wp\/v2\/users\/1"}],"replies":[{"embeddable":true,"href":"https:\/\/www.hoymercedes.com.ar\/principal\/wp-json\/wp\/v2\/comments?post=35176"}],"version-history":[{"count":0,"href":"https:\/\/www.hoymercedes.com.ar\/principal\/wp-json\/wp\/v2\/posts\/35176\/revisions"}],"wp:attachment":[{"href":"https:\/\/www.hoymercedes.com.ar\/principal\/wp-json\/wp\/v2\/media?parent=35176"}],"wp:term":[{"taxonomy":"category","embeddable":true,"href":"https:\/\/www.hoymercedes.com.ar\/principal\/wp-json\/wp\/v2\/categories?post=35176"},{"taxonomy":"post_tag","embeddable":true,"href":"https:\/\/www.hoymercedes.com.ar\/principal\/wp-json\/wp\/v2\/tags?post=35176"}],"curies":[{"name":"wp","href":"https:\/\/api.w.org\/{rel}","templated":true}]}}