{"id":35183,"date":"2014-08-14T23:02:50","date_gmt":"2014-08-15T02:02:50","guid":{"rendered":"http:\/\/www.hoymercedes.com.ar\/principal\/?p=35183"},"modified":"2014-08-18T14:37:48","modified_gmt":"2014-08-18T17:37:48","slug":"ustarroz-y-dematei-con-abuelos-mercedinos-su-experiencia-es-un-faro-para-construir-una-ciudad-mejor","status":"publish","type":"post","link":"https:\/\/www.hoymercedes.com.ar\/principal\/2014\/08\/14\/ustarroz-y-dematei-con-abuelos-mercedinos-su-experiencia-es-un-faro-para-construir-una-ciudad-mejor\/","title":{"rendered":"Ustarroz y Dematei con abuelos mercedinos: \u00abSu experiencia es un faro para construir una ciudad mejor\u00bb"},"content":{"rendered":"<p>&nbsp;<\/p>\n<p><a href=\"https:\/\/www.hoymercedes.com.ar\/principal\/wp-content\/uploads\/2014\/08\/Demetei-Ustarroz.jpg\"><img loading=\"lazy\" decoding=\"async\" data-attachment-id=\"35185\" data-permalink=\"https:\/\/www.hoymercedes.com.ar\/principal\/2014\/08\/14\/ustarroz-y-dematei-con-abuelos-mercedinos-su-experiencia-es-un-faro-para-construir-una-ciudad-mejor\/demetei-ustarroz\/#main\" data-orig-file=\"https:\/\/www.hoymercedes.com.ar\/principal\/wp-content\/uploads\/2014\/08\/Demetei-Ustarroz.jpg\" data-orig-size=\"620,411\" data-comments-opened=\"1\" data-image-meta=\"{&quot;aperture&quot;:&quot;0&quot;,&quot;credit&quot;:&quot;Moreira Mario Hugo&quot;,&quot;camera&quot;:&quot;&quot;,&quot;caption&quot;:&quot;&quot;,&quot;created_timestamp&quot;:&quot;0&quot;,&quot;copyright&quot;:&quot;Moreira Mario Hugo&quot;,&quot;focal_length&quot;:&quot;0&quot;,&quot;iso&quot;:&quot;0&quot;,&quot;shutter_speed&quot;:&quot;0&quot;,&quot;title&quot;:&quot;&quot;}\" data-image-title=\"Demetei-Ustarroz\" data-image-description=\"\" data-image-caption=\"\" data-large-file=\"https:\/\/www.hoymercedes.com.ar\/principal\/wp-content\/uploads\/2014\/08\/Demetei-Ustarroz.jpg\" class=\"Img2014 aligncenter wp-image-35185 size-full\" src=\"https:\/\/www.hoymercedes.com.ar\/principal\/wp-content\/uploads\/2014\/08\/Demetei-Ustarroz.jpg\" alt=\"Demetei-Ustarroz\" width=\"620\" height=\"411\" \/><\/a>matias<\/p>\n<p><em><strong>Los concejales del Frente Mercedino para la Victoria Juan Ignacio Ustarroz y Mat\u00edas Dematei recibieron a unos 50 abuelos de la ciudad, con el objetivo de empezar a \u00a0\u201ctener un di\u00e1logo permanente e intercambiar ideas\u201d y con la certeza de que \u201csu experiencia \u2013tal como les dijeron-, es un faro para la construcci\u00f3n de una ciudad cada d\u00eda mejor\u201d.<\/strong><\/em><\/p>\n<p>El encuentro, entre mates y alfajores de maicena, entre recuerdos y risas, se produjo este mi\u00e9rcoles por la tarde en la Unidad B\u00e1sica que el Frente Mercedino tiene en la avenida 29 entre 38 y 40. Fue el paso inicial de la creaci\u00f3n de una \u201ccomisi\u00f3n de tercera edad\u201d dentro de la estructura que conduce \u2018Juani\u2019 Ustarroz.<\/p>\n<p>\u201cLos queremos escuchar, queremos que nos gu\u00eden, que podamos nutrirnos de la visi\u00f3n que tienen ustedes de Mercedes, basada fundamentalmente en su experiencia \u2013les pidi\u00f3 el presidente del bloque de concejales del FMpV-. Que sean un faro. Transformar sus ideas en proyectos concretos, inclusive para presentar en el Concejo. La construcci\u00f3n de una ciudad mejor es tarea de todos, y no hablo de construir desde la cr\u00edtica hacia otros, sino desde la generaci\u00f3n de ideas, de propuestas, de debates. De mejorar\u201d.<\/p>\n<p>\u201cTenemos una juventud maravillosa. Los alumnos del Industrial, por darles un ejemplo \u2013les cont\u00f3 Juani-, est\u00e1n haciendo juegos para chicos especiales y hacer una plaza integrada en el predio de la Trocha. Y los tenemos a ustedes, que tambi\u00e9n nos dan un modelo maravilloso a trav\u00e9s de lo que hacen en los centros de jubilados, en los clubes, en las sociedades de fomento, en sus barrios. Hay que reunir todo en un mismo equipo: las voluntades, las ganas, los deseos, el trabajo, la experiencia, los sue\u00f1os\u201d.<\/p>\n<p>A su turno, Mat\u00edas Dematei \u2013tambi\u00e9n director de la sede local del PAMI-, les record\u00f3: \u201cEst\u00e1n en una etapa de la vida para disfrutar, para descansar, para cumplir sus sue\u00f1os. Y nuestra obligaci\u00f3n es ayudarlos justamente en ese camino\u201d.<\/p>\n<p>Los abuelos, que expresaron su agradecimiento \u201cpor esta posibilidad que nos dan de participar, de aportar lo que tenemos\u201d, enumeraron en el encuentro una serie de ideas para empezar a desarrollar. Viajes, organizaci\u00f3n de fiestas, mejoramiento de las calles, recolecci\u00f3n de residuos, creaci\u00f3n de espacios recreativos para la tercera edad.<\/p>\n<p>\u201cPara el pr\u00f3ximo encuentro, dentro de 15 d\u00edas \u2013se despidieron los abuelos-, vamos a traer por escrito las ideas que ya tenemos y todas las que se nos puedan ir ocurriendo para poner sobre la mesa y trabajarlas juntos\u201d. La comisi\u00f3n ya est\u00e1 en marcha\u2026<\/p>\n<p>&nbsp;<\/p>\n<p>&nbsp;<\/p>\n<p>&nbsp;<\/p>\n<p>&nbsp;<\/p>\n","protected":false},"excerpt":{"rendered":"<p>&nbsp; matias Los concejales del Frente Mercedino para la Victoria Juan Ignacio Ustarroz y Mat\u00edas Dematei recibieron a unos 50 &#8230; <a title=\"Ustarroz y Dematei con abuelos mercedinos: \u00abSu experiencia es un faro para construir una ciudad mejor\u00bb\" class=\"read-more\" href=\"https:\/\/www.hoymercedes.com.ar\/principal\/2014\/08\/14\/ustarroz-y-dematei-con-abuelos-mercedinos-su-experiencia-es-un-faro-para-construir-una-ciudad-mejor\/\" aria-label=\"Leer m\u00e1s sobre Ustarroz y Dematei con abuelos mercedinos: \u00abSu experiencia es un faro para construir una ciudad mejor\u00bb\">Leer m\u00e1s<\/a><\/p>\n","protected":false},"author":1,"featured_media":0,"comment_status":"open","ping_status":"open","sticky":false,"template":"","format":"standard","meta":{"_monsterinsights_skip_tracking":false,"_monsterinsights_sitenote_active":false,"_monsterinsights_sitenote_note":"","_monsterinsights_sitenote_category":0,"jetpack_post_was_ever_published":false,"_jetpack_newsletter_access":"","_jetpack_dont_email_post_to_subs":false,"_jetpack_newsletter_tier_id":0,"_jetpack_memberships_contains_paywalled_content":false,"_jetpack_memberships_contains_paid_content":false,"footnotes":"","jetpack_publicize_message":"","jetpack_publicize_feature_enabled":true,"jetpack_social_post_already_shared":false,"jetpack_social_options":{"image_generator_settings":{"template":"highway","default_image_id":0,"font":"","enabled":false},"version":2},"_wpas_customize_per_network":false},"categories":[5],"tags":[585,3810],"class_list":["post-35183","post","type-post","status-publish","format-standard","hentry","category-politica","tag-juan-ustarroz","tag-matias-dematei","generate-columns","tablet-grid-50","mobile-grid-100","grid-parent","grid-50"],"jetpack_publicize_connections":[],"jetpack_featured_media_url":"","wps_subtitle":"Encuentro con casi 50 abuelos","jetpack_sharing_enabled":true,"_links":{"self":[{"href":"https:\/\/www.hoymercedes.com.ar\/principal\/wp-json\/wp\/v2\/posts\/35183","targetHints":{"allow":["GET"]}}],"collection":[{"href":"https:\/\/www.hoymercedes.com.ar\/principal\/wp-json\/wp\/v2\/posts"}],"about":[{"href":"https:\/\/www.hoymercedes.com.ar\/principal\/wp-json\/wp\/v2\/types\/post"}],"author":[{"embeddable":true,"href":"https:\/\/www.hoymercedes.com.ar\/principal\/wp-json\/wp\/v2\/users\/1"}],"replies":[{"embeddable":true,"href":"https:\/\/www.hoymercedes.com.ar\/principal\/wp-json\/wp\/v2\/comments?post=35183"}],"version-history":[{"count":0,"href":"https:\/\/www.hoymercedes.com.ar\/principal\/wp-json\/wp\/v2\/posts\/35183\/revisions"}],"wp:attachment":[{"href":"https:\/\/www.hoymercedes.com.ar\/principal\/wp-json\/wp\/v2\/media?parent=35183"}],"wp:term":[{"taxonomy":"category","embeddable":true,"href":"https:\/\/www.hoymercedes.com.ar\/principal\/wp-json\/wp\/v2\/categories?post=35183"},{"taxonomy":"post_tag","embeddable":true,"href":"https:\/\/www.hoymercedes.com.ar\/principal\/wp-json\/wp\/v2\/tags?post=35183"}],"curies":[{"name":"wp","href":"https:\/\/api.w.org\/{rel}","templated":true}]}}