{"id":3520,"date":"2011-04-15T15:46:34","date_gmt":"2011-04-15T15:46:34","guid":{"rendered":"http:\/\/www.hoymercedes.com.ar\/principal\/?p=3520"},"modified":"2011-04-15T15:46:34","modified_gmt":"2011-04-15T15:46:34","slug":"sub-secretaria-de-medio-ambiente-de-la-nacion-junto-al-fmpv","status":"publish","type":"post","link":"https:\/\/www.hoymercedes.com.ar\/principal\/2011\/04\/15\/sub-secretaria-de-medio-ambiente-de-la-nacion-junto-al-fmpv\/","title":{"rendered":"Sub secretaria de Medio Ambiente de la Naci\u00f3n junto al FMpV"},"content":{"rendered":"<figure id=\"attachment_3522\" aria-describedby=\"caption-attachment-3522\" style=\"width: 290px\" class=\"wp-caption alignleft\"><a href=\"https:\/\/www.hoymercedes.com.ar\/principal\/wp-content\/uploads\/2011\/04\/ustarroz-revora.jpg\"><img loading=\"lazy\" decoding=\"async\" data-attachment-id=\"3522\" data-permalink=\"https:\/\/www.hoymercedes.com.ar\/principal\/2011\/04\/15\/sub-secretaria-de-medio-ambiente-de-la-nacion-junto-al-fmpv\/ustarroz-revora\/#main\" data-orig-file=\"https:\/\/www.hoymercedes.com.ar\/principal\/wp-content\/uploads\/2011\/04\/ustarroz-revora.jpg\" data-orig-size=\"300,225\" data-comments-opened=\"1\" data-image-meta=\"{&quot;aperture&quot;:&quot;5.2&quot;,&quot;credit&quot;:&quot;&quot;,&quot;camera&quot;:&quot;COOLPIX L10&quot;,&quot;caption&quot;:&quot;&quot;,&quot;created_timestamp&quot;:&quot;1302619887&quot;,&quot;copyright&quot;:&quot;Copyright 2006&quot;,&quot;focal_length&quot;:&quot;18.6&quot;,&quot;iso&quot;:&quot;800&quot;,&quot;shutter_speed&quot;:&quot;0.016666666666667&quot;,&quot;title&quot;:&quot;&quot;}\" data-image-title=\"ustarroz-revora\" data-image-description=\"\" data-image-caption=\"\" data-large-file=\"https:\/\/www.hoymercedes.com.ar\/principal\/wp-content\/uploads\/2011\/04\/ustarroz-revora.jpg\" class=\"size-full wp-image-3522\" title=\"ustarroz-revora\" src=\"https:\/\/www.hoymercedes.com.ar\/principal\/wp-content\/uploads\/2011\/04\/ustarroz-revora.jpg\" alt=\"\" width=\"300\" height=\"225\" \/><\/a><figcaption id=\"caption-attachment-3522\" class=\"wp-caption-text\">Sub. Secretaria Medio Ambiente Nacional<\/figcaption><\/figure>\n<p>Convocada por el Frente Mercedino para la Victoria se concreto un encuentro destinado a los j\u00f3venes con la participaci\u00f3n de la Subsecretaria de Medio Ambiente y Desarrollo Sustentable de la Presidencia de la Naci\u00f3n Dra. Silvia R\u00e9vora qui\u00e9n present\u00f3 en nuestra ciudad el Programa \u201cJ\u00f3venes por un Ambiente Sustentable\u201d<\/p>\n<p>En declaraciones efectuadas a los medios de prensa, la funcionaria nacional se refiri\u00f3 en primer t\u00e9rmino a los trabajos que se han encarado para sanear el Riachuelo manifestando \u201cse esta trabajando de manera muy fuerte siendo conscientes que el saneamiento del Riachuelo va a llevar muchos a\u00f1os porque evidentemente las industrias que generan diferentes impactos en el mismo est\u00e1n en su gran mayor\u00eda volcando sus efluentes sin el tratamiento correcto a la cuenca y por otro lado debemos hacer una gran obra con un pr\u00e9stamo del Banco Mundial de 840 millones de d\u00f3lares para hacer cloacas en toda la cuenca\u201d.<\/p>\n<p>Consultada posteriormente acerca del saneamiento de nuestro R\u00edo Luj\u00e1n, la funcionaria aport\u00f3 datos que explican porque desde el gobierno nacional no se puede hacer nada para remediar el mismo manifestando \u201cel R\u00edo Lujan es una cuenca que pertenece a la provincia de Buenos Aires y nosotros como un ente de naci\u00f3n solo podemos intervenir cuando abarca dos o m\u00e1s ,\u00e1mbitos diferentes, por ejemplo naci\u00f3n y provincia o bien provincia con provincia pero no podemos hacerlo en una cuenca cerrada como es la del Lujan donde la competencia exclusiva la tiene la Provincia de Buenos Aires.<\/p>\n<p>Tampoco podr\u00edamos actuar firmando un convenio especial entre Naci\u00f3n y Provincia ya que normalmente las provincias nunca delegan su competencia porque es delegar lo que la Constituci\u00f3n les leg\u00f3 a ellos, lo que si hacemos como Naci\u00f3n es asistir t\u00e9cnicamente a las provincias pero nunca decirles que y como deben hacer\u201d<\/p>\n<p>Luego la Dra. Silvia R\u00e9vora manifest\u00f3 \u201clo que pretendemos desde la Secretar\u00eda de Ambiente y Desarrollo Sustentable con programas como el que voy a explicar en Mercedes para los j\u00f3venes es crear una verdadera conciencia en el tratamiento de un tema tan importante como es el Medio Ambiente en el pueblo porque los problemas ambientales no  los resuelve solo el Estado sino que se hace de manera conjunta y mancomunada con una ciudadan\u00eda concientizada\u201d.<\/p>\n<p>&nbsp;<\/p>\n","protected":false},"excerpt":{"rendered":"<p>Convocada por el Frente Mercedino para la Victoria se concreto un encuentro destinado a los j\u00f3venes con la participaci\u00f3n de &#8230; <a title=\"Sub secretaria de Medio Ambiente de la Naci\u00f3n junto al FMpV\" class=\"read-more\" href=\"https:\/\/www.hoymercedes.com.ar\/principal\/2011\/04\/15\/sub-secretaria-de-medio-ambiente-de-la-nacion-junto-al-fmpv\/\" aria-label=\"Leer m\u00e1s sobre Sub secretaria de Medio Ambiente de la Naci\u00f3n junto al FMpV\">Leer m\u00e1s<\/a><\/p>\n","protected":false},"author":1,"featured_media":0,"comment_status":"open","ping_status":"open","sticky":false,"template":"","format":"standard","meta":{"_monsterinsights_skip_tracking":false,"_monsterinsights_sitenote_active":false,"_monsterinsights_sitenote_note":"","_monsterinsights_sitenote_category":0,"jetpack_post_was_ever_published":false,"_jetpack_newsletter_access":"","_jetpack_dont_email_post_to_subs":false,"_jetpack_newsletter_tier_id":0,"_jetpack_memberships_contains_paywalled_content":false,"_jetpack_memberships_contains_paid_content":false,"footnotes":"","jetpack_publicize_message":"","jetpack_publicize_feature_enabled":true,"jetpack_social_post_already_shared":false,"jetpack_social_options":{"image_generator_settings":{"template":"highway","default_image_id":0,"font":"","enabled":false},"version":2},"_wpas_customize_per_network":false},"categories":[5],"tags":[379,43,680,424],"class_list":["post-3520","post","type-post","status-publish","format-standard","hentry","category-politica","tag-frente-mercedino-para-la-victoria","tag-medio-ambiente","tag-revora","tag-ustarroz","generate-columns","tablet-grid-50","mobile-grid-100","grid-parent","grid-50"],"jetpack_publicize_connections":[],"jetpack_featured_media_url":"","wps_subtitle":"","jetpack_sharing_enabled":true,"_links":{"self":[{"href":"https:\/\/www.hoymercedes.com.ar\/principal\/wp-json\/wp\/v2\/posts\/3520","targetHints":{"allow":["GET"]}}],"collection":[{"href":"https:\/\/www.hoymercedes.com.ar\/principal\/wp-json\/wp\/v2\/posts"}],"about":[{"href":"https:\/\/www.hoymercedes.com.ar\/principal\/wp-json\/wp\/v2\/types\/post"}],"author":[{"embeddable":true,"href":"https:\/\/www.hoymercedes.com.ar\/principal\/wp-json\/wp\/v2\/users\/1"}],"replies":[{"embeddable":true,"href":"https:\/\/www.hoymercedes.com.ar\/principal\/wp-json\/wp\/v2\/comments?post=3520"}],"version-history":[{"count":0,"href":"https:\/\/www.hoymercedes.com.ar\/principal\/wp-json\/wp\/v2\/posts\/3520\/revisions"}],"wp:attachment":[{"href":"https:\/\/www.hoymercedes.com.ar\/principal\/wp-json\/wp\/v2\/media?parent=3520"}],"wp:term":[{"taxonomy":"category","embeddable":true,"href":"https:\/\/www.hoymercedes.com.ar\/principal\/wp-json\/wp\/v2\/categories?post=3520"},{"taxonomy":"post_tag","embeddable":true,"href":"https:\/\/www.hoymercedes.com.ar\/principal\/wp-json\/wp\/v2\/tags?post=3520"}],"curies":[{"name":"wp","href":"https:\/\/api.w.org\/{rel}","templated":true}]}}