{"id":35236,"date":"2014-08-16T01:28:54","date_gmt":"2014-08-16T04:28:54","guid":{"rendered":"http:\/\/www.hoymercedes.com.ar\/principal\/?p=35236"},"modified":"2014-08-16T01:30:30","modified_gmt":"2014-08-16T04:30:30","slug":"yacare-sequeire-demolio-a-soria-en-segundo-round-y-tiene-titulo","status":"publish","type":"post","link":"https:\/\/www.hoymercedes.com.ar\/principal\/2014\/08\/16\/yacare-sequeire-demolio-a-soria-en-segundo-round-y-tiene-titulo\/","title":{"rendered":"Yacar\u00e9 Sequeira demoli\u00f3 a Soria en segundo round y tiene t\u00edtulo"},"content":{"rendered":"<p><img loading=\"lazy\" decoding=\"async\" data-attachment-id=\"35238\" data-permalink=\"https:\/\/www.hoymercedes.com.ar\/principal\/2014\/08\/16\/yacare-sequeire-demolio-a-soria-en-segundo-round-y-tiene-titulo\/yacarakosoria\/#main\" data-orig-file=\"https:\/\/www.hoymercedes.com.ar\/principal\/wp-content\/uploads\/2014\/08\/YacaraKOSoria.jpg\" data-orig-size=\"620,409\" data-comments-opened=\"1\" data-image-meta=\"{&quot;aperture&quot;:&quot;0&quot;,&quot;credit&quot;:&quot;&quot;,&quot;camera&quot;:&quot;&quot;,&quot;caption&quot;:&quot;&quot;,&quot;created_timestamp&quot;:&quot;0&quot;,&quot;copyright&quot;:&quot;&quot;,&quot;focal_length&quot;:&quot;0&quot;,&quot;iso&quot;:&quot;0&quot;,&quot;shutter_speed&quot;:&quot;0&quot;,&quot;title&quot;:&quot;&quot;}\" data-image-title=\"YacaraKOSoria\" data-image-description=\"\" data-image-caption=\"\" data-large-file=\"https:\/\/www.hoymercedes.com.ar\/principal\/wp-content\/uploads\/2014\/08\/YacaraKOSoria.jpg\" class=\"Img2014 aligncenter wp-image-35238 size-full\" src=\"https:\/\/www.hoymercedes.com.ar\/principal\/wp-content\/uploads\/2014\/08\/YacaraKOSoria.jpg\" alt=\"YacaraKOSoria\" width=\"620\" height=\"409\" \/><\/p>\n<p><em><strong>El mercedino Walter \u201cYacar\u00e9\u201d Sequeira logr\u00f3 el t\u00edtulo intermedio latino de boxeo durante la noche de \u00e9ste viernes en un combate que logr\u00f3 r\u00e1pidamente liquidar contra Gast\u00f3n \u201cPanterita\u201d Soria. El segundo round fue fatal para el pampeano que recibi\u00f3 dos golpes certeros de Yacar\u00e9 que lo llevaron a tocar el suelo, luego el conteo y el final a todo grito y emoci\u00f3n para los mercedinos presentes que colmaron el predio del CEF 40.<\/strong><\/em><\/p>\n<p>Yacar\u00e9 empez\u00f3 cuid\u00e1ndose, pero muy decidido. Soria ten\u00eda, tal como narraba la televisi\u00f3n, mucha m\u00e1s t\u00e9cnica, sin embargo, los especialistas destacaban c\u00f3mo el mercedino iba con potencia cada vez que atacaba, hecho que lo pon\u00eda en excelente posici\u00f3n.<\/p>\n<div class=\"pullquote\">AMPLIAREMOS CON FOTOS Y VIDEOS<\/div>\n<p>El primer round daba la idea de que quedaba en las tarjetas para Yacar\u00e9. En el segundo, muy r\u00e1pidamente, lleg\u00f3 el nocaut. Walter \u201cYacar\u00e9\u201d Sequeira le dio un par de golpes que fueron letales para \u201cPanterita\u201d Soria que cay\u00f3 contra las cuerdas y tras el conteo no pudo ponerse en pie. A partir de all\u00ed todo fue alegr\u00eda y celebraci\u00f3n para el mercedino que fue alzado por Luciano Castro, el famoso actor que estuvo en el rinc\u00f3n asistiendo el p\u00fagil.<a href=\"https:\/\/www.hoymercedes.com.ar\/principal\/wp-content\/uploads\/2014\/08\/Soria-YacareSequira.jpg\"><img loading=\"lazy\" decoding=\"async\" data-attachment-id=\"35237\" data-permalink=\"https:\/\/www.hoymercedes.com.ar\/principal\/2014\/08\/16\/yacare-sequeire-demolio-a-soria-en-segundo-round-y-tiene-titulo\/soria-yacaresequira\/#main\" data-orig-file=\"https:\/\/www.hoymercedes.com.ar\/principal\/wp-content\/uploads\/2014\/08\/Soria-YacareSequira.jpg\" data-orig-size=\"620,411\" data-comments-opened=\"1\" data-image-meta=\"{&quot;aperture&quot;:&quot;0&quot;,&quot;credit&quot;:&quot;&quot;,&quot;camera&quot;:&quot;&quot;,&quot;caption&quot;:&quot;&quot;,&quot;created_timestamp&quot;:&quot;0&quot;,&quot;copyright&quot;:&quot;&quot;,&quot;focal_length&quot;:&quot;0&quot;,&quot;iso&quot;:&quot;0&quot;,&quot;shutter_speed&quot;:&quot;0&quot;,&quot;title&quot;:&quot;&quot;}\" data-image-title=\"Soria-YacareSequira\" data-image-description=\"\" data-image-caption=\"\" data-large-file=\"https:\/\/www.hoymercedes.com.ar\/principal\/wp-content\/uploads\/2014\/08\/Soria-YacareSequira.jpg\" class=\"Img2014 aligncenter wp-image-35237 size-full\" src=\"https:\/\/www.hoymercedes.com.ar\/principal\/wp-content\/uploads\/2014\/08\/Soria-YacareSequira.jpg\" alt=\"Soria-YacareSequira\" width=\"620\" height=\"411\" \/><\/a><\/p>\n<p>Adem\u00e1s de Castro se pudo ver a Joaqu\u00edn Furriel y Oscar Ruggeri, entre otros famosos que no se perdieron los combates que ten\u00edan como pelea central la disputada por Sequeira contra Soria.<\/p>\n<p><strong>Tensi\u00f3n<\/strong><\/p>\n<p>Antes de la pelea se cay\u00f3 una tribuna de madera montada para la ocasi\u00f3n. Las c\u00e1maras lograron filmar todo y llevar tranquilidad pues si bien se vieron nervios y llantos no pas\u00f3 a mayores.<\/p>\n<p><strong>Datos<\/strong><\/p>\n<p>Sequeira present\u00f3 un peso de 78,350 kg. -172.7 lbs. Mientes que Soria registr\u00f3 79,250 kg. -174.7 lbs.-<\/p>\n<p>Sequeira arribaba con 9 victorias y 1 derrota, 6 por KO mientes que Soria tra\u00eda 7 victoria y una derrota mientras que 5 eran por KO.<\/p>\n","protected":false},"excerpt":{"rendered":"<p>El mercedino Walter \u201cYacar\u00e9\u201d Sequeira logr\u00f3 el t\u00edtulo intermedio latino de boxeo durante la noche de \u00e9ste viernes en un &#8230; <a title=\"Yacar\u00e9 Sequeira demoli\u00f3 a Soria en segundo round y tiene t\u00edtulo\" class=\"read-more\" href=\"https:\/\/www.hoymercedes.com.ar\/principal\/2014\/08\/16\/yacare-sequeire-demolio-a-soria-en-segundo-round-y-tiene-titulo\/\" aria-label=\"Leer m\u00e1s sobre Yacar\u00e9 Sequeira demoli\u00f3 a Soria en segundo round y tiene t\u00edtulo\">Leer m\u00e1s<\/a><\/p>\n","protected":false},"author":1,"featured_media":0,"comment_status":"open","ping_status":"open","sticky":false,"template":"","format":"standard","meta":{"_monsterinsights_skip_tracking":false,"_monsterinsights_sitenote_active":false,"_monsterinsights_sitenote_note":"","_monsterinsights_sitenote_category":0,"jetpack_post_was_ever_published":false,"_jetpack_newsletter_access":"","_jetpack_dont_email_post_to_subs":false,"_jetpack_newsletter_tier_id":0,"_jetpack_memberships_contains_paywalled_content":false,"_jetpack_memberships_contains_paid_content":false,"footnotes":"","jetpack_publicize_message":"","jetpack_publicize_feature_enabled":true,"jetpack_social_post_already_shared":false,"jetpack_social_options":{"image_generator_settings":{"template":"highway","default_image_id":0,"font":"","enabled":false},"version":2},"_wpas_customize_per_network":false},"categories":[8],"tags":[5835,3806],"class_list":["post-35236","post","type-post","status-publish","format-standard","hentry","category-sociedad","tag-titulo-latino-boxeo","tag-walter-yacare-sequeira","generate-columns","tablet-grid-50","mobile-grid-100","grid-parent","grid-50"],"jetpack_publicize_connections":[],"jetpack_featured_media_url":"","wps_subtitle":"T\u00edtulo Interino Latino","jetpack_sharing_enabled":true,"_links":{"self":[{"href":"https:\/\/www.hoymercedes.com.ar\/principal\/wp-json\/wp\/v2\/posts\/35236","targetHints":{"allow":["GET"]}}],"collection":[{"href":"https:\/\/www.hoymercedes.com.ar\/principal\/wp-json\/wp\/v2\/posts"}],"about":[{"href":"https:\/\/www.hoymercedes.com.ar\/principal\/wp-json\/wp\/v2\/types\/post"}],"author":[{"embeddable":true,"href":"https:\/\/www.hoymercedes.com.ar\/principal\/wp-json\/wp\/v2\/users\/1"}],"replies":[{"embeddable":true,"href":"https:\/\/www.hoymercedes.com.ar\/principal\/wp-json\/wp\/v2\/comments?post=35236"}],"version-history":[{"count":0,"href":"https:\/\/www.hoymercedes.com.ar\/principal\/wp-json\/wp\/v2\/posts\/35236\/revisions"}],"wp:attachment":[{"href":"https:\/\/www.hoymercedes.com.ar\/principal\/wp-json\/wp\/v2\/media?parent=35236"}],"wp:term":[{"taxonomy":"category","embeddable":true,"href":"https:\/\/www.hoymercedes.com.ar\/principal\/wp-json\/wp\/v2\/categories?post=35236"},{"taxonomy":"post_tag","embeddable":true,"href":"https:\/\/www.hoymercedes.com.ar\/principal\/wp-json\/wp\/v2\/tags?post=35236"}],"curies":[{"name":"wp","href":"https:\/\/api.w.org\/{rel}","templated":true}]}}