{"id":3525,"date":"2011-04-15T20:01:57","date_gmt":"2011-04-15T20:01:57","guid":{"rendered":"http:\/\/www.hoymercedes.com.ar\/principal\/?p=3525"},"modified":"2011-04-15T20:01:57","modified_gmt":"2011-04-15T20:01:57","slug":"pescado-para-todos-nuevamente-en-mercedes","status":"publish","type":"post","link":"https:\/\/www.hoymercedes.com.ar\/principal\/2011\/04\/15\/pescado-para-todos-nuevamente-en-mercedes\/","title":{"rendered":"Pescado para Todos nuevamente en Mercedes"},"content":{"rendered":"<figure id=\"attachment_103\" aria-describedby=\"caption-attachment-103\" style=\"width: 290px\" class=\"wp-caption alignleft\"><a href=\"https:\/\/www.hoymercedes.com.ar\/principal\/wp-content\/uploads\/2010\/11\/pescadoparatodos.jpg\"><img loading=\"lazy\" decoding=\"async\" data-attachment-id=\"103\" data-permalink=\"https:\/\/www.hoymercedes.com.ar\/principal\/2010\/11\/08\/nuevamente-el-camion-del-programa-pescados-para-todos-estara-en-nuestra-ciudad\/pescadoparatodos\/#main\" data-orig-file=\"https:\/\/www.hoymercedes.com.ar\/principal\/wp-content\/uploads\/2010\/11\/pescadoparatodos.jpg\" data-orig-size=\"450,338\" data-comments-opened=\"1\" data-image-meta=\"{&quot;aperture&quot;:&quot;2.8&quot;,&quot;credit&quot;:&quot;&quot;,&quot;camera&quot;:&quot;COOLPIX L10&quot;,&quot;caption&quot;:&quot;&quot;,&quot;created_timestamp&quot;:&quot;1282110577&quot;,&quot;copyright&quot;:&quot;Copyright 2006&quot;,&quot;focal_length&quot;:&quot;6.2&quot;,&quot;iso&quot;:&quot;64&quot;,&quot;shutter_speed&quot;:&quot;0.0064391500321957&quot;,&quot;title&quot;:&quot;&quot;}\" data-image-title=\"pescadoparatodos\" data-image-description=\"\" data-image-caption=\"\" data-large-file=\"https:\/\/www.hoymercedes.com.ar\/principal\/wp-content\/uploads\/2010\/11\/pescadoparatodos.jpg\" class=\"size-medium wp-image-103\" title=\"pescadoparatodos\" src=\"https:\/\/www.hoymercedes.com.ar\/principal\/wp-content\/uploads\/2010\/11\/pescadoparatodos-300x225.jpg\" alt=\"\" width=\"300\" height=\"225\" srcset=\"https:\/\/www.hoymercedes.com.ar\/principal\/wp-content\/uploads\/2010\/11\/pescadoparatodos-300x225.jpg 300w, https:\/\/www.hoymercedes.com.ar\/principal\/wp-content\/uploads\/2010\/11\/pescadoparatodos.jpg 450w\" sizes=\"auto, (max-width: 300px) 100vw, 300px\" \/><\/a><figcaption id=\"caption-attachment-103\" class=\"wp-caption-text\">Pescado para todos en Mercedes<\/figcaption><\/figure>\n<p>Cuando se est\u00e1 cumpliendo un a\u00f1o, desde que la presidenta de la Naci\u00f3n Cristina Fern\u00e1ndez de Kirchner, lanzara el programa \u201cPescado para todos\u201d, los camiones que trasladan el producto han recorrido gran parte del pa\u00eds y llegaron nuevamente a Mercedes. Desde hoy y hasta ma\u00f1ana s\u00e1bado 16 hasta las 18hs.<\/p>\n<p>La iniciativa del gobierno nacional, busca fomentar el cambio en el consumo de alimentos en los argentinos, tendiendo a incorporar en la canasta familiar este alimento, el cual mantiene grandes ventajas frente a otros, como su escasa cantidad de grasas.<\/p>\n<p>Los vecinos de la ciudad podr\u00e1n adquirir merluza y otros tipos de pescados a costos m\u00e1s bajos de los que presenta el mercado.<\/p>\n<p>El cami\u00f3n se instal\u00f3 en la esquina de Avenida 40 y 21, y en ese lugar se podr\u00e1 comprar merluza congelada a $15 el kilo y medallones rebozados a  $16.50.<\/p>\n<p><span style=\"color: #888888;\">Fuente: Municipio<\/span><\/p>\n","protected":false},"excerpt":{"rendered":"<p>Cuando se est\u00e1 cumpliendo un a\u00f1o, desde que la presidenta de la Naci\u00f3n Cristina Fern\u00e1ndez de Kirchner, lanzara el programa &#8230; <a title=\"Pescado para Todos nuevamente en Mercedes\" class=\"read-more\" href=\"https:\/\/www.hoymercedes.com.ar\/principal\/2011\/04\/15\/pescado-para-todos-nuevamente-en-mercedes\/\" aria-label=\"Leer m\u00e1s sobre Pescado para Todos nuevamente en Mercedes\">Leer m\u00e1s<\/a><\/p>\n","protected":false},"author":1,"featured_media":0,"comment_status":"open","ping_status":"open","sticky":false,"template":"","format":"standard","meta":{"_monsterinsights_skip_tracking":false,"_monsterinsights_sitenote_active":false,"_monsterinsights_sitenote_note":"","_monsterinsights_sitenote_category":0,"jetpack_post_was_ever_published":false,"_jetpack_newsletter_access":"","_jetpack_dont_email_post_to_subs":false,"_jetpack_newsletter_tier_id":0,"_jetpack_memberships_contains_paywalled_content":false,"_jetpack_memberships_contains_paid_content":false,"footnotes":"","jetpack_publicize_message":"","jetpack_publicize_feature_enabled":true,"jetpack_social_post_already_shared":false,"jetpack_social_options":{"image_generator_settings":{"template":"highway","default_image_id":0,"font":"","enabled":false},"version":2},"_wpas_customize_per_network":false},"categories":[30],"tags":[10,29],"class_list":["post-3525","post","type-post","status-publish","format-standard","hentry","category-municipio","tag-mercedes","tag-pescado-para-todos","generate-columns","tablet-grid-50","mobile-grid-100","grid-parent","grid-50"],"jetpack_publicize_connections":[],"jetpack_featured_media_url":"","wps_subtitle":"","jetpack_sharing_enabled":true,"_links":{"self":[{"href":"https:\/\/www.hoymercedes.com.ar\/principal\/wp-json\/wp\/v2\/posts\/3525","targetHints":{"allow":["GET"]}}],"collection":[{"href":"https:\/\/www.hoymercedes.com.ar\/principal\/wp-json\/wp\/v2\/posts"}],"about":[{"href":"https:\/\/www.hoymercedes.com.ar\/principal\/wp-json\/wp\/v2\/types\/post"}],"author":[{"embeddable":true,"href":"https:\/\/www.hoymercedes.com.ar\/principal\/wp-json\/wp\/v2\/users\/1"}],"replies":[{"embeddable":true,"href":"https:\/\/www.hoymercedes.com.ar\/principal\/wp-json\/wp\/v2\/comments?post=3525"}],"version-history":[{"count":0,"href":"https:\/\/www.hoymercedes.com.ar\/principal\/wp-json\/wp\/v2\/posts\/3525\/revisions"}],"wp:attachment":[{"href":"https:\/\/www.hoymercedes.com.ar\/principal\/wp-json\/wp\/v2\/media?parent=3525"}],"wp:term":[{"taxonomy":"category","embeddable":true,"href":"https:\/\/www.hoymercedes.com.ar\/principal\/wp-json\/wp\/v2\/categories?post=3525"},{"taxonomy":"post_tag","embeddable":true,"href":"https:\/\/www.hoymercedes.com.ar\/principal\/wp-json\/wp\/v2\/tags?post=3525"}],"curies":[{"name":"wp","href":"https:\/\/api.w.org\/{rel}","templated":true}]}}