{"id":35316,"date":"2014-08-19T13:25:02","date_gmt":"2014-08-19T16:25:02","guid":{"rendered":"http:\/\/www.hoymercedes.com.ar\/principal\/?p=35316"},"modified":"2014-08-19T13:25:02","modified_gmt":"2014-08-19T16:25:02","slug":"malvinizar","status":"publish","type":"post","link":"https:\/\/www.hoymercedes.com.ar\/principal\/2014\/08\/19\/malvinizar\/","title":{"rendered":"\u00bfMalvinizar?"},"content":{"rendered":"<p style=\"color: #222222;\"><a href=\"https:\/\/www.hoymercedes.com.ar\/principal\/wp-content\/uploads\/2014\/08\/ActoLunaPark.jpg\"><img loading=\"lazy\" decoding=\"async\" data-attachment-id=\"35318\" data-permalink=\"https:\/\/www.hoymercedes.com.ar\/principal\/2014\/08\/19\/malvinizar\/actolunapark\/#main\" data-orig-file=\"https:\/\/www.hoymercedes.com.ar\/principal\/wp-content\/uploads\/2014\/08\/ActoLunaPark.jpg\" data-orig-size=\"620,414\" data-comments-opened=\"1\" data-image-meta=\"{&quot;aperture&quot;:&quot;0&quot;,&quot;credit&quot;:&quot;&quot;,&quot;camera&quot;:&quot;&quot;,&quot;caption&quot;:&quot;&quot;,&quot;created_timestamp&quot;:&quot;0&quot;,&quot;copyright&quot;:&quot;&quot;,&quot;focal_length&quot;:&quot;0&quot;,&quot;iso&quot;:&quot;0&quot;,&quot;shutter_speed&quot;:&quot;0&quot;,&quot;title&quot;:&quot;&quot;}\" data-image-title=\"ActoLunaPark\" data-image-description=\"\" data-image-caption=\"\" data-large-file=\"https:\/\/www.hoymercedes.com.ar\/principal\/wp-content\/uploads\/2014\/08\/ActoLunaPark.jpg\" class=\"Img2014 aligncenter wp-image-35318 size-full\" src=\"https:\/\/www.hoymercedes.com.ar\/principal\/wp-content\/uploads\/2014\/08\/ActoLunaPark.jpg\" alt=\"ActoLunaPark\" width=\"620\" height=\"414\" \/><\/a><\/p>\n<p style=\"color: #222222;\"><strong>Por Eduardo \u00abWado\u00bb De Pedro *<\/strong><\/p>\n<p style=\"color: #222222;\"><em><strong>\u201cEl nacionalismo de ustedes se parece al amor del hijo junto a la tumba del padre; el nuestro, se parece al amor del padre junto a la cuna del hijo (\u2026) Para ustedes la Naci\u00f3n se realiz\u00f3 y fue derogada; para nosotros, todav\u00eda sigue naciendo\u201d. Arturo Jauretche.<\/strong><\/em><\/p>\n<p style=\"color: #222222;\">Como dice Don Arturo Jauretche, para nosotros la Naci\u00f3n no es s\u00f3lo un pedazo de territorio o un arrebato de nostalgia sino una construcci\u00f3n colectiva presente, una identidad cultural diversa y rica, una historia compartida, y fundamentalmente un destino com\u00fan.<\/p>\n<p style=\"color: #222222;\">Por eso, conviene escuchar atentamente a quienes acusan a nuestro gobierno de querer \u2018malvinizar\u2019 la disputa contra los fondos buitres en los tribunales de Nueva York.<\/p>\n<p style=\"color: #222222;\">\u00bfA qu\u00e9 se refieren con malvinizar? Si es a la defensa inclaudicable de nuestra soberan\u00eda y dignidad nacional, bienvenida la malvinizaci\u00f3n de todas las causas de las que dependa el futuro de los argentinos. Si, por el contrario,\u00a0quieren emparentar maliciosamente la ferrea defensa del inter\u00e9s nacional, con una aventura b\u00e9lica encabezada por la dictadura m\u00e1s sangrienta de nuestra historia, se equivocan y la historia estar\u00e1 all\u00ed, implacable, para juzgarlos.<\/p>\n<p style=\"color: #222222;\">\u00c9sta \u00faltima acusaci\u00f3n es tan absurda que, de hecho, a pesar de la insistencia medi\u00e1tica cal\u00f3 poco en una poblaci\u00f3n muy atenta a sus intereses. Haciendo una analog\u00eda con la vida cotidiana, es como si acusaran de violentos y prepotentes al padre y a la madre de una familia que defienden su casa ante un usurero que los quiere dejar en la calle con sus hijos, aunque ellos paguen religiosamente todas las cuotas de la hipoteca. De eso se trata esta disputa, de defender la casa y el futuro de todos los argentinos ante la angurria de un peque\u00f1o pero poderoso grupo de especuladores.<\/p>\n<p style=\"color: #222222;\">Pero para algunos, pareciera que no es tan claro. No deja de ser triste, aunque a esta altura ya no sorprenda, que sectores corporativos minoritarios pero sumamente influyentes de nuestro pa\u00eds no puedan deshacerse de la colonizaci\u00f3n cultural que los lleva a posicionarse como en este caso, en la defensa de los argumentos de un pu\u00f1ado de buitres carro\u00f1eros que intentan poner al borde del precipicio a los 40 millones de argentinos.<\/p>\n<p style=\"color: #222222;\">Claro que uno se pregunta si lo que impera es la dependencia cultural y la autoestima deprimida de estos grupos econ\u00f3micos y medi\u00e1ticos, cuyos voceros nos taladran con el des\u00e1nimo permanente desde las pantallas de televisi\u00f3n, o si al fin de cuentas lo que se impone es el m\u00e1s mezquino de los intereses econ\u00f3micos, en una nueva apuesta para que trastabille el gobierno nacional.<\/p>\n<p style=\"color: #222222;\">Ignoran, o para peor desprecian, que en esta encrucijada de la historia, est\u00e1en juego el bienestar de los trabajadores, los estudiantes, los jubilados, los profesionales y los empresarios argentinos: sus trabajos, sus escuelas, sus ahorros, sus empresas, en definitiva su esperanza en el futuro.<\/p>\n<p style=\"color: #222222;\">Por suerte para nuestra democracia, que tras 30 a\u00f1os de vigencia comienza a mostrar signos indudable de madurez, la mayor\u00eda de los partidos pol\u00edticos, con sus matices y escamoteos en algunos casos, ha respaldado la postura del gobierno en el litigio. Es saludable y esperanzador que la pol\u00edtica se desentienda de la agenda ego\u00edsta que le quiere imponer el poder econ\u00f3mico\u2013medi\u00e1tico concentrado, que no duda en apostar en contra del pueblo, y se pare del lado de la gente ante la agresi\u00f3n feroz de un sistema financiero internacional absolutamente desbocado.<\/p>\n<p style=\"color: #222222;\">Pero m\u00e1s esperanzador a\u00fan es la conciencia nacional del pueblo argentino. Encuestas de todos los colores muestran que la gente ha aprendido que el karma de la deuda externa es un cepo que ha frustrado el desarrollo pleno del pa\u00eds en innumerables ocasiones.<\/p>\n<p style=\"color: #222222;\">Observamos con satisfacci\u00f3n que nuestro pueblo tambi\u00e9n ha crecido en estos a\u00f1os de democracia y nos abriga la convicci\u00f3n de que no se quiere asomar al abismo de una nueva crisis a la que nos quieren empujar los fondos buitres de afuera y de adentro.<\/p>\n<p style=\"color: #222222;\">De todas formas, \u00a1cu\u00e1nto mejor parados estar\u00edamos frente a este mundo tan complejo, cruzado por la globalizaci\u00f3n, la crisis econ\u00f3mica, la timba financiera y las guerras, si adem\u00e1s de contar con los fabulosos recursos naturales y humanos,\u00a0tuvi\u00e9ramos una burguesia con una verdadera conciencia nacional que se plantara codo a codo con los trabajadores y el pueblo todo a defender el inter\u00e9s genuino de la Patria! \u00a1Cu\u00e1nto m\u00e1s sencillo ser\u00eda avanzar hacia la felicidad del pueblo y la grandeza de la Naci\u00f3n!<\/p>\n<p style=\"color: #222222;\">Dec\u00eda la Presidenta ya en 2012: \u201cLos que se nos oponen y defienden a los fondos buitres est\u00e1n equivocados, porque este gobierno es temporal, pero la patria es permanente.\u201d<\/p>\n<p style=\"color: #222222;\">Por este motivo, no hay que ruborizarse ni esconderse si nos acusan de malvinizar esta puja, siempre que malvinizar signifique, en este contexto democr\u00e1tico, de libertad y de debate, defender las causas justas y elegir los ejes centrales en el que la mayor\u00eda de los argentinos tenemos que ponernos de acuerdo para encarar un futuro en el que nuestro pa\u00eds de desarrolle con inclusi\u00f3n social.<\/p>\n<p style=\"color: #222222;\">Porque s\u00ed tenemos Naci\u00f3n podremos alcanzar el autoabastecimiento energ\u00e9tico, podremos seguir enviando sat\u00e9lites al espacio y seguiremos batiendo r\u00e9cords de producci\u00f3n granaria para alimentar al mundo.<\/p>\n<p style=\"color: #222222;\">En definitiva, si tenemos Naci\u00f3n podremos construir un futuro con esperanza para los 40 millones de argentinos y las generaciones venideras.<\/p>\n<p style=\"color: #222222;\">*Publicado originalmente en DiarioBae.com<\/p>\n","protected":false},"excerpt":{"rendered":"<p>Por Eduardo \u00abWado\u00bb De Pedro * \u201cEl nacionalismo de ustedes se parece al amor del hijo junto a la tumba &#8230; <a title=\"\u00bfMalvinizar?\" class=\"read-more\" href=\"https:\/\/www.hoymercedes.com.ar\/principal\/2014\/08\/19\/malvinizar\/\" aria-label=\"Leer m\u00e1s sobre \u00bfMalvinizar?\">Leer m\u00e1s<\/a><\/p>\n","protected":false},"author":1,"featured_media":0,"comment_status":"open","ping_status":"open","sticky":false,"template":"","format":"standard","meta":{"_monsterinsights_skip_tracking":false,"_monsterinsights_sitenote_active":false,"_monsterinsights_sitenote_note":"","_monsterinsights_sitenote_category":0,"jetpack_post_was_ever_published":false,"_jetpack_newsletter_access":"","_jetpack_dont_email_post_to_subs":false,"_jetpack_newsletter_tier_id":0,"_jetpack_memberships_contains_paywalled_content":false,"_jetpack_memberships_contains_paid_content":false,"footnotes":"","jetpack_publicize_message":"","jetpack_publicize_feature_enabled":true,"jetpack_social_post_already_shared":false,"jetpack_social_options":{"image_generator_settings":{"template":"highway","default_image_id":0,"font":"","enabled":false},"version":2},"_wpas_customize_per_network":false},"categories":[1],"tags":[5848,281],"class_list":["post-35316","post","type-post","status-publish","format-standard","hentry","category-opinion","tag-eduardo-de-perdro","tag-wado-de-pedro","generate-columns","tablet-grid-50","mobile-grid-100","grid-parent","grid-50"],"jetpack_publicize_connections":[],"jetpack_featured_media_url":"","wps_subtitle":"Por Wado De Pedro","jetpack_sharing_enabled":true,"_links":{"self":[{"href":"https:\/\/www.hoymercedes.com.ar\/principal\/wp-json\/wp\/v2\/posts\/35316","targetHints":{"allow":["GET"]}}],"collection":[{"href":"https:\/\/www.hoymercedes.com.ar\/principal\/wp-json\/wp\/v2\/posts"}],"about":[{"href":"https:\/\/www.hoymercedes.com.ar\/principal\/wp-json\/wp\/v2\/types\/post"}],"author":[{"embeddable":true,"href":"https:\/\/www.hoymercedes.com.ar\/principal\/wp-json\/wp\/v2\/users\/1"}],"replies":[{"embeddable":true,"href":"https:\/\/www.hoymercedes.com.ar\/principal\/wp-json\/wp\/v2\/comments?post=35316"}],"version-history":[{"count":0,"href":"https:\/\/www.hoymercedes.com.ar\/principal\/wp-json\/wp\/v2\/posts\/35316\/revisions"}],"wp:attachment":[{"href":"https:\/\/www.hoymercedes.com.ar\/principal\/wp-json\/wp\/v2\/media?parent=35316"}],"wp:term":[{"taxonomy":"category","embeddable":true,"href":"https:\/\/www.hoymercedes.com.ar\/principal\/wp-json\/wp\/v2\/categories?post=35316"},{"taxonomy":"post_tag","embeddable":true,"href":"https:\/\/www.hoymercedes.com.ar\/principal\/wp-json\/wp\/v2\/tags?post=35316"}],"curies":[{"name":"wp","href":"https:\/\/api.w.org\/{rel}","templated":true}]}}