{"id":35339,"date":"2014-08-20T21:45:06","date_gmt":"2014-08-21T00:45:06","guid":{"rendered":"http:\/\/www.hoymercedes.com.ar\/principal\/?p=35339"},"modified":"2014-08-20T21:55:13","modified_gmt":"2014-08-21T00:55:13","slug":"ustarroz-nuevamente-junto-a-diego-bossio","status":"publish","type":"post","link":"https:\/\/www.hoymercedes.com.ar\/principal\/2014\/08\/20\/ustarroz-nuevamente-junto-a-diego-bossio\/","title":{"rendered":"Ustarroz nuevamente junto a Diego Bossio"},"content":{"rendered":"<p><a href=\"https:\/\/www.hoymercedes.com.ar\/principal\/wp-content\/uploads\/2014\/08\/bossio-ustarroz.jpg\"><img loading=\"lazy\" decoding=\"async\" data-attachment-id=\"35341\" data-permalink=\"https:\/\/www.hoymercedes.com.ar\/principal\/2014\/08\/20\/ustarroz-nuevamente-junto-a-diego-bossio\/bossio-ustarroz\/#main\" data-orig-file=\"https:\/\/www.hoymercedes.com.ar\/principal\/wp-content\/uploads\/2014\/08\/bossio-ustarroz.jpg\" data-orig-size=\"620,248\" data-comments-opened=\"1\" data-image-meta=\"{&quot;aperture&quot;:&quot;0&quot;,&quot;credit&quot;:&quot;&quot;,&quot;camera&quot;:&quot;&quot;,&quot;caption&quot;:&quot;&quot;,&quot;created_timestamp&quot;:&quot;0&quot;,&quot;copyright&quot;:&quot;&quot;,&quot;focal_length&quot;:&quot;0&quot;,&quot;iso&quot;:&quot;0&quot;,&quot;shutter_speed&quot;:&quot;0&quot;,&quot;title&quot;:&quot;&quot;}\" data-image-title=\"bossio-ustarroz\" data-image-description=\"\" data-image-caption=\"\" data-large-file=\"https:\/\/www.hoymercedes.com.ar\/principal\/wp-content\/uploads\/2014\/08\/bossio-ustarroz.jpg\" class=\"Img2014 aligncenter wp-image-35341 size-full\" src=\"https:\/\/www.hoymercedes.com.ar\/principal\/wp-content\/uploads\/2014\/08\/bossio-ustarroz.jpg\" alt=\"bossio-ustarroz\" width=\"620\" height=\"248\" \/><\/a><\/p>\n<p><em><strong>Este jueves el Gerente Regional de Anses Juan Ustarr\u00f3z estar\u00e1 nuevamente con Diego Bossio haciendo actividades de expansi\u00f3n de los servicios del Anses en el interior. Ser\u00e1 Suipacha \u00e9sta vez.<\/strong><\/em><\/p>\n<p>Diego Bossio estar\u00e1 en la vecina localidad ampliando los servicios que se brindan a los jubilados de dicha localidad, en una muestra m\u00e1s de la expansi\u00f3n del rol de bienestar del Estado. Junto a \u00e9l estar\u00e1 presente Juan Ustarroz, jefe de bancada del Frente Mercedino y Gerente Regional Anses.<\/p>\n<p>El acto de inauguraci\u00f3n del espacio ser\u00e1 a las 9.30hs.<\/p>\n<p>&nbsp;<\/p>\n<p>&nbsp;<\/p>\n<p>&nbsp;<\/p>\n<p>&nbsp;<\/p>\n<p>&nbsp;<\/p>\n<p>&nbsp;<\/p>\n<p>&nbsp;<\/p>\n","protected":false},"excerpt":{"rendered":"<p>Este jueves el Gerente Regional de Anses Juan Ustarr\u00f3z estar\u00e1 nuevamente con Diego Bossio haciendo actividades de expansi\u00f3n de los &#8230; <a title=\"Ustarroz nuevamente junto a Diego Bossio\" class=\"read-more\" href=\"https:\/\/www.hoymercedes.com.ar\/principal\/2014\/08\/20\/ustarroz-nuevamente-junto-a-diego-bossio\/\" aria-label=\"Leer m\u00e1s sobre Ustarroz nuevamente junto a Diego Bossio\">Leer m\u00e1s<\/a><\/p>\n","protected":false},"author":1,"featured_media":0,"comment_status":"open","ping_status":"open","sticky":false,"template":"","format":"standard","meta":{"_monsterinsights_skip_tracking":false,"_monsterinsights_sitenote_active":false,"_monsterinsights_sitenote_note":"","_monsterinsights_sitenote_category":0,"jetpack_post_was_ever_published":false,"_jetpack_newsletter_access":"","_jetpack_dont_email_post_to_subs":false,"_jetpack_newsletter_tier_id":0,"_jetpack_memberships_contains_paywalled_content":false,"_jetpack_memberships_contains_paid_content":false,"footnotes":"","jetpack_publicize_message":"","jetpack_publicize_feature_enabled":true,"jetpack_social_post_already_shared":false,"jetpack_social_options":{"image_generator_settings":{"template":"highway","default_image_id":0,"font":"","enabled":false},"version":2},"_wpas_customize_per_network":false},"categories":[8],"tags":[4,3702,585],"class_list":["post-35339","post","type-post","status-publish","format-standard","hentry","category-sociedad","tag-anses","tag-diego-bossio","tag-juan-ustarroz","generate-columns","tablet-grid-50","mobile-grid-100","grid-parent","grid-50"],"jetpack_publicize_connections":[],"jetpack_featured_media_url":"","wps_subtitle":"En Suipacha","jetpack_sharing_enabled":true,"_links":{"self":[{"href":"https:\/\/www.hoymercedes.com.ar\/principal\/wp-json\/wp\/v2\/posts\/35339","targetHints":{"allow":["GET"]}}],"collection":[{"href":"https:\/\/www.hoymercedes.com.ar\/principal\/wp-json\/wp\/v2\/posts"}],"about":[{"href":"https:\/\/www.hoymercedes.com.ar\/principal\/wp-json\/wp\/v2\/types\/post"}],"author":[{"embeddable":true,"href":"https:\/\/www.hoymercedes.com.ar\/principal\/wp-json\/wp\/v2\/users\/1"}],"replies":[{"embeddable":true,"href":"https:\/\/www.hoymercedes.com.ar\/principal\/wp-json\/wp\/v2\/comments?post=35339"}],"version-history":[{"count":0,"href":"https:\/\/www.hoymercedes.com.ar\/principal\/wp-json\/wp\/v2\/posts\/35339\/revisions"}],"wp:attachment":[{"href":"https:\/\/www.hoymercedes.com.ar\/principal\/wp-json\/wp\/v2\/media?parent=35339"}],"wp:term":[{"taxonomy":"category","embeddable":true,"href":"https:\/\/www.hoymercedes.com.ar\/principal\/wp-json\/wp\/v2\/categories?post=35339"},{"taxonomy":"post_tag","embeddable":true,"href":"https:\/\/www.hoymercedes.com.ar\/principal\/wp-json\/wp\/v2\/tags?post=35339"}],"curies":[{"name":"wp","href":"https:\/\/api.w.org\/{rel}","templated":true}]}}