{"id":3535,"date":"2011-04-16T01:55:55","date_gmt":"2011-04-16T01:55:55","guid":{"rendered":"http:\/\/www.hoymercedes.com.ar\/principal\/?p=3535"},"modified":"2011-04-16T01:55:55","modified_gmt":"2011-04-16T01:55:55","slug":"pensando-en-la-tarea-docente-educ-ar-estara-en-la-feria-del-libro","status":"publish","type":"post","link":"https:\/\/www.hoymercedes.com.ar\/principal\/2011\/04\/16\/pensando-en-la-tarea-docente-educ-ar-estara-en-la-feria-del-libro\/","title":{"rendered":"Pensando en la tarea docente Educ.ar estar\u00e1 en la Feria del Libro"},"content":{"rendered":"<p>Integrantes del portal educativo del Estado argentino ofrecer\u00e1n charlas y talleres para docentes y alumnos. El trabajo con las netbooks, las aulas digitales y el modelo 1 a 1 (una computadora, un alumno) ser\u00e1n los ejes centrales.<\/p>\n<p>&nbsp;<\/p>\n<p>La 37\u00b0 Feria Internacional del Libro de Buenos Aires se desarrollar\u00e1 entre el 20 de abril y el 9 de mayo de 2011, en La Rural de Palermo (Ciudad Aut\u00f3noma de Buenos Aires).<\/p>\n<p>La primera actividad programada desde el portal educ.ar ser\u00e1 la charla titulada \u201c\u00bfQu\u00e9 es y c\u00f3mo trabajar con una computadora por alumno\u201d, a cargo de la coordinadora del \u00c1rea de Contenidos, Cecilia Sagol. Tendr\u00e1 lugar el jueves 21 de abril, a las 17 hs., en la sala Victoria Ocampo.<\/p>\n<p>La presentaci\u00f3n consistir\u00e1 en mostrar la propuesta de contenidos, evaluaci\u00f3n y capacitaci\u00f3n del portal del Ministerio de Educaci\u00f3n de la Naci\u00f3n para el Programa Conectar Igualdad. Tambi\u00e9n se abordar\u00e1n los fundamentos del modelo 1 a 1, y las posibilidades y alcances para construir nuevos conocimientos y desarrollar pr\u00e1cticas innovadoras en un marco de igualdad y calidad educativa.<\/p>\n<p>\u201cEl uso de netbooks en el aula no pasa solamente por una cuesti\u00f3n instrumental sino por nuevas formas de ense\u00f1anza para construir saberes y pr\u00e1cticas en el siglo XXI. Trabajo en red, competencias para gesti\u00f3n de informaci\u00f3n, creaci\u00f3n de productos digitales, y trabajo con objetos de aprendizaje multimedia son algunos de los ejes que enmarcan las propuestas de educ.ar para las aulas 1:1 argentinas\u201d, explica Sagol.<\/p>\n<p>Para m\u00e1s informaci\u00f3n, escribir al e-mail info@educ.gov.ar.<\/p>\n<p>Los talleres<\/p>\n<p>Se realizar\u00e1n en la Plaza seca de la Feria y estar\u00e1n dirigidos \u2013principalmente\u2013 a docentes y alumnos.<\/p>\n<p>El viernes 22 de abril, a las 17 hs., se dictar\u00e1 un taller a la comunidad titulado \u201cAulas digitales: asomarse a la escuela del siglo XXI\u201d. Ser\u00e1 abierto al p\u00fablico general, aunque el cupo es limitado (40 personas, por orden de llegada).<\/p>\n<p>El viernes 29 de abril, a las 16.30 hs., se realizar\u00e1 un taller para profesores de Secundaria denominado \u201cInnovaci\u00f3n y creatividad en el aula 1 a 1\u201d. Esta actividad ser\u00e1 con invitaci\u00f3n.<\/p>\n<p>El lunes 9 de mayo, a las 17 hs., tendr\u00e1 lugar el taller para alumnos \u201cTaller creativo con el uso de netbooks\u201d.<\/p>\n<p><span style=\"color: #888888;\">Fuente: Educ.ar<\/span><\/p>\n<p>&nbsp;<\/p>\n","protected":false},"excerpt":{"rendered":"<p>Integrantes del portal educativo del Estado argentino ofrecer\u00e1n charlas y talleres para docentes y alumnos. El trabajo con las netbooks, &#8230; <a title=\"Pensando en la tarea docente Educ.ar estar\u00e1 en la Feria del Libro\" class=\"read-more\" href=\"https:\/\/www.hoymercedes.com.ar\/principal\/2011\/04\/16\/pensando-en-la-tarea-docente-educ-ar-estara-en-la-feria-del-libro\/\" aria-label=\"Leer m\u00e1s sobre Pensando en la tarea docente Educ.ar estar\u00e1 en la Feria del Libro\">Leer m\u00e1s<\/a><\/p>\n","protected":false},"author":1,"featured_media":0,"comment_status":"open","ping_status":"open","sticky":false,"template":"","format":"standard","meta":{"_monsterinsights_skip_tracking":false,"_monsterinsights_sitenote_active":false,"_monsterinsights_sitenote_note":"","_monsterinsights_sitenote_category":0,"jetpack_post_was_ever_published":false,"_jetpack_newsletter_access":"","_jetpack_dont_email_post_to_subs":false,"_jetpack_newsletter_tier_id":0,"_jetpack_memberships_contains_paywalled_content":false,"_jetpack_memberships_contains_paid_content":false,"footnotes":"","jetpack_publicize_message":"","jetpack_publicize_feature_enabled":true,"jetpack_social_post_already_shared":false,"jetpack_social_options":{"image_generator_settings":{"template":"highway","default_image_id":0,"font":"","enabled":false},"version":2},"_wpas_customize_per_network":false},"categories":[23],"tags":[360,387,685],"class_list":["post-3535","post","type-post","status-publish","format-standard","hentry","category-educacion","tag-conectar-igualdad","tag-educ-ar","tag-feria-del-libro","generate-columns","tablet-grid-50","mobile-grid-100","grid-parent","grid-50"],"jetpack_publicize_connections":[],"jetpack_featured_media_url":"","wps_subtitle":"","jetpack_sharing_enabled":true,"_links":{"self":[{"href":"https:\/\/www.hoymercedes.com.ar\/principal\/wp-json\/wp\/v2\/posts\/3535","targetHints":{"allow":["GET"]}}],"collection":[{"href":"https:\/\/www.hoymercedes.com.ar\/principal\/wp-json\/wp\/v2\/posts"}],"about":[{"href":"https:\/\/www.hoymercedes.com.ar\/principal\/wp-json\/wp\/v2\/types\/post"}],"author":[{"embeddable":true,"href":"https:\/\/www.hoymercedes.com.ar\/principal\/wp-json\/wp\/v2\/users\/1"}],"replies":[{"embeddable":true,"href":"https:\/\/www.hoymercedes.com.ar\/principal\/wp-json\/wp\/v2\/comments?post=3535"}],"version-history":[{"count":0,"href":"https:\/\/www.hoymercedes.com.ar\/principal\/wp-json\/wp\/v2\/posts\/3535\/revisions"}],"wp:attachment":[{"href":"https:\/\/www.hoymercedes.com.ar\/principal\/wp-json\/wp\/v2\/media?parent=3535"}],"wp:term":[{"taxonomy":"category","embeddable":true,"href":"https:\/\/www.hoymercedes.com.ar\/principal\/wp-json\/wp\/v2\/categories?post=3535"},{"taxonomy":"post_tag","embeddable":true,"href":"https:\/\/www.hoymercedes.com.ar\/principal\/wp-json\/wp\/v2\/tags?post=3535"}],"curies":[{"name":"wp","href":"https:\/\/api.w.org\/{rel}","templated":true}]}}