{"id":35365,"date":"2014-08-21T18:21:03","date_gmt":"2014-08-21T21:21:03","guid":{"rendered":"http:\/\/www.hoymercedes.com.ar\/principal\/?p=35365"},"modified":"2014-08-21T18:21:03","modified_gmt":"2014-08-21T21:21:03","slug":"ustarroz-junto-a-bossio-inaugurando-oficina-de-anses-en-suipacha","status":"publish","type":"post","link":"https:\/\/www.hoymercedes.com.ar\/principal\/2014\/08\/21\/ustarroz-junto-a-bossio-inaugurando-oficina-de-anses-en-suipacha\/","title":{"rendered":"Ustarroz junto a Bossio inaugurando oficina de Anses en Suipacha"},"content":{"rendered":"<p><a href=\"https:\/\/www.hoymercedes.com.ar\/principal\/wp-content\/uploads\/2014\/08\/bossio.ustarroz.suipacha.jpg\"><img loading=\"lazy\" decoding=\"async\" data-attachment-id=\"35366\" data-permalink=\"https:\/\/www.hoymercedes.com.ar\/principal\/2014\/08\/21\/ustarroz-junto-a-bossio-inaugurando-oficina-de-anses-en-suipacha\/bossio-ustarroz-suipacha\/#main\" data-orig-file=\"https:\/\/www.hoymercedes.com.ar\/principal\/wp-content\/uploads\/2014\/08\/bossio.ustarroz.suipacha.jpg\" data-orig-size=\"620,359\" data-comments-opened=\"1\" data-image-meta=\"{&quot;aperture&quot;:&quot;0&quot;,&quot;credit&quot;:&quot;&quot;,&quot;camera&quot;:&quot;&quot;,&quot;caption&quot;:&quot;&quot;,&quot;created_timestamp&quot;:&quot;0&quot;,&quot;copyright&quot;:&quot;&quot;,&quot;focal_length&quot;:&quot;0&quot;,&quot;iso&quot;:&quot;0&quot;,&quot;shutter_speed&quot;:&quot;0&quot;,&quot;title&quot;:&quot;&quot;}\" data-image-title=\"bossio.ustarroz.suipacha\" data-image-description=\"\" data-image-caption=\"\" data-large-file=\"https:\/\/www.hoymercedes.com.ar\/principal\/wp-content\/uploads\/2014\/08\/bossio.ustarroz.suipacha.jpg\" class=\"Img2014 aligncenter wp-image-35366 size-full\" src=\"https:\/\/www.hoymercedes.com.ar\/principal\/wp-content\/uploads\/2014\/08\/bossio.ustarroz.suipacha.jpg\" alt=\"bossio.ustarroz.suipacha\" width=\"620\" height=\"359\" \/><\/a><\/p>\n<p><em><strong>El Gerente General de Anses inaugur\u00f3 una nueva sede en la localidad de Suipacha. Estuvo el Gerente Regional y mercedino Juan Ustarr\u00f3z y el intendente\u00a0 de la mencionada localidad Antonio Delfino.<\/strong><\/em><\/p>\n<p>El Gerente General de Anses, Diego Bossio, inaugur\u00f3 durante la ma\u00f1ana de \u00e9ste jueves en Suipacha una nueva Oficina de Atenci\u00f3n al P\u00fablico. En el acto estuvo el intendente local, Antonio Delfino, y el Gerente General de dicha instituci\u00f3n, Juan Ignacio Ustarroz.<\/p>\n<p>Bossio expres\u00f3: \u201cal abrir esta oficina de la ANSES, dejamos de estar en deuda con Suipacha. Cuando este organismo est\u00e1 presente en los diversos puntos del pa\u00eds se cumplen los derechos de todos los argentinos. Hace pocos a\u00f1os la ANSES no ten\u00eda ni para pagar jubilaciones ni pensiones, pero desde la llegada de N\u00e9stor y Cristina eso se revirti\u00f3: pudieron jubilarse aqu\u00ed 1662 jubilados que son personas que se dedicaron toda su vida a crear una familia o fueron trabajadores rurales y no les hicieron los aportes. Entonces tuvo que aparecer el Estado para darles una mano\u201d.<\/p>\n<p><a href=\"https:\/\/www.hoymercedes.com.ar\/principal\/wp-content\/uploads\/2014\/08\/bossio.suipacha.jpg\"><img loading=\"lazy\" decoding=\"async\" data-attachment-id=\"35367\" data-permalink=\"https:\/\/www.hoymercedes.com.ar\/principal\/2014\/08\/21\/ustarroz-junto-a-bossio-inaugurando-oficina-de-anses-en-suipacha\/bossio-suipacha\/#main\" data-orig-file=\"https:\/\/www.hoymercedes.com.ar\/principal\/wp-content\/uploads\/2014\/08\/bossio.suipacha.jpg\" data-orig-size=\"620,417\" data-comments-opened=\"1\" data-image-meta=\"{&quot;aperture&quot;:&quot;0&quot;,&quot;credit&quot;:&quot;&quot;,&quot;camera&quot;:&quot;&quot;,&quot;caption&quot;:&quot;&quot;,&quot;created_timestamp&quot;:&quot;0&quot;,&quot;copyright&quot;:&quot;&quot;,&quot;focal_length&quot;:&quot;0&quot;,&quot;iso&quot;:&quot;0&quot;,&quot;shutter_speed&quot;:&quot;0&quot;,&quot;title&quot;:&quot;&quot;}\" data-image-title=\"bossio.suipacha\" data-image-description=\"\" data-image-caption=\"\" data-large-file=\"https:\/\/www.hoymercedes.com.ar\/principal\/wp-content\/uploads\/2014\/08\/bossio.suipacha.jpg\" class=\"Img2014 aligncenter wp-image-35367 size-full\" src=\"https:\/\/www.hoymercedes.com.ar\/principal\/wp-content\/uploads\/2014\/08\/bossio.suipacha.jpg\" alt=\"bossio.suipacha\" width=\"620\" height=\"417\" \/><\/a><\/p>\n<p>Tambi\u00e9n manifest\u00f3 que: \u201cLas cosas que forman parte de la pol\u00edtica cotidiana son importantes, como darles oportunidades y potenciar los derechos de nuestros pibes con las netbooks y con PROGRESAR. Queremos que la educaci\u00f3n p\u00fablica sea la mejor opci\u00f3n de los argentinos\u201d.<\/p>\n<p>Delfino, por su parte, destac\u00f3 que <em>\u201cen el \u00e1mbito de la ANSES siempre dependimos de la ciudad de Mercedes, por eso, tener la oficina propia es un anhelo muy deseado. Adem\u00e1s, aqu\u00ed hay 2300 jubilados, 400 chicos que reciben la Asignaci\u00f3n Universal por Hijo, m\u00e1s de 100 j\u00f3venes que quieren PROGRESAR, recibimos todas las netbooks que estaban establecidas, adem\u00e1s de las construcciones de vivienda con PRO.CRE.AR. Hoy, con la participaci\u00f3n de Diego, Suipacha tendr\u00e1 un gran desarrollo\u201d.<img loading=\"lazy\" decoding=\"async\" data-attachment-id=\"35368\" data-permalink=\"https:\/\/www.hoymercedes.com.ar\/principal\/2014\/08\/21\/ustarroz-junto-a-bossio-inaugurando-oficina-de-anses-en-suipacha\/bossio-ustarroz-suipacha-2\/#main\" data-orig-file=\"https:\/\/www.hoymercedes.com.ar\/principal\/wp-content\/uploads\/2014\/08\/bossio.ustarroz.suipacha-2.jpg\" data-orig-size=\"620,345\" data-comments-opened=\"1\" data-image-meta=\"{&quot;aperture&quot;:&quot;0&quot;,&quot;credit&quot;:&quot;&quot;,&quot;camera&quot;:&quot;&quot;,&quot;caption&quot;:&quot;&quot;,&quot;created_timestamp&quot;:&quot;0&quot;,&quot;copyright&quot;:&quot;&quot;,&quot;focal_length&quot;:&quot;0&quot;,&quot;iso&quot;:&quot;0&quot;,&quot;shutter_speed&quot;:&quot;0&quot;,&quot;title&quot;:&quot;&quot;}\" data-image-title=\"bossio.ustarroz.suipacha-2\" data-image-description=\"\" data-image-caption=\"\" data-large-file=\"https:\/\/www.hoymercedes.com.ar\/principal\/wp-content\/uploads\/2014\/08\/bossio.ustarroz.suipacha-2.jpg\" class=\"Img2014 aligncenter wp-image-35368 size-full\" src=\"https:\/\/www.hoymercedes.com.ar\/principal\/wp-content\/uploads\/2014\/08\/bossio.ustarroz.suipacha-2.jpg\" alt=\"bossio.ustarroz.suipacha-2\" width=\"620\" height=\"345\" \/><\/em><\/p>\n<p>Diego Bossio y Juan Antonio Delfino tambi\u00e9n entregaron certificados PRO.CRE.AR. a familias que obtuvieron su cr\u00e9dito hipotecario, netbooks de Conectar Igualdad a las escuelas secundarias b\u00e1sicas N\u00ba 1 V (Exmedia 1) y N\u00ba 1, tarjetas ARGENTA a jubilados y pensionados, tarjetas PROGRESAR a j\u00f3venes estudiantes y banderas de ceremonia al Club de jubilados de Suipacha, Asociaci\u00f3n de jubilados y pensionados de Suipacha y Club de jubilados de General Rivas.<\/p>\n<p>Adem\u00e1s, el intendente decret\u00f3 de inter\u00e9s municipal la apertura de la delegaci\u00f3n de la ANSES y declar\u00f3 a Diego Bossio como Ciudadano Ilustre.<\/p>\n<p>Por su parte, Juan Ustarr\u00f3z, manifest\u00f3 su satisfacci\u00f3n por un encuentro positivo y de avance institucional que vuelve a dar amplio beneficios a la comunidad, tanto de Suipacha como de la regi\u00f3n.<\/p>\n","protected":false},"excerpt":{"rendered":"<p>El Gerente General de Anses inaugur\u00f3 una nueva sede en la localidad de Suipacha. Estuvo el Gerente Regional y mercedino &#8230; <a title=\"Ustarroz junto a Bossio inaugurando oficina de Anses en Suipacha\" class=\"read-more\" href=\"https:\/\/www.hoymercedes.com.ar\/principal\/2014\/08\/21\/ustarroz-junto-a-bossio-inaugurando-oficina-de-anses-en-suipacha\/\" aria-label=\"Leer m\u00e1s sobre Ustarroz junto a Bossio inaugurando oficina de Anses en Suipacha\">Leer m\u00e1s<\/a><\/p>\n","protected":false},"author":1,"featured_media":0,"comment_status":"open","ping_status":"open","sticky":false,"template":"","format":"standard","meta":{"_monsterinsights_skip_tracking":false,"_monsterinsights_sitenote_active":false,"_monsterinsights_sitenote_note":"","_monsterinsights_sitenote_category":0,"jetpack_post_was_ever_published":false,"_jetpack_newsletter_access":"","_jetpack_dont_email_post_to_subs":false,"_jetpack_newsletter_tier_id":0,"_jetpack_memberships_contains_paywalled_content":false,"_jetpack_memberships_contains_paid_content":false,"footnotes":"","jetpack_publicize_message":"","jetpack_publicize_feature_enabled":true,"jetpack_social_post_already_shared":false,"jetpack_social_options":{"image_generator_settings":{"template":"highway","default_image_id":0,"font":"","enabled":false},"version":2},"_wpas_customize_per_network":false},"categories":[5],"tags":[35,5859,3702,585],"class_list":["post-35365","post","type-post","status-publish","format-standard","hentry","category-politica","tag-anses-mercedes","tag-anses-suipacha","tag-diego-bossio","tag-juan-ustarroz","generate-columns","tablet-grid-50","mobile-grid-100","grid-parent","grid-50"],"jetpack_publicize_connections":[],"jetpack_featured_media_url":"","wps_subtitle":"Avance par los jubilados","jetpack_sharing_enabled":true,"_links":{"self":[{"href":"https:\/\/www.hoymercedes.com.ar\/principal\/wp-json\/wp\/v2\/posts\/35365","targetHints":{"allow":["GET"]}}],"collection":[{"href":"https:\/\/www.hoymercedes.com.ar\/principal\/wp-json\/wp\/v2\/posts"}],"about":[{"href":"https:\/\/www.hoymercedes.com.ar\/principal\/wp-json\/wp\/v2\/types\/post"}],"author":[{"embeddable":true,"href":"https:\/\/www.hoymercedes.com.ar\/principal\/wp-json\/wp\/v2\/users\/1"}],"replies":[{"embeddable":true,"href":"https:\/\/www.hoymercedes.com.ar\/principal\/wp-json\/wp\/v2\/comments?post=35365"}],"version-history":[{"count":0,"href":"https:\/\/www.hoymercedes.com.ar\/principal\/wp-json\/wp\/v2\/posts\/35365\/revisions"}],"wp:attachment":[{"href":"https:\/\/www.hoymercedes.com.ar\/principal\/wp-json\/wp\/v2\/media?parent=35365"}],"wp:term":[{"taxonomy":"category","embeddable":true,"href":"https:\/\/www.hoymercedes.com.ar\/principal\/wp-json\/wp\/v2\/categories?post=35365"},{"taxonomy":"post_tag","embeddable":true,"href":"https:\/\/www.hoymercedes.com.ar\/principal\/wp-json\/wp\/v2\/tags?post=35365"}],"curies":[{"name":"wp","href":"https:\/\/api.w.org\/{rel}","templated":true}]}}