{"id":35370,"date":"2014-08-21T21:25:16","date_gmt":"2014-08-22T00:25:16","guid":{"rendered":"http:\/\/www.hoymercedes.com.ar\/principal\/?p=35370"},"modified":"2014-08-25T08:47:42","modified_gmt":"2014-08-25T11:47:42","slug":"mic-da-a-conocer-proyectos-que-presento-para-la-proxima-sesion","status":"publish","type":"post","link":"https:\/\/www.hoymercedes.com.ar\/principal\/2014\/08\/21\/mic-da-a-conocer-proyectos-que-presento-para-la-proxima-sesion\/","title":{"rendered":"MIC da a conocer proyectos que present\u00f3 para la pr\u00f3xima sesi\u00f3n"},"content":{"rendered":"<p><a href=\"https:\/\/www.hoymercedes.com.ar\/principal\/wp-content\/uploads\/2014\/08\/Badano-Cestari.jpg\"><img loading=\"lazy\" decoding=\"async\" data-attachment-id=\"35373\" data-permalink=\"https:\/\/www.hoymercedes.com.ar\/principal\/2014\/08\/21\/mic-da-a-conocer-proyectos-que-presento-para-la-proxima-sesion\/badano-cestari\/#main\" data-orig-file=\"https:\/\/www.hoymercedes.com.ar\/principal\/wp-content\/uploads\/2014\/08\/Badano-Cestari.jpg\" data-orig-size=\"620,253\" data-comments-opened=\"1\" data-image-meta=\"{&quot;aperture&quot;:&quot;0&quot;,&quot;credit&quot;:&quot;&quot;,&quot;camera&quot;:&quot;&quot;,&quot;caption&quot;:&quot;&quot;,&quot;created_timestamp&quot;:&quot;0&quot;,&quot;copyright&quot;:&quot;&quot;,&quot;focal_length&quot;:&quot;0&quot;,&quot;iso&quot;:&quot;0&quot;,&quot;shutter_speed&quot;:&quot;0&quot;,&quot;title&quot;:&quot;&quot;}\" data-image-title=\"Badano-Cestari\" data-image-description=\"\" data-image-caption=\"\" data-large-file=\"https:\/\/www.hoymercedes.com.ar\/principal\/wp-content\/uploads\/2014\/08\/Badano-Cestari.jpg\" class=\"aligncenter size-full wp-image-35373\" src=\"https:\/\/www.hoymercedes.com.ar\/principal\/wp-content\/uploads\/2014\/08\/Badano-Cestari.jpg\" alt=\"Badano-Cestari\" width=\"620\" height=\"253\" \/><\/a><\/p>\n<p><em><strong>Los concejales del Mercedes Independiente Comunal (MIC), Jos\u00e9 Cestari y Juan Carlos Badano, presentaron una serie de Proyectos para su tratamiento en la Sesi\u00f3n Ordinaria del pr\u00f3ximo lunes 25 de agosto.<\/strong><\/em><\/p>\n<p>Los mismos son dados a conocer para que la poblaci\u00f3n toda pueda interiorizarse m\u00e1s en el tema.<\/p>\n<p>Tr\u00e1nsito y Seguridad Vial:<\/p>\n<p>1-\u00a0\u00a0\u00a0\u00a0Proyecto de Ordenanza. Art. 1\u00b0. Disp\u00f3nese el corte del cantero en la intersecci\u00f3n de la Avenida 1 y la calle 28, manteniendo la longitud reglamentaria.<\/p>\n<p>2-\u00a0\u00a0\u00a0\u00a0Proyecto de ORDENANZA. Art. 1\u00b0. Constr\u00fayase y col\u00f3quese una se\u00f1al de tr\u00e1nsito con la leyenda \u201cComienzo de calzada dividida\u201d en el extremo del cantero localizado en Acceso Manuel Sanmart\u00edn y calle 110 con vista hacia el sur. Art. 2\u00b0. La se\u00f1al vial se realizar\u00e1 a trav\u00e9s de un cartel que responda a la legislaci\u00f3n vigente.<\/p>\n<p>3-\u00a0\u00a0\u00a0\u00a0Proyecto de ORDENANZA. Art. 1\u00b0. Decl\u00e1rese de Utilidad P\u00fablica, la colocaci\u00f3n de 1 (un) sem\u00e1foro sobre calle 35 con giro y 2 (dos) sem\u00e1foros con giro en calle 110.Art. 2\u00b0. Autorizase al Departamento Ejecutivo a la colocaci\u00f3n de los 3 (tres) sem\u00e1foros descriptos en el art\u00edculo anterior.<\/p>\n<p>4-\u00a0\u00a0\u00a0\u00a0Proyecto de RESOLUCI\u00d3N. Art\u00edculo 1\u00b0. El HCD se dirige al DE para que a trav\u00e9s del \u00e1rea correspondiente proceda a verificar el estado de la se\u00f1alizaci\u00f3n horizontal y vertical de los lomos de burro o reductores de velocidad del Acceso Manuel Sanmart\u00edn entre la Avenida 2 y la Ruta Nacional N\u00b0 5. Art\u00edculo 2\u00b0. En los casos que se considere necesario se proceda a se\u00f1alizar en forma horizontal y vertical adecuadamente.<\/p>\n<p>5-\u00a0\u00a0\u00a0\u00a0Proyecto de Resoluci\u00f3n. Art. 1\u00b0. El HCD se dirige al DE, para que a trav\u00e9s del \u00e1rea correspondiente, proceda a la fiscalizaci\u00f3n y adecuaci\u00f3n de la se\u00f1alizaci\u00f3n correspondiente, seg\u00fan la normativa vigente, en todas las esquinas de la Avenida 17 entre Avenidas 2 y Avenida 40.<\/p>\n<p>Mejoramiento de Calles:<\/p>\n<p>6 &#8211;\u00a0\u00a0Proyecto de RESOLUCI\u00d3N. Art. 1\u00b0. El HCD se dirige al DE, para que a trav\u00e9s del \u00e1rea correspondiente, lleve a cabo el zanjeo y el mejoramiento de la calle 28 entre 107 y 109 para que tenga un \u00f3ptimo escurrimiento.<\/p>\n<p>7 &#8211; Proyecto de Ordenanza. Art. 1\u00b0. Fac\u00faltese al DE para que expropie la superficie necesaria de las parcelas 4F y 4R de la C II, Sec. A Chacra 71, para que el ancho de la calle 50 entre 13 y 11 mantenga las dimensiones como en el resto de su trayectoria.<\/p>\n<p>8 &#8211; Proyecto de RESOLUCI\u00d3N. Art. 1\u00b0. El HCD, se dirige al DE, para que a trav\u00e9s del \u00e1rea correspondiente proceda al mejoramiento de la calle 44, entre 17 y 19 (rellenar los pozos y reparar los ca\u00f1os de cloacas averiados)<\/p>\n<p>9 &#8211; Proyecto de RESOLUCI\u00d3N. Art. 1\u00b0. El HCD se dirige al DE, para que a trav\u00e9s del \u00e1rea correspondiente, proceda a nivelar las tapas de registro (circulares de hierro) en el centro de las siguientes esquinas:<\/p>\n<p>a)\u00a0\u00a0\u00a0\u00a0\u00a0\u00a0\u00a0\u00a0Calles 24 y 9.<\/p>\n<p>b)\u00a0\u00a0\u00a0\u00a0\u00a0\u00a0\u00a0\u00a0Calles 22 y 7.<\/p>\n<p>c)\u00a0\u00a0\u00a0\u00a0\u00a0\u00a0\u00a0\u00a0\u00a0Calles 24 y 7.<\/p>\n<p>d)\u00a0\u00a0\u00a0\u00a0\u00a0\u00a0\u00a0\u00a0Calles 24 y 41.<\/p>\n<p>10- Proyecto de RESOLUCI\u00d3N. Art. 1\u00b0. El HCD, se dirige al DE, para que a trav\u00e9s del \u00e1rea correspondiente proceda al zanjeo y mejoramiento de la calle 57, entre 30 y 32.<\/p>\n<p>Mejoramiento del ambiente:<\/p>\n<p>11- Proyecto de RESOLUCI\u00d3N. Art. 1\u00b0. El HCD se dirige al DE, para que a trav\u00e9s del \u00e1rea correspondiente, proceda a limpiar, peri\u00f3dicamente, la bajada de cordones en la calzada, de ambas manos, de las Avenidas 1, 2, 40 y 47.<\/p>\n","protected":false},"excerpt":{"rendered":"<p>Los concejales del Mercedes Independiente Comunal (MIC), Jos\u00e9 Cestari y Juan Carlos Badano, presentaron una serie de Proyectos para su &#8230; <a title=\"MIC da a conocer proyectos que present\u00f3 para la pr\u00f3xima sesi\u00f3n\" class=\"read-more\" href=\"https:\/\/www.hoymercedes.com.ar\/principal\/2014\/08\/21\/mic-da-a-conocer-proyectos-que-presento-para-la-proxima-sesion\/\" aria-label=\"Leer m\u00e1s sobre MIC da a conocer proyectos que present\u00f3 para la pr\u00f3xima sesi\u00f3n\">Leer m\u00e1s<\/a><\/p>\n","protected":false},"author":1,"featured_media":0,"comment_status":"open","ping_status":"open","sticky":false,"template":"","format":"standard","meta":{"_monsterinsights_skip_tracking":false,"_monsterinsights_sitenote_active":false,"_monsterinsights_sitenote_note":"","_monsterinsights_sitenote_category":0,"jetpack_post_was_ever_published":false,"_jetpack_newsletter_access":"","_jetpack_dont_email_post_to_subs":false,"_jetpack_newsletter_tier_id":0,"_jetpack_memberships_contains_paywalled_content":false,"_jetpack_memberships_contains_paid_content":false,"footnotes":"","jetpack_publicize_message":"","jetpack_publicize_feature_enabled":true,"jetpack_social_post_already_shared":false,"jetpack_social_options":{"image_generator_settings":{"template":"highway","default_image_id":0,"font":"","enabled":false},"version":2},"_wpas_customize_per_network":false},"categories":[5],"tags":[321,1972],"class_list":["post-35370","post","type-post","status-publish","format-standard","hentry","category-politica","tag-jose-cestari","tag-mic","generate-columns","tablet-grid-50","mobile-grid-100","grid-parent","grid-50"],"jetpack_publicize_connections":[],"jetpack_featured_media_url":"","wps_subtitle":"Concejo Deliberante","jetpack_sharing_enabled":true,"_links":{"self":[{"href":"https:\/\/www.hoymercedes.com.ar\/principal\/wp-json\/wp\/v2\/posts\/35370","targetHints":{"allow":["GET"]}}],"collection":[{"href":"https:\/\/www.hoymercedes.com.ar\/principal\/wp-json\/wp\/v2\/posts"}],"about":[{"href":"https:\/\/www.hoymercedes.com.ar\/principal\/wp-json\/wp\/v2\/types\/post"}],"author":[{"embeddable":true,"href":"https:\/\/www.hoymercedes.com.ar\/principal\/wp-json\/wp\/v2\/users\/1"}],"replies":[{"embeddable":true,"href":"https:\/\/www.hoymercedes.com.ar\/principal\/wp-json\/wp\/v2\/comments?post=35370"}],"version-history":[{"count":0,"href":"https:\/\/www.hoymercedes.com.ar\/principal\/wp-json\/wp\/v2\/posts\/35370\/revisions"}],"wp:attachment":[{"href":"https:\/\/www.hoymercedes.com.ar\/principal\/wp-json\/wp\/v2\/media?parent=35370"}],"wp:term":[{"taxonomy":"category","embeddable":true,"href":"https:\/\/www.hoymercedes.com.ar\/principal\/wp-json\/wp\/v2\/categories?post=35370"},{"taxonomy":"post_tag","embeddable":true,"href":"https:\/\/www.hoymercedes.com.ar\/principal\/wp-json\/wp\/v2\/tags?post=35370"}],"curies":[{"name":"wp","href":"https:\/\/api.w.org\/{rel}","templated":true}]}}