{"id":354,"date":"2010-11-17T02:16:51","date_gmt":"2010-11-17T02:16:51","guid":{"rendered":"http:\/\/www.hoymercedes.com.ar\/principal\/?p=354"},"modified":"2010-11-17T02:16:51","modified_gmt":"2010-11-17T02:16:51","slug":"union-pro-busca-regular-la-venta-ambulante","status":"publish","type":"post","link":"https:\/\/www.hoymercedes.com.ar\/principal\/2010\/11\/17\/union-pro-busca-regular-la-venta-ambulante\/","title":{"rendered":"Uni\u00f3n Pro busca regular la venta ambulante"},"content":{"rendered":"<p style=\"text-align: justify;\">El bloque de Concejales de Uni\u00f3n Pro se encuentra analizando cambios en la normativa legal que en la actualidad regula\u00a0 la actividad que pueden realizar los vendedores ambulantes sobre todo aquellos que desarrollan tareas en el radio c\u00e9ntrico de la ciudad.<\/p>\n<p style=\"text-align: justify;\">En tal sentido\u00a0 Carlos\u00a0 Aristi sostuvo \u201cla idea en la que estamos trabajando es buscar una nueva regulaci\u00f3n a trav\u00e9s de una ordenanza en las actividades de venta ambulante que se hace en la ciudad sobre todo en el radio c\u00e9ntrico y los carritos porque\u00a0 puede resultar algo negativo para una persona que tenga un comercio bien instalado, con sus impuestos pagos al d\u00eda, que le pongan en su frente una venta de panchos ambulante lo cual le quita clientes y hasta se pueden generar alg\u00fan tipo de desmanes debido a que en el mismo se llega a veces a juntar grupos de personas.<\/p>\n<p style=\"text-align: justify;\">El an\u00e1lisis que estamos haciendo ser\u00eda en primer t\u00e9rmino de prohibir directamente cualquier tipo de venta ambulante sobre todo lo reitero en el radio c\u00e9ntrico para luego ir analizando caso por caso dando un encuadre definitivo en materia legal para evitar que el centro de Mercedes llegue a parecer un cambalache o un circo como\u00a0 lo que hoy es el Once en la Capital Federal.<\/p>\n<p style=\"text-align: justify;\">Queremos que se haga un an\u00e1lisis completo sobre que tipo de vendedor ambulante se puede ubicar y en que momento, lo l\u00f3gico seria determinar algunos sectores especiales sobre todo en aquellos eventos especiales como fiestas populares, deportivas, o bien que tengan que ver con la celebraci\u00f3n de alg\u00fan hecho en especial, ver si venden productos alimentarios que tipo de control val a tener, donde lo elaboran y si lo hacen en el momento de que lugares se obtiene agua y otros elementos necesarios para tal finalidad, la presencia de fr\u00edo para garantizar el estado de los alimentos, es decir como ver\u00e1n una serie muy importantes de detalles para tener en cuenta.<\/p>\n<p style=\"text-align: justify;\">Vuelvo a reiterar la necesidad de reglamentar muy bien ls venta ambulantes porque si tenemos en cuenta que todos tenemos el mismo derecho de poder vender algo para vivir, vamos a terminar con el centro de la ciudad llena de puestitos de anillos, tortas fritas,pasteles, panchos,\u00a0 etc.,.<\/p>\n<p style=\"text-align: justify;\">Por ahora estamos haciendo el estudio nosotros, luego lo vamos a compartir con los restantes bloques especialmente los que son junto a nosotros opositores y as\u00ed llegaremos seguramente a un proyecto consensuado que sirva para toda la comunidad\u201d.<\/p>\n","protected":false},"excerpt":{"rendered":"<p>El bloque de Concejales de Uni\u00f3n Pro se encuentra analizando cambios en la normativa legal que en la actualidad regula\u00a0 &#8230; <a title=\"Uni\u00f3n Pro busca regular la venta ambulante\" class=\"read-more\" href=\"https:\/\/www.hoymercedes.com.ar\/principal\/2010\/11\/17\/union-pro-busca-regular-la-venta-ambulante\/\" aria-label=\"Leer m\u00e1s sobre Uni\u00f3n Pro busca regular la venta ambulante\">Leer m\u00e1s<\/a><\/p>\n","protected":false},"author":1,"featured_media":0,"comment_status":"open","ping_status":"open","sticky":false,"template":"","format":"standard","meta":{"_monsterinsights_skip_tracking":false,"_monsterinsights_sitenote_active":false,"_monsterinsights_sitenote_note":"","_monsterinsights_sitenote_category":0,"jetpack_post_was_ever_published":false,"_jetpack_newsletter_access":"","_jetpack_dont_email_post_to_subs":false,"_jetpack_newsletter_tier_id":0,"_jetpack_memberships_contains_paywalled_content":false,"_jetpack_memberships_contains_paid_content":false,"footnotes":"","jetpack_publicize_message":"","jetpack_publicize_feature_enabled":true,"jetpack_social_post_already_shared":false,"jetpack_social_options":{"image_generator_settings":{"template":"highway","default_image_id":0,"font":"","enabled":false},"version":2},"_wpas_customize_per_network":false},"categories":[5],"tags":[],"class_list":["post-354","post","type-post","status-publish","format-standard","hentry","category-politica","generate-columns","tablet-grid-50","mobile-grid-100","grid-parent","grid-50"],"jetpack_publicize_connections":[],"jetpack_featured_media_url":"","wps_subtitle":"","jetpack_sharing_enabled":true,"_links":{"self":[{"href":"https:\/\/www.hoymercedes.com.ar\/principal\/wp-json\/wp\/v2\/posts\/354","targetHints":{"allow":["GET"]}}],"collection":[{"href":"https:\/\/www.hoymercedes.com.ar\/principal\/wp-json\/wp\/v2\/posts"}],"about":[{"href":"https:\/\/www.hoymercedes.com.ar\/principal\/wp-json\/wp\/v2\/types\/post"}],"author":[{"embeddable":true,"href":"https:\/\/www.hoymercedes.com.ar\/principal\/wp-json\/wp\/v2\/users\/1"}],"replies":[{"embeddable":true,"href":"https:\/\/www.hoymercedes.com.ar\/principal\/wp-json\/wp\/v2\/comments?post=354"}],"version-history":[{"count":0,"href":"https:\/\/www.hoymercedes.com.ar\/principal\/wp-json\/wp\/v2\/posts\/354\/revisions"}],"wp:attachment":[{"href":"https:\/\/www.hoymercedes.com.ar\/principal\/wp-json\/wp\/v2\/media?parent=354"}],"wp:term":[{"taxonomy":"category","embeddable":true,"href":"https:\/\/www.hoymercedes.com.ar\/principal\/wp-json\/wp\/v2\/categories?post=354"},{"taxonomy":"post_tag","embeddable":true,"href":"https:\/\/www.hoymercedes.com.ar\/principal\/wp-json\/wp\/v2\/tags?post=354"}],"curies":[{"name":"wp","href":"https:\/\/api.w.org\/{rel}","templated":true}]}}