{"id":35400,"date":"2014-08-22T20:35:02","date_gmt":"2014-08-22T23:35:02","guid":{"rendered":"http:\/\/www.hoymercedes.com.ar\/principal\/?p=35400"},"modified":"2014-08-22T20:49:09","modified_gmt":"2014-08-22T23:49:09","slug":"albini-se-sigue-improvisando-y-poniendo-parche-tras-parche-respecto-al-estacionamiento","status":"publish","type":"post","link":"https:\/\/www.hoymercedes.com.ar\/principal\/2014\/08\/22\/albini-se-sigue-improvisando-y-poniendo-parche-tras-parche-respecto-al-estacionamiento\/","title":{"rendered":"Albini: \u00abSe sigue improvisando y poniendo parche tras parche\u00bb, respecto al estacionamiento"},"content":{"rendered":"<p><a href=\"https:\/\/www.hoymercedes.com.ar\/principal\/wp-content\/uploads\/2014\/08\/OscarAlbini-UCR-Mercedes.jpg\"><img loading=\"lazy\" decoding=\"async\" data-attachment-id=\"35401\" data-permalink=\"https:\/\/www.hoymercedes.com.ar\/principal\/2014\/08\/22\/albini-se-sigue-improvisando-y-poniendo-parche-tras-parche-respecto-al-estacionamiento\/oscaralbini-ucr-mercedes\/#main\" data-orig-file=\"https:\/\/www.hoymercedes.com.ar\/principal\/wp-content\/uploads\/2014\/08\/OscarAlbini-UCR-Mercedes.jpg\" data-orig-size=\"620,668\" data-comments-opened=\"1\" data-image-meta=\"{&quot;aperture&quot;:&quot;4.9&quot;,&quot;credit&quot;:&quot;&quot;,&quot;camera&quot;:&quot;COOLPIX L310&quot;,&quot;caption&quot;:&quot;&quot;,&quot;created_timestamp&quot;:&quot;1408048333&quot;,&quot;copyright&quot;:&quot;&quot;,&quot;focal_length&quot;:&quot;27&quot;,&quot;iso&quot;:&quot;400&quot;,&quot;shutter_speed&quot;:&quot;0.0333333333333&quot;,&quot;title&quot;:&quot;&quot;}\" data-image-title=\"OscarAlbini-UCR-Mercedes\" data-image-description=\"\" data-image-caption=\"\" data-large-file=\"https:\/\/www.hoymercedes.com.ar\/principal\/wp-content\/uploads\/2014\/08\/OscarAlbini-UCR-Mercedes.jpg\" class=\"Img2014 aligncenter wp-image-35401 size-full\" src=\"https:\/\/www.hoymercedes.com.ar\/principal\/wp-content\/uploads\/2014\/08\/OscarAlbini-UCR-Mercedes.jpg\" alt=\"OscarAlbini-UCR-Mercedes\" width=\"620\" height=\"668\" srcset=\"https:\/\/www.hoymercedes.com.ar\/principal\/wp-content\/uploads\/2014\/08\/OscarAlbini-UCR-Mercedes.jpg 620w, https:\/\/www.hoymercedes.com.ar\/principal\/wp-content\/uploads\/2014\/08\/OscarAlbini-UCR-Mercedes-575x620.jpg 575w\" sizes=\"auto, (max-width: 620px) 100vw, 620px\" \/><\/a><\/p>\n<p><em><strong>(UCR) Oscar Albini, presidente de la Uni\u00f3n C\u00edvica Radical de nuestra ciudad, flamantes integrantes de la fuerza UNEN, expuso la opini\u00f3n del partido sobre diversos temas de la ciudad. Desde el d\u00eda de la primavera al estacionamiento medido o el presupuesto.<\/strong><\/em><\/p>\n<p><strong>Estacionamiento Medido<\/strong><\/p>\n<p>\u00abLamentamos mucho la situaci\u00f3n que se ha dado en el Concejo Deliberante con respecto al estacionamiento medido. Se sigue improvisando y poniendo parche tras parche.\u00bb, dijo Oscar Albini.<\/p>\n<p>\u00abCon los argumentos del MIC, ahora deber\u00edan presentar una nota por los vecinos de la 17 y la 35 y modificarla; y as\u00ed sucesivamente y de seguro el radio lo ampliar\u00edan hasta los l\u00edmites dela ciudad.\u00bb en clara alusi\u00f3n al inesperado y sorprendente cambio de posici\u00f3n de los concejales Jos\u00e9 Cestari y Juan Carlos Badano, que le permiti\u00f3 al Selvismo aumentar el radio del estacionamiento medido. \u00abHoy los comerciantes y vecinos tienen 250 lugares menos para estacionar los d\u00edas de semana, es una medida recaudatoria.\u00bb, concluy\u00f3.<\/p>\n<p><strong>D\u00eda de la Primavera<\/strong><\/p>\n<p>\u00abVecinos de la zona del Acceso Manuel Sanmart\u00edn nos han transmitido su preocupaci\u00f3n\u00bb coment\u00f3 Oscar Albini ya que \u00ab&#8230;estos festejos ocasionan en los vecinos innumerables cantidad de inconvenientes, impidiendo la circulaci\u00f3n, el normal desarrollo del barrio, ruidos molestos, consumo de alcohol en la v\u00eda p\u00fablica, etc, etc.\u00bb<\/p>\n<p>Record\u00f3 tambi\u00e9n que \u00bb el a\u00f1o pasado a tan solo 3 d\u00edas del festejo, el intendente convoc\u00f3 a todas las fuerzas pol\u00edticas a una reuni\u00f3n para ponernos en situaci\u00f3n y qued\u00f3 el compromiso de una convocatoria desde inicio del pr\u00f3ximo a\u00f1o para tratar de entre todos lograr que sea una verdadera fiesta. Dicha convocatoria nunca lleg\u00f3.\u00bb y agreg\u00f3 \u00abel pasado d\u00eda 2 de Octubre, en una reuni\u00f3n llevada a cabo junto al Intendente Carlos Selva, en un domicilio del barrio involucrado, de la que participaron muchos vecinos, la concejal Mercedes Mazzochi y el en ese momento candidato hoy concejal Juan Navarro, se les manifest\u00f3 claramente la voz del barrio diciendo que no quer\u00edan volver a repetir malas experiencias como lo vienen haciendo desde hace unos a\u00f1os. El se\u00f1or Carlos Selva entendi\u00f3 la situaci\u00f3n y manifest\u00f3 que no deber\u00eda repetirse para este a\u00f1o lo sucedido; por lo tanto los vecinos est\u00e1n a la espera de una respuesta.<\/p>\n<p>A ra\u00edz de esta situaci\u00f3n hemos presentado un proyecto ante el Concejo Deliberante solicitando al se\u00f1or Intendente un pedido de informe sobre qu\u00e9 medidas tomaran ante dicho evento.<\/p>\n<p><strong>Presupuesto<\/strong><\/p>\n<p>\u00abLa ampliaci\u00f3n del presupuesto es algo que deber\u00e1n analizar muy bien los concejales que tienen el acceso a lo ya ejecutado y podr\u00e1n analizarlo mejor. Es entendible que la inflaci\u00f3n est\u00e1 haciendo estragos en los bolsillos de la gente.\u00bb<\/p>\n<p>\u00abAl momento del realizarse el presupuesto en octubre del 2013 el gas oil val\u00eda $7,299 y hoy vale 11,089 un 52 % m\u00e1s caro. Seguramente se complica la realizaci\u00f3n de las tareas. Pero me pregunto durante el primer semestre las m\u00e1quinas trabajaron de manera tal que consumieron todo el gas oil presupuestado.\u00bb<\/p>\n<p>\u00abTambi\u00e9n me pregunto no habr\u00e1 demasiado gasto en la planta pol\u00edtica entre coordinadores, directores y muchos cargos m\u00e1s\u00bb<\/p>\n<p>Otros proyectos presentados<\/p>\n<p>Se solicit\u00f3 la reparaci\u00f3n de la calle 36 entre 1 y 3 ya que la misma est\u00e1 intransitable y los vecinos y padres que llevan a sus hijos al colegio Santa Mar\u00eda se ven afectados.<\/p>\n<p>Se solicit\u00f3 rampas para discapacitados en varias intersecciones sobre calle 34.<\/p>\n<p>Se solicit\u00f3 la reparaci\u00f3n de calle 11 esquina 138, calle 11 esquina 118 y en calle 11 a 200 mts de la ruta 5 con pozos peligrosos para los que circulan por dicha arteria.<\/p>\n","protected":false},"excerpt":{"rendered":"<p>(UCR) Oscar Albini, presidente de la Uni\u00f3n C\u00edvica Radical de nuestra ciudad, flamantes integrantes de la fuerza UNEN, expuso la &#8230; <a title=\"Albini: \u00abSe sigue improvisando y poniendo parche tras parche\u00bb, respecto al estacionamiento\" class=\"read-more\" href=\"https:\/\/www.hoymercedes.com.ar\/principal\/2014\/08\/22\/albini-se-sigue-improvisando-y-poniendo-parche-tras-parche-respecto-al-estacionamiento\/\" aria-label=\"Leer m\u00e1s sobre Albini: \u00abSe sigue improvisando y poniendo parche tras parche\u00bb, respecto al estacionamiento\">Leer m\u00e1s<\/a><\/p>\n","protected":false},"author":1,"featured_media":0,"comment_status":"open","ping_status":"open","sticky":false,"template":"","format":"standard","meta":{"_monsterinsights_skip_tracking":false,"_monsterinsights_sitenote_active":false,"_monsterinsights_sitenote_note":"","_monsterinsights_sitenote_category":0,"jetpack_post_was_ever_published":false,"_jetpack_newsletter_access":"","_jetpack_dont_email_post_to_subs":false,"_jetpack_newsletter_tier_id":0,"_jetpack_memberships_contains_paywalled_content":false,"_jetpack_memberships_contains_paid_content":false,"footnotes":"","jetpack_publicize_message":"","jetpack_publicize_feature_enabled":true,"jetpack_social_post_already_shared":false,"jetpack_social_options":{"image_generator_settings":{"template":"highway","default_image_id":0,"font":"","enabled":false},"version":2},"_wpas_customize_per_network":false},"categories":[5],"tags":[2834,5868,217,5232],"class_list":["post-35400","post","type-post","status-publish","format-standard","hentry","category-politica","tag-oscar-albini","tag-partido-ucr","tag-ucr-mercedes","tag-unen-mercedes","generate-columns","tablet-grid-50","mobile-grid-100","grid-parent","grid-50"],"jetpack_publicize_connections":[],"jetpack_featured_media_url":"","wps_subtitle":"Desde la Uni\u00f3n C\u00edvica Radical","jetpack_sharing_enabled":true,"_links":{"self":[{"href":"https:\/\/www.hoymercedes.com.ar\/principal\/wp-json\/wp\/v2\/posts\/35400","targetHints":{"allow":["GET"]}}],"collection":[{"href":"https:\/\/www.hoymercedes.com.ar\/principal\/wp-json\/wp\/v2\/posts"}],"about":[{"href":"https:\/\/www.hoymercedes.com.ar\/principal\/wp-json\/wp\/v2\/types\/post"}],"author":[{"embeddable":true,"href":"https:\/\/www.hoymercedes.com.ar\/principal\/wp-json\/wp\/v2\/users\/1"}],"replies":[{"embeddable":true,"href":"https:\/\/www.hoymercedes.com.ar\/principal\/wp-json\/wp\/v2\/comments?post=35400"}],"version-history":[{"count":0,"href":"https:\/\/www.hoymercedes.com.ar\/principal\/wp-json\/wp\/v2\/posts\/35400\/revisions"}],"wp:attachment":[{"href":"https:\/\/www.hoymercedes.com.ar\/principal\/wp-json\/wp\/v2\/media?parent=35400"}],"wp:term":[{"taxonomy":"category","embeddable":true,"href":"https:\/\/www.hoymercedes.com.ar\/principal\/wp-json\/wp\/v2\/categories?post=35400"},{"taxonomy":"post_tag","embeddable":true,"href":"https:\/\/www.hoymercedes.com.ar\/principal\/wp-json\/wp\/v2\/tags?post=35400"}],"curies":[{"name":"wp","href":"https:\/\/api.w.org\/{rel}","templated":true}]}}