{"id":35435,"date":"2014-08-25T00:49:57","date_gmt":"2014-08-25T03:49:57","guid":{"rendered":"http:\/\/www.hoymercedes.com.ar\/principal\/?p=35435"},"modified":"2014-08-25T00:49:57","modified_gmt":"2014-08-25T03:49:57","slug":"frente-mercedino-propone-modalidad-de-consultas-populares","status":"publish","type":"post","link":"https:\/\/www.hoymercedes.com.ar\/principal\/2014\/08\/25\/frente-mercedino-propone-modalidad-de-consultas-populares\/","title":{"rendered":"Frente Mercedino propone modalidad de \u00abConsultas populares\u00bb"},"content":{"rendered":"<p><em><strong>Los vecinos de nuestra ciudad podr\u00e1n fomentar, apoyar o cuestionar medidas que los afecten en su conjunto, si prospera una idea del bloque de concejales del Frente Mercedino para la Victoria para impulsar el instrumento de las \u201cconsultas populares\u201d.<\/strong><\/em><\/p>\n<p>El proyecto de ordenanza -con un amplio articulado t\u00e9cnico y s\u00f3lida argumentaci\u00f3n- ser\u00e1 presentado por el bloque que preside Juan Ignacio Ustarroz en la sesi\u00f3n que el Honorable Concejo Deliberante realizar\u00e1 este lunes.<\/p>\n<p>\u201cLa reforma tanto de la Constituci\u00f3n Nacional como de la Provincial, en 1994, cre\u00f3 la figura de la \u2018Consulta Popular\u2019 como un instrumento para ampliar la democracia y permitir la participaci\u00f3n de los vecinos en lo que tiene que ver con medidas que los afecten en su conjunto, y a nosotros nos parece una herramienta muy valiosa para trabajar en nuestra ciudad\u201d, expresaron los concejales del Frente Mercedino.<\/p>\n<p>\u201cLa implementaci\u00f3n de pol\u00edticas profundas, que garanticen la participaci\u00f3n popular, es fundamental para el afianzamiento de la democracia. Estamos en la obligaci\u00f3n, como cuerpo legislativo, de abrir nuestras puertas para que todos puedan expresar su voz, tal como lo estamos viendo con el uso de la banca participativa\u201d; dijeron.<\/p>\n<p>Seg\u00fan el bloque, \u201cesta herramienta ser\u00eda muy \u00fatil, por ejemplo, para resolver la pol\u00e9mica instalada por el sistema de estacionamiento medido, en la que el intendente viene tomando medidas inconsultas desde su aplicaci\u00f3n, desoyendo reclamos de vecinos y comerciantes e impidiendo un debate serio que derive en un diagn\u00f3stico\u201d.<\/p>\n<p>La Consulta Popular es considerada por la Constituci\u00f3n como un instituto de democracia semidirecta; y ya son mayor\u00eda las provincias que la han aplicado. En el caso de los municipios, el primero en utilizarla fue General Pueyrred\u00f3n (Mar del Plata), en 1996. El Congreso de la Naci\u00f3n, en 2011, dict\u00f3 a su vez la ley 25.432, con la que le da a la Consulta Popular dos opciones: vinculante y no vinculante. El proyecto del Frente Mercedino contempla las dos alternativas y le permite a la comunidad \u201casumir su capacidad decisoria en temas que la afectan en su conjunto\u201d.<\/p>\n<p>\u201cEste instituto \u2013agregaron desde el espacio pol\u00edtico-, al que podr\u00e1n convocar tanto el Ejecutivo como el Concejo Deliberante, alentar\u00e1 y fortalecer\u00e1 la participaci\u00f3n de los vecinos en el manejo de los asuntos p\u00fablicos; desarrollando un nuevo mecanismo de control en el ejercicio del poder; y otorgar\u00e1 a las decisiones pol\u00edticas trascendentes que de ella surja, una contundencia in\u00e9dita en cuanto a su legitimidad\u201d.<\/p>\n<p>Para las consultas populares vinculantes (su resultado determina la validez de una ordenanza), el proyecto establece la obligatoriedad del voto; y no as\u00ed cuando la consulta no es vinculante. \u201cAmpliar los espacios de debate y escuchar todas las voces es fundamental en la construcci\u00f3n de una sociedad mejor, m\u00e1s justa, y por eso esperamos el acompa\u00f1amiento de todos los bloques\u201d, cerraron desde el FMpV.<\/p>\n<p>&nbsp;<\/p>\n<p>&nbsp;<\/p>\n<p>&nbsp;<\/p>\n","protected":false},"excerpt":{"rendered":"<p>Los vecinos de nuestra ciudad podr\u00e1n fomentar, apoyar o cuestionar medidas que los afecten en su conjunto, si prospera una &#8230; <a title=\"Frente Mercedino propone modalidad de \u00abConsultas populares\u00bb\" class=\"read-more\" href=\"https:\/\/www.hoymercedes.com.ar\/principal\/2014\/08\/25\/frente-mercedino-propone-modalidad-de-consultas-populares\/\" aria-label=\"Leer m\u00e1s sobre Frente Mercedino propone modalidad de \u00abConsultas populares\u00bb\">Leer m\u00e1s<\/a><\/p>\n","protected":false},"author":1,"featured_media":0,"comment_status":"open","ping_status":"open","sticky":false,"template":"","format":"standard","meta":{"_monsterinsights_skip_tracking":false,"_monsterinsights_sitenote_active":false,"_monsterinsights_sitenote_note":"","_monsterinsights_sitenote_category":0,"jetpack_post_was_ever_published":false,"_jetpack_newsletter_access":"","_jetpack_dont_email_post_to_subs":false,"_jetpack_newsletter_tier_id":0,"_jetpack_memberships_contains_paywalled_content":false,"_jetpack_memberships_contains_paid_content":false,"footnotes":"","jetpack_publicize_message":"","jetpack_publicize_feature_enabled":true,"jetpack_social_post_already_shared":false,"jetpack_social_options":{"image_generator_settings":{"template":"highway","default_image_id":0,"font":"","enabled":false},"version":2},"_wpas_customize_per_network":false},"categories":[5],"tags":[5877,379],"class_list":["post-35435","post","type-post","status-publish","format-standard","hentry","category-politica","tag-consultas-populares","tag-frente-mercedino-para-la-victoria","generate-columns","tablet-grid-50","mobile-grid-100","grid-parent","grid-50"],"jetpack_publicize_connections":[],"jetpack_featured_media_url":"","wps_subtitle":"Sostienen mejorar\u00e1 la democracia","jetpack_sharing_enabled":true,"_links":{"self":[{"href":"https:\/\/www.hoymercedes.com.ar\/principal\/wp-json\/wp\/v2\/posts\/35435","targetHints":{"allow":["GET"]}}],"collection":[{"href":"https:\/\/www.hoymercedes.com.ar\/principal\/wp-json\/wp\/v2\/posts"}],"about":[{"href":"https:\/\/www.hoymercedes.com.ar\/principal\/wp-json\/wp\/v2\/types\/post"}],"author":[{"embeddable":true,"href":"https:\/\/www.hoymercedes.com.ar\/principal\/wp-json\/wp\/v2\/users\/1"}],"replies":[{"embeddable":true,"href":"https:\/\/www.hoymercedes.com.ar\/principal\/wp-json\/wp\/v2\/comments?post=35435"}],"version-history":[{"count":0,"href":"https:\/\/www.hoymercedes.com.ar\/principal\/wp-json\/wp\/v2\/posts\/35435\/revisions"}],"wp:attachment":[{"href":"https:\/\/www.hoymercedes.com.ar\/principal\/wp-json\/wp\/v2\/media?parent=35435"}],"wp:term":[{"taxonomy":"category","embeddable":true,"href":"https:\/\/www.hoymercedes.com.ar\/principal\/wp-json\/wp\/v2\/categories?post=35435"},{"taxonomy":"post_tag","embeddable":true,"href":"https:\/\/www.hoymercedes.com.ar\/principal\/wp-json\/wp\/v2\/tags?post=35435"}],"curies":[{"name":"wp","href":"https:\/\/api.w.org\/{rel}","templated":true}]}}