{"id":35444,"date":"2014-08-25T13:23:06","date_gmt":"2014-08-25T16:23:06","guid":{"rendered":"http:\/\/www.hoymercedes.com.ar\/principal\/?p=35444"},"modified":"2014-08-31T23:04:31","modified_gmt":"2014-09-01T02:04:31","slug":"conoce-los-temas-que-tratara-el-concejo-deliberante","status":"publish","type":"post","link":"https:\/\/www.hoymercedes.com.ar\/principal\/2014\/08\/25\/conoce-los-temas-que-tratara-el-concejo-deliberante\/","title":{"rendered":"Conoc\u00e9 los temas que tratar\u00e1 el Concejo Deliberante"},"content":{"rendered":"<p><em><strong>Este lunes, desde las 19.00hs, sesionar\u00e1 una vez m\u00e1s el Concejo Deliberante de nuestra ciudad. En el \u00faltimo tiempo, muy saludablemente, a pesar de que algunos ediles opinen lo contrario, se ha empezado a utilizar la banca ciudadana. Se espera \u00e9ste lunes podr\u00eda darse nuevamente.<\/strong><\/em><\/p>\n<p>Diversos temas de inter\u00e9s ciudadanos ser\u00e1n tratados.<\/p>\n<p>Ent\u00e9rate de todos ellos mirando el orden del d\u00eda:<\/p>\n<p>&nbsp;<\/p>\n<div class=\"issuuembed\" style=\"width: 620px; height: 438px;\" data-configid=\"5622510\/9056941\"><\/div>\n<p><script src=\"\/\/e.issuu.com\/embed.js\" async=\"true\"><\/script><\/p>\n","protected":false},"excerpt":{"rendered":"<p>Este lunes, desde las 19.00hs, sesionar\u00e1 una vez m\u00e1s el Concejo Deliberante de nuestra ciudad. En el \u00faltimo tiempo, muy &#8230; <a title=\"Conoc\u00e9 los temas que tratar\u00e1 el Concejo Deliberante\" class=\"read-more\" href=\"https:\/\/www.hoymercedes.com.ar\/principal\/2014\/08\/25\/conoce-los-temas-que-tratara-el-concejo-deliberante\/\" aria-label=\"Leer m\u00e1s sobre Conoc\u00e9 los temas que tratar\u00e1 el Concejo Deliberante\">Leer m\u00e1s<\/a><\/p>\n","protected":false},"author":1,"featured_media":0,"comment_status":"open","ping_status":"open","sticky":false,"template":"","format":"standard","meta":{"_monsterinsights_skip_tracking":false,"_monsterinsights_sitenote_active":false,"_monsterinsights_sitenote_note":"","_monsterinsights_sitenote_category":0,"jetpack_post_was_ever_published":false,"_jetpack_newsletter_access":"","_jetpack_dont_email_post_to_subs":false,"_jetpack_newsletter_tier_id":0,"_jetpack_memberships_contains_paywalled_content":false,"_jetpack_memberships_contains_paid_content":false,"footnotes":"","jetpack_publicize_message":"","jetpack_publicize_feature_enabled":true,"jetpack_social_post_already_shared":false,"jetpack_social_options":{"image_generator_settings":{"template":"highway","default_image_id":0,"font":"","enabled":false},"version":2},"_wpas_customize_per_network":false},"categories":[5],"tags":[45],"class_list":["post-35444","post","type-post","status-publish","format-standard","hentry","category-politica","tag-concejo-deliberante-mercedes","generate-columns","tablet-grid-50","mobile-grid-100","grid-parent","grid-50"],"jetpack_publicize_connections":[],"jetpack_featured_media_url":"","wps_subtitle":"Sesi\u00f3n 25 de agosto","jetpack_sharing_enabled":true,"_links":{"self":[{"href":"https:\/\/www.hoymercedes.com.ar\/principal\/wp-json\/wp\/v2\/posts\/35444","targetHints":{"allow":["GET"]}}],"collection":[{"href":"https:\/\/www.hoymercedes.com.ar\/principal\/wp-json\/wp\/v2\/posts"}],"about":[{"href":"https:\/\/www.hoymercedes.com.ar\/principal\/wp-json\/wp\/v2\/types\/post"}],"author":[{"embeddable":true,"href":"https:\/\/www.hoymercedes.com.ar\/principal\/wp-json\/wp\/v2\/users\/1"}],"replies":[{"embeddable":true,"href":"https:\/\/www.hoymercedes.com.ar\/principal\/wp-json\/wp\/v2\/comments?post=35444"}],"version-history":[{"count":0,"href":"https:\/\/www.hoymercedes.com.ar\/principal\/wp-json\/wp\/v2\/posts\/35444\/revisions"}],"wp:attachment":[{"href":"https:\/\/www.hoymercedes.com.ar\/principal\/wp-json\/wp\/v2\/media?parent=35444"}],"wp:term":[{"taxonomy":"category","embeddable":true,"href":"https:\/\/www.hoymercedes.com.ar\/principal\/wp-json\/wp\/v2\/categories?post=35444"},{"taxonomy":"post_tag","embeddable":true,"href":"https:\/\/www.hoymercedes.com.ar\/principal\/wp-json\/wp\/v2\/tags?post=35444"}],"curies":[{"name":"wp","href":"https:\/\/api.w.org\/{rel}","templated":true}]}}