{"id":35481,"date":"2014-08-26T12:21:22","date_gmt":"2014-08-26T15:21:22","guid":{"rendered":"http:\/\/www.hoymercedes.com.ar\/principal\/?p=35481"},"modified":"2014-08-26T12:21:22","modified_gmt":"2014-08-26T15:21:22","slug":"fmpv-propone-compre-mercedino-en-el-dia-de-la-madre","status":"publish","type":"post","link":"https:\/\/www.hoymercedes.com.ar\/principal\/2014\/08\/26\/fmpv-propone-compre-mercedino-en-el-dia-de-la-madre\/","title":{"rendered":"FMpV propone: \u00abCompre mercedino\u00bb en el d\u00eda de la madre"},"content":{"rendered":"<p><a href=\"https:\/\/www.hoymercedes.com.ar\/principal\/wp-content\/uploads\/2014\/08\/cem-fmpv.jpg\"><img loading=\"lazy\" decoding=\"async\" data-attachment-id=\"35482\" data-permalink=\"https:\/\/www.hoymercedes.com.ar\/principal\/2014\/08\/26\/fmpv-propone-compre-mercedino-en-el-dia-de-la-madre\/cem-fmpv\/#main\" data-orig-file=\"https:\/\/www.hoymercedes.com.ar\/principal\/wp-content\/uploads\/2014\/08\/cem-fmpv.jpg\" data-orig-size=\"620,414\" data-comments-opened=\"1\" data-image-meta=\"{&quot;aperture&quot;:&quot;0&quot;,&quot;credit&quot;:&quot;&quot;,&quot;camera&quot;:&quot;&quot;,&quot;caption&quot;:&quot;&quot;,&quot;created_timestamp&quot;:&quot;0&quot;,&quot;copyright&quot;:&quot;&quot;,&quot;focal_length&quot;:&quot;0&quot;,&quot;iso&quot;:&quot;0&quot;,&quot;shutter_speed&quot;:&quot;0&quot;,&quot;title&quot;:&quot;&quot;}\" data-image-title=\"cem-fmpv\" data-image-description=\"\" data-image-caption=\"\" data-large-file=\"https:\/\/www.hoymercedes.com.ar\/principal\/wp-content\/uploads\/2014\/08\/cem-fmpv.jpg\" class=\"Img2014 aligncenter wp-image-35482 size-full\" src=\"https:\/\/www.hoymercedes.com.ar\/principal\/wp-content\/uploads\/2014\/08\/cem-fmpv.jpg\" alt=\"cem-fmpv\" width=\"620\" height=\"414\" \/><\/a><\/p>\n<p><em><strong>El presidente del bloque de concejales del Frente Mercedino para la Victoria, Juan Ignacio Ustarroz, mostr\u00f3 su expectativa de \u201cllegar al D\u00eda de la Madre, en octubre, con la aprobaci\u00f3n del proyecto \u00abCompre Mercedino\u00bb, a trav\u00e9s del que los peque\u00f1os comerciantes de la ciudad podr\u00e1n volver a vender hasta en 12 cuotas y sin inter\u00e9s con las distintas tarjetas de cr\u00e9dito.<\/strong><\/em><\/p>\n<p>\u201cCreemos que el resto de los bloques han visto con buenos ojos el proyecto que presentamos en una sesi\u00f3n pasada y tenemos la ilusi\u00f3n de que se pueda aprobar en los pr\u00f3ximos d\u00edas, de manera de llegar al D\u00eda de la Madre, en octubre, con esta iniciativa ya en marcha\u201d, explic\u00f3 Juani Ustarroz.<\/p>\n<p>El concejal cit\u00f3 el D\u00eda de la Madre \u201ccomo una fecha simb\u00f3lica, en la que suele haber un aumento del consumo, pero est\u00e1 claro que los beneficios del proyecto exceden largamente la realizaci\u00f3n de una fecha puntual\u201d.<\/p>\n<p>\u201cTenemos un escenario en el que los comercios necesitan ofrecerles a los vecinos distintas motivaciones, como de hecho estamos viendo hoy, sobre todo en los locales del centro, una serie de ofertas y promociones. Este proyecto va justamente en ese sentido, en el de dinamizar el mercado interno y permitirles a los peque\u00f1os comercios una herramienta que s\u00ed tienen por ejemplo las cadenas de supermercados. Es darles igualdad de condiciones\u201d, agreg\u00f3.<\/p>\n<p>La propuesta, actualmente trabajada en comisi\u00f3n, consiste espec\u00edficamente en eximir a las tarjetas de cr\u00e9dito del pago de la tasa por publicidad y propaganda a la que los obliga la exhibici\u00f3n, en las vidrieras, de sus calcoman\u00edas y carteles. A cambio, les permitir\u00e1n a los comerciantes volver a ofrecer la venta de sus productos hasta en 12 cuotas sin inter\u00e9s o, directamente, distintos descuentos.<\/p>\n<p>\u201cExiste un convenio entre la CAME (Confederaci\u00f3n Argentina de la Mediana Empresa) y la ATACYC (C\u00e1mara de Tarjetas de Cr\u00e9dito y Compra) para aplicar en los municipios, para la compra-venta con tarjeta hasta en doce cuotas y sin inter\u00e9s. Es una herramienta muy importante que nosotros proponemos poner a disposici\u00f3n de los comercios de nuestra ciudad y que tambi\u00e9n les va a servir much\u00edsimo a los consumidores\u201d, hab\u00eda especificado Ustarroz al momento de la presentaci\u00f3n de esta iniciativa<\/p>\n<p>La aprobaci\u00f3n de este proyecto requiere de una modificaci\u00f3n en la Ordenanza Fiscal e Impositiva, tr\u00e1mite que, seg\u00fan Ustarroz, no deber\u00eda ser obst\u00e1culo. \u201cNadie desconoce que el comercio es uno de los principales motores de la econom\u00eda mercedina y uno de los sectores que m\u00e1s puestos de empleo genera. Fomentar el consumo, incentivar nuestro mercado, es un argumento m\u00e1s que suficiente para avanzar. Para nosotros es una prioridad\u201d, explic\u00f3.<\/p>\n<p>Seg\u00fan datos de la C\u00e1mara Econ\u00f3mica Mercedina, si se toman en cuenta los d\u00edas festivos (D\u00eda del Padre, el propio D\u00eda de la Madre, D\u00eda del Ni\u00f1o, etc.) el porcentaje de aumento en las ventas en nuestra ciudad es importante pero inferior al crecimiento interanual de otras localidades cercanas.<\/p>\n<p>\u201cEste proyecto apunta a darle competitividad al comercio de nuestra ciudad, permitirles un crecimiento que luego redunde en m\u00e1s y mejores beneficios para todos. Promover un c\u00edrculo virtuoso y acompa\u00f1ar el excelente trabajo que viene realizando justamente la C\u00e1mara Econ\u00f3mica, con su presidente Juan Carlos Cardinale y el resto de sus integrantes\u201d, reiter\u00f3 \u2018Juani\u2019, quien en su condici\u00f3n de gerente regional de la ANSES tambi\u00e9n record\u00f3 otros convenios suscriptos con locales de Mercedes justamente para incentivar el consumo.<\/p>\n<p>\u201cHicimos acuerdos con corralones que les ofrecen descuentos a los vecinos sorteados en el Procrear. Mucha gente iba a buscar mejores precios a otros lugares y lo hemos podido revertir con la buena voluntad de los corralones de nuestra ciudad y la certeza de que la medida nos favorece a todos. Lo mismo sucede con los beneficios de la tarjeta Argenta para los jubilados. Este proyecto recorre id\u00e9ntico camino \u2013concluy\u00f3 Ustarroz-. Que el dinero de los mercedinos se quede en Mercedes\u201d<\/p>\n<p>&nbsp;<\/p>\n<p>&nbsp;<\/p>\n<p>&nbsp;<\/p>\n","protected":false},"excerpt":{"rendered":"<p>El presidente del bloque de concejales del Frente Mercedino para la Victoria, Juan Ignacio Ustarroz, mostr\u00f3 su expectativa de \u201cllegar &#8230; <a title=\"FMpV propone: \u00abCompre mercedino\u00bb en el d\u00eda de la madre\" class=\"read-more\" href=\"https:\/\/www.hoymercedes.com.ar\/principal\/2014\/08\/26\/fmpv-propone-compre-mercedino-en-el-dia-de-la-madre\/\" aria-label=\"Leer m\u00e1s sobre FMpV propone: \u00abCompre mercedino\u00bb en el d\u00eda de la madre\">Leer m\u00e1s<\/a><\/p>\n","protected":false},"author":1,"featured_media":0,"comment_status":"open","ping_status":"open","sticky":false,"template":"","format":"standard","meta":{"_monsterinsights_skip_tracking":false,"_monsterinsights_sitenote_active":false,"_monsterinsights_sitenote_note":"","_monsterinsights_sitenote_category":0,"jetpack_post_was_ever_published":false,"_jetpack_newsletter_access":"","_jetpack_dont_email_post_to_subs":false,"_jetpack_newsletter_tier_id":0,"_jetpack_memberships_contains_paywalled_content":false,"_jetpack_memberships_contains_paid_content":false,"footnotes":"","jetpack_publicize_message":"","jetpack_publicize_feature_enabled":true,"jetpack_social_post_already_shared":false,"jetpack_social_options":{"image_generator_settings":{"template":"highway","default_image_id":0,"font":"","enabled":false},"version":2},"_wpas_customize_per_network":false},"categories":[5],"tags":[5886,1007,585],"class_list":["post-35481","post","type-post","status-publish","format-standard","hentry","category-politica","tag-compre-mercedino","tag-frente-mercedino","tag-juan-ustarroz","generate-columns","tablet-grid-50","mobile-grid-100","grid-parent","grid-50"],"jetpack_publicize_connections":[],"jetpack_featured_media_url":"","wps_subtitle":"Para revitalizar el comercio local","jetpack_sharing_enabled":true,"_links":{"self":[{"href":"https:\/\/www.hoymercedes.com.ar\/principal\/wp-json\/wp\/v2\/posts\/35481","targetHints":{"allow":["GET"]}}],"collection":[{"href":"https:\/\/www.hoymercedes.com.ar\/principal\/wp-json\/wp\/v2\/posts"}],"about":[{"href":"https:\/\/www.hoymercedes.com.ar\/principal\/wp-json\/wp\/v2\/types\/post"}],"author":[{"embeddable":true,"href":"https:\/\/www.hoymercedes.com.ar\/principal\/wp-json\/wp\/v2\/users\/1"}],"replies":[{"embeddable":true,"href":"https:\/\/www.hoymercedes.com.ar\/principal\/wp-json\/wp\/v2\/comments?post=35481"}],"version-history":[{"count":0,"href":"https:\/\/www.hoymercedes.com.ar\/principal\/wp-json\/wp\/v2\/posts\/35481\/revisions"}],"wp:attachment":[{"href":"https:\/\/www.hoymercedes.com.ar\/principal\/wp-json\/wp\/v2\/media?parent=35481"}],"wp:term":[{"taxonomy":"category","embeddable":true,"href":"https:\/\/www.hoymercedes.com.ar\/principal\/wp-json\/wp\/v2\/categories?post=35481"},{"taxonomy":"post_tag","embeddable":true,"href":"https:\/\/www.hoymercedes.com.ar\/principal\/wp-json\/wp\/v2\/tags?post=35481"}],"curies":[{"name":"wp","href":"https:\/\/api.w.org\/{rel}","templated":true}]}}