{"id":35503,"date":"2014-08-26T22:47:27","date_gmt":"2014-08-27T01:47:27","guid":{"rendered":"http:\/\/www.hoymercedes.com.ar\/principal\/?p=35503"},"modified":"2014-08-26T22:47:27","modified_gmt":"2014-08-27T01:47:27","slug":"benitez-ofrecio-plan-de-terminalidad-de-estudios-en-barrio-esperanza","status":"publish","type":"post","link":"https:\/\/www.hoymercedes.com.ar\/principal\/2014\/08\/26\/benitez-ofrecio-plan-de-terminalidad-de-estudios-en-barrio-esperanza\/","title":{"rendered":"Benitez ofreci\u00f3 plan de terminalidad de estudios en Barrio Esperanza"},"content":{"rendered":"<p><a href=\"https:\/\/www.hoymercedes.com.ar\/principal\/wp-content\/uploads\/2014\/08\/Benitez-Espanza-PRO.jpg\"><img loading=\"lazy\" decoding=\"async\" data-attachment-id=\"35504\" data-permalink=\"https:\/\/www.hoymercedes.com.ar\/principal\/2014\/08\/26\/benitez-ofrecio-plan-de-terminalidad-de-estudios-en-barrio-esperanza\/benitez-espanza-pro\/#main\" data-orig-file=\"https:\/\/www.hoymercedes.com.ar\/principal\/wp-content\/uploads\/2014\/08\/Benitez-Espanza-PRO.jpg\" data-orig-size=\"620,338\" data-comments-opened=\"1\" data-image-meta=\"{&quot;aperture&quot;:&quot;0&quot;,&quot;credit&quot;:&quot;&quot;,&quot;camera&quot;:&quot;&quot;,&quot;caption&quot;:&quot;&quot;,&quot;created_timestamp&quot;:&quot;0&quot;,&quot;copyright&quot;:&quot;&quot;,&quot;focal_length&quot;:&quot;0&quot;,&quot;iso&quot;:&quot;0&quot;,&quot;shutter_speed&quot;:&quot;0&quot;,&quot;title&quot;:&quot;&quot;}\" data-image-title=\"Benitez-Espanza-PRO\" data-image-description=\"\" data-image-caption=\"\" data-large-file=\"https:\/\/www.hoymercedes.com.ar\/principal\/wp-content\/uploads\/2014\/08\/Benitez-Espanza-PRO.jpg\" class=\"Img2014 aligncenter wp-image-35504 size-full\" src=\"https:\/\/www.hoymercedes.com.ar\/principal\/wp-content\/uploads\/2014\/08\/Benitez-Espanza-PRO.jpg\" alt=\"Benitez-Espanza-PRO\" width=\"620\" height=\"338\" \/><\/a><\/p>\n<p><em><strong>Juan Carlos Benitez contin\u00faa buscando su posicionamiento en los barrios de la ciudad a trav\u00e9s de las herramientas que desde el PRO le brindan, como la opci\u00f3n de terminar la secundaria a distancia, un programa que ya ofreci\u00f3 semanas atr\u00e1s, lo present\u00f3 en esta ocasi\u00f3n en Esperanza.<\/strong><\/em><\/p>\n<p>Desde el espacio pol\u00edtico comentaron que: <em>\u201cEl S\u00e1bado estuvimos en el Barrio Esperanza continuando, como hace ya varios s\u00e1bados, con la inscripci\u00f3n a aquellos interesados en terminar la secundaria con el plan del Gobierno de la Ciudad de Buenos Aires. Mis agradecimientos a la gente del barrio por su c\u00e1lida recepci\u00f3n y su inter\u00e9s en este plan tan c\u00f3modo para quienes deben trabajar y ser jefas\/es de familia a la vez\u201d, <\/em>remarc\u00f3 uno de los militantes del PRO rama Juan Carlos Ben\u00edtez.<\/p>\n<p>El espacio pol\u00edtico de Juan Carlos Ben\u00edtez contin\u00faa buscando su posicionamiento a nivel local desde el paraguas nacional de Mauricio Macri, espacio que compite con el de Cestari y Flores.<\/p>\n<p>La siguiente es la planilla utilizada para inscribir a los interesados en el programa de terminalidad de estudios<\/p>\n<p><img loading=\"lazy\" decoding=\"async\" data-attachment-id=\"35505\" data-permalink=\"https:\/\/www.hoymercedes.com.ar\/principal\/2014\/08\/26\/benitez-ofrecio-plan-de-terminalidad-de-estudios-en-barrio-esperanza\/benitez-planilla\/#main\" data-orig-file=\"https:\/\/www.hoymercedes.com.ar\/principal\/wp-content\/uploads\/2014\/08\/Benitez-Planilla.jpg\" data-orig-size=\"620,441\" data-comments-opened=\"1\" data-image-meta=\"{&quot;aperture&quot;:&quot;0&quot;,&quot;credit&quot;:&quot;&quot;,&quot;camera&quot;:&quot;&quot;,&quot;caption&quot;:&quot;&quot;,&quot;created_timestamp&quot;:&quot;0&quot;,&quot;copyright&quot;:&quot;&quot;,&quot;focal_length&quot;:&quot;0&quot;,&quot;iso&quot;:&quot;0&quot;,&quot;shutter_speed&quot;:&quot;0&quot;,&quot;title&quot;:&quot;&quot;}\" data-image-title=\"Benitez-Planilla\" data-image-description=\"\" data-image-caption=\"\" data-large-file=\"https:\/\/www.hoymercedes.com.ar\/principal\/wp-content\/uploads\/2014\/08\/Benitez-Planilla.jpg\" class=\"Img2014 aligncenter wp-image-35505 size-full\" src=\"https:\/\/www.hoymercedes.com.ar\/principal\/wp-content\/uploads\/2014\/08\/Benitez-Planilla.jpg\" alt=\"Benitez-Planilla\" width=\"620\" height=\"441\" \/><\/p>\n","protected":false},"excerpt":{"rendered":"<p>Juan Carlos Benitez contin\u00faa buscando su posicionamiento en los barrios de la ciudad a trav\u00e9s de las herramientas que desde &#8230; <a title=\"Benitez ofreci\u00f3 plan de terminalidad de estudios en Barrio Esperanza\" class=\"read-more\" href=\"https:\/\/www.hoymercedes.com.ar\/principal\/2014\/08\/26\/benitez-ofrecio-plan-de-terminalidad-de-estudios-en-barrio-esperanza\/\" aria-label=\"Leer m\u00e1s sobre Benitez ofreci\u00f3 plan de terminalidad de estudios en Barrio Esperanza\">Leer m\u00e1s<\/a><\/p>\n","protected":false},"author":1,"featured_media":0,"comment_status":"open","ping_status":"open","sticky":false,"template":"","format":"standard","meta":{"_monsterinsights_skip_tracking":false,"_monsterinsights_sitenote_active":false,"_monsterinsights_sitenote_note":"","_monsterinsights_sitenote_category":0,"jetpack_post_was_ever_published":false,"_jetpack_newsletter_access":"","_jetpack_dont_email_post_to_subs":false,"_jetpack_newsletter_tier_id":0,"_jetpack_memberships_contains_paywalled_content":false,"_jetpack_memberships_contains_paid_content":false,"footnotes":"","jetpack_publicize_message":"","jetpack_publicize_feature_enabled":true,"jetpack_social_post_already_shared":false,"jetpack_social_options":{"image_generator_settings":{"template":"highway","default_image_id":0,"font":"","enabled":false},"version":2},"_wpas_customize_per_network":false},"categories":[5],"tags":[313,2185],"class_list":["post-35503","post","type-post","status-publish","format-standard","hentry","category-politica","tag-juan-carlos-benitez","tag-pro-mercedes","generate-columns","tablet-grid-50","mobile-grid-100","grid-parent","grid-50"],"jetpack_publicize_connections":[],"jetpack_featured_media_url":"","wps_subtitle":"Campa\u00f1a y posicionamiento ","jetpack_sharing_enabled":true,"_links":{"self":[{"href":"https:\/\/www.hoymercedes.com.ar\/principal\/wp-json\/wp\/v2\/posts\/35503","targetHints":{"allow":["GET"]}}],"collection":[{"href":"https:\/\/www.hoymercedes.com.ar\/principal\/wp-json\/wp\/v2\/posts"}],"about":[{"href":"https:\/\/www.hoymercedes.com.ar\/principal\/wp-json\/wp\/v2\/types\/post"}],"author":[{"embeddable":true,"href":"https:\/\/www.hoymercedes.com.ar\/principal\/wp-json\/wp\/v2\/users\/1"}],"replies":[{"embeddable":true,"href":"https:\/\/www.hoymercedes.com.ar\/principal\/wp-json\/wp\/v2\/comments?post=35503"}],"version-history":[{"count":0,"href":"https:\/\/www.hoymercedes.com.ar\/principal\/wp-json\/wp\/v2\/posts\/35503\/revisions"}],"wp:attachment":[{"href":"https:\/\/www.hoymercedes.com.ar\/principal\/wp-json\/wp\/v2\/media?parent=35503"}],"wp:term":[{"taxonomy":"category","embeddable":true,"href":"https:\/\/www.hoymercedes.com.ar\/principal\/wp-json\/wp\/v2\/categories?post=35503"},{"taxonomy":"post_tag","embeddable":true,"href":"https:\/\/www.hoymercedes.com.ar\/principal\/wp-json\/wp\/v2\/tags?post=35503"}],"curies":[{"name":"wp","href":"https:\/\/api.w.org\/{rel}","templated":true}]}}