{"id":35520,"date":"2014-08-27T22:46:38","date_gmt":"2014-08-28T01:46:38","guid":{"rendered":"http:\/\/www.hoymercedes.com.ar\/principal\/?p=35520"},"modified":"2014-08-31T23:07:24","modified_gmt":"2014-09-01T02:07:24","slug":"frente-mercedino-impulsa-creacion-de-consejo-consultivo-de-transito","status":"publish","type":"post","link":"https:\/\/www.hoymercedes.com.ar\/principal\/2014\/08\/27\/frente-mercedino-impulsa-creacion-de-consejo-consultivo-de-transito\/","title":{"rendered":"Frente Mercedino impulsa creaci\u00f3n de consejo consultivo de tr\u00e1nsito"},"content":{"rendered":"<p><a href=\"https:\/\/www.hoymercedes.com.ar\/principal\/wp-content\/uploads\/2014\/08\/BloqueConcejalesFrenteMercedinoParaLaVictoria.jpg\"><img loading=\"lazy\" decoding=\"async\" data-attachment-id=\"35521\" data-permalink=\"https:\/\/www.hoymercedes.com.ar\/principal\/2014\/08\/27\/frente-mercedino-impulsa-creacion-de-consejo-consultivo-de-transito\/bloqueconcejalesfrentemercedinoparalavictoria\/#main\" data-orig-file=\"https:\/\/www.hoymercedes.com.ar\/principal\/wp-content\/uploads\/2014\/08\/BloqueConcejalesFrenteMercedinoParaLaVictoria.jpg\" data-orig-size=\"620,230\" data-comments-opened=\"1\" data-image-meta=\"{&quot;aperture&quot;:&quot;3.8&quot;,&quot;credit&quot;:&quot;&quot;,&quot;camera&quot;:&quot;COOLPIX L310&quot;,&quot;caption&quot;:&quot;&quot;,&quot;created_timestamp&quot;:&quot;1397590207&quot;,&quot;copyright&quot;:&quot;&quot;,&quot;focal_length&quot;:&quot;10.2&quot;,&quot;iso&quot;:&quot;400&quot;,&quot;shutter_speed&quot;:&quot;0.0769230769231&quot;,&quot;title&quot;:&quot;&quot;}\" data-image-title=\"BloqueConcejalesFrenteMercedinoParaLaVictoria\" data-image-description=\"\" data-image-caption=\"\" data-large-file=\"https:\/\/www.hoymercedes.com.ar\/principal\/wp-content\/uploads\/2014\/08\/BloqueConcejalesFrenteMercedinoParaLaVictoria.jpg\" class=\"Img2014 aligncenter wp-image-35521 size-full\" src=\"https:\/\/www.hoymercedes.com.ar\/principal\/wp-content\/uploads\/2014\/08\/BloqueConcejalesFrenteMercedinoParaLaVictoria.jpg\" alt=\"BloqueConcejalesFrenteMercedinoParaLaVictoria\" width=\"620\" height=\"230\" \/><\/a><\/p>\n<p><em><strong>El bloque de concejales del Frente Mercedino para la Victoria present\u00f3 un proyecto para la creaci\u00f3n del \u201cConsejo Consultivo de Tr\u00e1nsito\u201d, en el que propone la participaci\u00f3n de referentes de distintos sectores vinculados al \u00e1rea \u201cpara trazar entre todos un diagn\u00f3stico y, a partir de all\u00ed, trabajar en soluciones espec\u00edficas y un plan estrat\u00e9gico para la ciudad\u201d.<\/strong><\/em><\/p>\n<p>El proyecto fue entregado en la sesi\u00f3n que el Honorable Concejo Deliberante llev\u00f3 a cabo el lunes pasado y girado a comisi\u00f3n para su estudio, pero desde el bloque que preside Juan Ignacio Ustarroz manifestaron su \u201cexpectativa de que avance y se apruebe, porque es una necesidad evidente en funci\u00f3n de los problemas de tr\u00e1nsito que padecemos\u201d.<\/p>\n<p>Entre los argumentos presentados por el Frente Mercedino, y adem\u00e1s de los perjuicios ya evidenciados en el sistema de estacionamiento medido aplicado por el intendente, se enumeran \u201cla cantidad de accidentes viales ocurridos cada d\u00eda, la enorme cantidad de infracciones que se ven ya a simple vista, la necesidad de impulsar un cambio cultural en las costumbres irresponsables y la b\u00fasqueda de un consenso entre todos los actores\u201d.<\/p>\n<p>Ustarroz record\u00f3 \u201cla charla ofrecida hace unos d\u00edas en el recinto del Concejo por el Director del Observatorio Vial, en la que quedaron expuestas algunas cifras alarmantes, entre ellas el crecimiento de un 121% de v\u00edctimas fatales en accidentes de tr\u00e1nsito\u201d.<\/p>\n<p>En efecto, las cifras entregadas por el licenciado Pablo Rojas, director del Observatorio Vial del Ministerio de Interior y Transporte de la Naci\u00f3n, \u201cson alarmantes y evidencian la urgencia de implementar un plan estrat\u00e9gico en el \u00e1rea del tr\u00e1nsito y la seguridad vial\u201d, dijo Ustarroz: en el per\u00edodo 2008 \u2013 2013 la cantidad de v\u00edctimas fatales por accidente de tr\u00e1nsito creci\u00f3 el 121% y el siniestro con v\u00edctimas, un 35%. De los fallecidos, el 38% eran automovilistas, el 33% motociclistas, el 13% pasajeros o conductores de camiones, el 12% peatones y el 3% ciclistas. Y la mayor causa aparente de accidentes, con un 40%, fueron \u201cdistracciones\u201d (seguido de \u201cmaniobra riesgosa\u201d con un 24%).<\/p>\n<p>Adem\u00e1s, en Mercedes hay alrededor de 16 mil motos y 11 mil autom\u00f3viles. Y en los \u00faltimos tres a\u00f1os, nuestra ciudad super\u00f3 ampliamente la media provincial de veh\u00edculos por habitante (33,75 veh\u00edculos cada 100 habitantes contra los 18,05 cada 100 registrados en todo el territorio bonaerense). La cifra es m\u00e1s llamativa en motos: 21.04 cada 100 en Mercedes contra apenas 6,53 cada 100 en la provincia.<\/p>\n<p>Respecto de la imprudencia de los conductores, Mercedes expone n\u00fameros muy pobres. 95 de cada 100 motociclistas no usan el caso (en la provincia son 40 cada 100). 96 de cada 100 automovilistas no usan el cintur\u00f3n de seguridad (en Buenos Aires, 56 cada 100). Y solo un 1,5% recurre a las sillas infantiles en el asiento trasero.<\/p>\n<p>Seg\u00fan la propuesta del FMpV, el Consejo Consultivo de Tr\u00e1nsito \u201cestar\u00e1 integrado por organismos gubernamentales y no gubernamentales\u201d y tendr\u00e1 como objetivo y funci\u00f3n \u201cbrindar asesoramiento, difundir y coordinar pol\u00edticas en materia de ordenamiento, de seguridad vial y de regulaci\u00f3n de tr\u00e1nsito en la ciudad, como as\u00ed gestionar trabajos interdisciplinarios y con otros municipios para el estudio y dise\u00f1o de normas\u201d.<\/p>\n<p>Tambi\u00e9n \u201cproponer medidas y disposiciones generales a los efectos de optimizar el ordenamiento de tr\u00e1nsito, recabar y analizar la informaci\u00f3n de datos estad\u00edsticos, fomentar la investigaci\u00f3n accidentol\u00f3gica para identificar lugares cr\u00edticos y alentar el inter\u00e9s de la pr\u00e1ctica de seguridad vial en las escuelas\u201d, entre otras cosas.<\/p>\n<p>\u201cQueda claro que Mercedes necesita un plan integral de seguridad vial y de tr\u00e1nsito \u2013expres\u00f3 Ustarroz-, con participaci\u00f3n de todos los sectores y de vecinos, porque tenemos recursos humanos como Nancy Okos o Carlos Mosso, que son especialistas. Como dijo el licenciado Rojas,\u00a0 una buena pol\u00edtica local en la materia es fundamental para salvar vidas. Y tambi\u00e9n para tener una ciudad m\u00e1s ordenada, con mejor calidad de vida para todos\u201d.<\/p>\n<p>&nbsp;<\/p>\n<p>\u201cHace falta un proyecto integral, informaci\u00f3n, m\u00e1s control. M\u00e1s all\u00e1 del estacionamiento medido, que seg\u00fan entendemos fue implementado sin un an\u00e1lisis previo adecuado, estamos sumando herramientas para elaborar el mejor diagn\u00f3stico posible y, a partir de all\u00ed, dise\u00f1ar un plan que tenga que ver con nosotros, sumando propuestas e ideas de todos los sectores, involucrando a los especialistas como la Comisi\u00f3n de Usuarios Viales y Tecpremer. La idea del Consejo Consultivo de Tr\u00e1nsito va en ese sentido\u201d, cerr\u00f3 Ustarroz.<\/p>\n","protected":false},"excerpt":{"rendered":"<p>El bloque de concejales del Frente Mercedino para la Victoria present\u00f3 un proyecto para la creaci\u00f3n del \u201cConsejo Consultivo de &#8230; <a title=\"Frente Mercedino impulsa creaci\u00f3n de consejo consultivo de tr\u00e1nsito\" class=\"read-more\" href=\"https:\/\/www.hoymercedes.com.ar\/principal\/2014\/08\/27\/frente-mercedino-impulsa-creacion-de-consejo-consultivo-de-transito\/\" aria-label=\"Leer m\u00e1s sobre Frente Mercedino impulsa creaci\u00f3n de consejo consultivo de tr\u00e1nsito\">Leer m\u00e1s<\/a><\/p>\n","protected":false},"author":1,"featured_media":0,"comment_status":"open","ping_status":"open","sticky":false,"template":"","format":"standard","meta":{"_monsterinsights_skip_tracking":false,"_monsterinsights_sitenote_active":false,"_monsterinsights_sitenote_note":"","_monsterinsights_sitenote_category":0,"jetpack_post_was_ever_published":false,"_jetpack_newsletter_access":"","_jetpack_dont_email_post_to_subs":false,"_jetpack_newsletter_tier_id":0,"_jetpack_memberships_contains_paywalled_content":false,"_jetpack_memberships_contains_paid_content":false,"footnotes":"","jetpack_publicize_message":"","jetpack_publicize_feature_enabled":true,"jetpack_social_post_already_shared":false,"jetpack_social_options":{"image_generator_settings":{"template":"highway","default_image_id":0,"font":"","enabled":false},"version":2},"_wpas_customize_per_network":false},"categories":[5],"tags":[5893,379,585],"class_list":["post-35520","post","type-post","status-publish","format-standard","hentry","category-politica","tag-arenillas-nela","tag-frente-mercedino-para-la-victoria","tag-juan-ustarroz","generate-columns","tablet-grid-50","mobile-grid-100","grid-parent","grid-50"],"jetpack_publicize_connections":[],"jetpack_featured_media_url":"","wps_subtitle":"Seguridad vial y ciudadana","jetpack_sharing_enabled":true,"_links":{"self":[{"href":"https:\/\/www.hoymercedes.com.ar\/principal\/wp-json\/wp\/v2\/posts\/35520","targetHints":{"allow":["GET"]}}],"collection":[{"href":"https:\/\/www.hoymercedes.com.ar\/principal\/wp-json\/wp\/v2\/posts"}],"about":[{"href":"https:\/\/www.hoymercedes.com.ar\/principal\/wp-json\/wp\/v2\/types\/post"}],"author":[{"embeddable":true,"href":"https:\/\/www.hoymercedes.com.ar\/principal\/wp-json\/wp\/v2\/users\/1"}],"replies":[{"embeddable":true,"href":"https:\/\/www.hoymercedes.com.ar\/principal\/wp-json\/wp\/v2\/comments?post=35520"}],"version-history":[{"count":0,"href":"https:\/\/www.hoymercedes.com.ar\/principal\/wp-json\/wp\/v2\/posts\/35520\/revisions"}],"wp:attachment":[{"href":"https:\/\/www.hoymercedes.com.ar\/principal\/wp-json\/wp\/v2\/media?parent=35520"}],"wp:term":[{"taxonomy":"category","embeddable":true,"href":"https:\/\/www.hoymercedes.com.ar\/principal\/wp-json\/wp\/v2\/categories?post=35520"},{"taxonomy":"post_tag","embeddable":true,"href":"https:\/\/www.hoymercedes.com.ar\/principal\/wp-json\/wp\/v2\/tags?post=35520"}],"curies":[{"name":"wp","href":"https:\/\/api.w.org\/{rel}","templated":true}]}}