{"id":35552,"date":"2014-08-29T13:52:14","date_gmt":"2014-08-29T16:52:14","guid":{"rendered":"http:\/\/www.hoymercedes.com.ar\/principal\/?p=35552"},"modified":"2014-08-29T13:52:14","modified_gmt":"2014-08-29T16:52:14","slug":"matias-silvestre-cambiaria-de-club-en-italia-iria-al-sampdoria","status":"publish","type":"post","link":"https:\/\/www.hoymercedes.com.ar\/principal\/2014\/08\/29\/matias-silvestre-cambiaria-de-club-en-italia-iria-al-sampdoria\/","title":{"rendered":"Mat\u00edas Silvestre cambiar\u00eda de club en Italia: ir\u00eda al Sampdoria"},"content":{"rendered":"<p><a href=\"https:\/\/www.hoymercedes.com.ar\/principal\/wp-content\/uploads\/2014\/08\/matias-silvestre.jpg\"><img loading=\"lazy\" decoding=\"async\" data-attachment-id=\"35553\" data-permalink=\"https:\/\/www.hoymercedes.com.ar\/principal\/2014\/08\/29\/matias-silvestre-cambiaria-de-club-en-italia-iria-al-sampdoria\/matias-silvestre\/#main\" data-orig-file=\"https:\/\/www.hoymercedes.com.ar\/principal\/wp-content\/uploads\/2014\/08\/matias-silvestre.jpg\" data-orig-size=\"620,432\" data-comments-opened=\"1\" data-image-meta=\"{&quot;aperture&quot;:&quot;0&quot;,&quot;credit&quot;:&quot;AP&quot;,&quot;camera&quot;:&quot;&quot;,&quot;caption&quot;:&quot;FC Inter Milano player Matias Silvestre speaks during a press conference at the Partizan Stadium in Belgrade, Serbia, Wednesday, Nov. 7, 2012. Inter will play against Partizan Belgrade in a UEFA Europa League match in Belgrade on Thursday evening. (AP Photo\/Darko Vojinovic)&quot;,&quot;created_timestamp&quot;:&quot;1352313797&quot;,&quot;copyright&quot;:&quot;&quot;,&quot;focal_length&quot;:&quot;0&quot;,&quot;iso&quot;:&quot;0&quot;,&quot;shutter_speed&quot;:&quot;0&quot;,&quot;title&quot;:&quot;Matias Silvestre&quot;}\" data-image-title=\"Matias Silvestre\" data-image-description=\"&lt;p&gt;FC Inter Milano player Matias Silvestre speaks during a press conference at the Partizan Stadium in Belgrade, Serbia, Wednesday, Nov. 7, 2012. Inter will play against Partizan Belgrade in a UEFA Europa League match in Belgrade on Thursday evening. (AP Photo\/Darko Vojinovic)&lt;\/p&gt;\n\" data-image-caption=\"\" data-large-file=\"https:\/\/www.hoymercedes.com.ar\/principal\/wp-content\/uploads\/2014\/08\/matias-silvestre.jpg\" class=\"Img2014 aligncenter wp-image-35553 size-full\" src=\"https:\/\/www.hoymercedes.com.ar\/principal\/wp-content\/uploads\/2014\/08\/matias-silvestre.jpg\" alt=\"Matias Silvestre\" width=\"620\" height=\"432\" \/><\/a><\/p>\n<p><em><strong>El mercedino Mat\u00edas Silvestre tiene todo cerrado, indican medios de Italia, para cambiar de club dentro del mismo calcio italiano. Ser\u00e1 su nueva instituci\u00f3n el Sampdoria de Italia.<\/strong><\/em><\/p>\n<p>El Milan fue el equipo en que jug\u00f3 hasta ahora.\u00a0 La falta de continuidad le jug\u00f3 en contra y es por eso que ve con bueno ojos pasar a otro gran equipo del mismo torneo.<\/p>\n<p>Seg\u00fan el sitio deportivo Gol: <em>\u201cEl respresentante del defensor y la dirigencia de su futuro club se reunieron en la tarde europea para definir los \u00faltimos detalles y concretar la llegada del ex-Boca lo antes posible, teniendo en cuenta el pronto cierre del libro de pases (el 31 de agosto ser\u00e1 el \u00faltimo d\u00eda para fichar). Ma\u00f1ana se sellar\u00eda el pase con la firma del contrato.\u201d<\/em><\/p>\n<p>El mercedino arribo al torneo italiano en 2008 siendo su primer equipo all\u00ed el Catania, por 2 millones de d\u00f3lares. Luego fue al Palermo, por un valor cinco veces mayo. Posteriormente al Inter por medio de un pr\u00e9stamo que compr\u00f3 en 2013 cedi\u00e9ndolo al Milan y ahora, con miras a fines de 2014 y el torneo de 2015 pasar\u00e1 al Sampdoria.<\/p>\n<p>&nbsp;<\/p>\n<p>&nbsp;<\/p>\n<p>&nbsp;<\/p>\n","protected":false},"excerpt":{"rendered":"<p>El mercedino Mat\u00edas Silvestre tiene todo cerrado, indican medios de Italia, para cambiar de club dentro del mismo calcio italiano. &#8230; <a title=\"Mat\u00edas Silvestre cambiar\u00eda de club en Italia: ir\u00eda al Sampdoria\" class=\"read-more\" href=\"https:\/\/www.hoymercedes.com.ar\/principal\/2014\/08\/29\/matias-silvestre-cambiaria-de-club-en-italia-iria-al-sampdoria\/\" aria-label=\"Leer m\u00e1s sobre Mat\u00edas Silvestre cambiar\u00eda de club en Italia: ir\u00eda al Sampdoria\">Leer m\u00e1s<\/a><\/p>\n","protected":false},"author":1,"featured_media":0,"comment_status":"open","ping_status":"open","sticky":false,"template":"","format":"standard","meta":{"_monsterinsights_skip_tracking":false,"_monsterinsights_sitenote_active":false,"_monsterinsights_sitenote_note":"","_monsterinsights_sitenote_category":0,"jetpack_post_was_ever_published":false,"_jetpack_newsletter_access":"","_jetpack_dont_email_post_to_subs":false,"_jetpack_newsletter_tier_id":0,"_jetpack_memberships_contains_paywalled_content":false,"_jetpack_memberships_contains_paid_content":false,"footnotes":"","jetpack_publicize_message":"","jetpack_publicize_feature_enabled":true,"jetpack_social_post_already_shared":false,"jetpack_social_options":{"image_generator_settings":{"template":"highway","default_image_id":0,"font":"","enabled":false},"version":2},"_wpas_customize_per_network":false},"categories":[21],"tags":[753],"class_list":["post-35552","post","type-post","status-publish","format-standard","hentry","category-deportes","tag-matias-silvestre","generate-columns","tablet-grid-50","mobile-grid-100","grid-parent","grid-50"],"jetpack_publicize_connections":[],"jetpack_featured_media_url":"","wps_subtitle":"Sigue en Italia","jetpack_sharing_enabled":true,"_links":{"self":[{"href":"https:\/\/www.hoymercedes.com.ar\/principal\/wp-json\/wp\/v2\/posts\/35552","targetHints":{"allow":["GET"]}}],"collection":[{"href":"https:\/\/www.hoymercedes.com.ar\/principal\/wp-json\/wp\/v2\/posts"}],"about":[{"href":"https:\/\/www.hoymercedes.com.ar\/principal\/wp-json\/wp\/v2\/types\/post"}],"author":[{"embeddable":true,"href":"https:\/\/www.hoymercedes.com.ar\/principal\/wp-json\/wp\/v2\/users\/1"}],"replies":[{"embeddable":true,"href":"https:\/\/www.hoymercedes.com.ar\/principal\/wp-json\/wp\/v2\/comments?post=35552"}],"version-history":[{"count":0,"href":"https:\/\/www.hoymercedes.com.ar\/principal\/wp-json\/wp\/v2\/posts\/35552\/revisions"}],"wp:attachment":[{"href":"https:\/\/www.hoymercedes.com.ar\/principal\/wp-json\/wp\/v2\/media?parent=35552"}],"wp:term":[{"taxonomy":"category","embeddable":true,"href":"https:\/\/www.hoymercedes.com.ar\/principal\/wp-json\/wp\/v2\/categories?post=35552"},{"taxonomy":"post_tag","embeddable":true,"href":"https:\/\/www.hoymercedes.com.ar\/principal\/wp-json\/wp\/v2\/tags?post=35552"}],"curies":[{"name":"wp","href":"https:\/\/api.w.org\/{rel}","templated":true}]}}