{"id":35559,"date":"2014-08-30T16:05:30","date_gmt":"2014-08-30T19:05:30","guid":{"rendered":"http:\/\/www.hoymercedes.com.ar\/principal\/?p=35559"},"modified":"2014-08-30T16:05:30","modified_gmt":"2014-08-30T19:05:30","slug":"anses-dara-charla-en-concejo-deliberante-sobre-moratoria-jubilatoria","status":"publish","type":"post","link":"https:\/\/www.hoymercedes.com.ar\/principal\/2014\/08\/30\/anses-dara-charla-en-concejo-deliberante-sobre-moratoria-jubilatoria\/","title":{"rendered":"Anses dar\u00e1 charla en Concejo Deliberante sobre moratoria jubilatoria"},"content":{"rendered":"<p style=\"color: #222222;\"><a href=\"https:\/\/www.hoymercedes.com.ar\/principal\/wp-content\/uploads\/2014\/08\/Ustrroz-SanPedro.jpg\"><img loading=\"lazy\" decoding=\"async\" data-attachment-id=\"35560\" data-permalink=\"https:\/\/www.hoymercedes.com.ar\/principal\/2014\/08\/30\/anses-dara-charla-en-concejo-deliberante-sobre-moratoria-jubilatoria\/ustrroz-sanpedro\/#main\" data-orig-file=\"https:\/\/www.hoymercedes.com.ar\/principal\/wp-content\/uploads\/2014\/08\/Ustrroz-SanPedro.jpg\" data-orig-size=\"620,271\" data-comments-opened=\"1\" data-image-meta=\"{&quot;aperture&quot;:&quot;0&quot;,&quot;credit&quot;:&quot;&quot;,&quot;camera&quot;:&quot;&quot;,&quot;caption&quot;:&quot;&quot;,&quot;created_timestamp&quot;:&quot;0&quot;,&quot;copyright&quot;:&quot;&quot;,&quot;focal_length&quot;:&quot;0&quot;,&quot;iso&quot;:&quot;0&quot;,&quot;shutter_speed&quot;:&quot;0&quot;,&quot;title&quot;:&quot;&quot;}\" data-image-title=\"Ustrroz-SanPedro\" data-image-description=\"\" data-image-caption=\"\" data-large-file=\"https:\/\/www.hoymercedes.com.ar\/principal\/wp-content\/uploads\/2014\/08\/Ustrroz-SanPedro.jpg\" class=\"Img2014 aligncenter wp-image-35560 size-full\" src=\"https:\/\/www.hoymercedes.com.ar\/principal\/wp-content\/uploads\/2014\/08\/Ustrroz-SanPedro.jpg\" alt=\"Ustrroz-SanPedro\" width=\"620\" height=\"271\" \/><\/a><\/p>\n<p style=\"color: #222222;\"><span lang=\"ES\"><em><strong>El gerente regional de la ANSES, Juan Ignacio Ustarroz, y el jefe de la UDAI local, Fernando San Pedro, dar\u00e1n el jueves pr\u00f3ximo una charla sobre la nueva moratoria jubilatoria, que el Congreso de la Naci\u00f3n convirti\u00f3 en ley d\u00edas atr\u00e1s y que espera incluir en el sistema previsional a unos 500 mil argentinos que no tienen realizada la totalidad de los aportes.<\/strong><\/em><\/span><\/p>\n<p style=\"color: #222222;\"><span lang=\"ES\">El encuentro se desarrollar\u00e1 en el recinto del Honorable Concejo Deliberante, el pr\u00f3ximo jueves 4 de septiembre, a partir de las 18. \u201cDesde el gobierno nacional se siguen impulsando pol\u00edticas inclusivas y, esta vez, se ver\u00e1n beneficiados miles de argentinos que podr\u00e1n acceder a la jubilaci\u00f3n que se merecen sin contar con la totalidad de los aportes, pero habiendo trabajado toda su vida\u201d, asegur\u00f3 Ustarroz, presidente del bloque de concejales del Frente Mercedino para la Victoria.<\/span><\/p>\n<p style=\"color: #222222;\"><span lang=\"ES\">La Ley de Moratoria (Plan de Inclusi\u00f3n Previsional) fue anunciada meses atr\u00e1s por la Presidenta Cristina Fern\u00e1ndez de Kirchner y aprobada en el Congreso de la Naci\u00f3n hace pocos d\u00edas. Seg\u00fan estim\u00f3 el director ejecutivo de la ANSES, Diego Bossio, \u201cse podr\u00e1n incorporar a m\u00e1s de 500 mil argentinos como nuevos jubilados\u201d.<\/span><\/p>\n<p style=\"color: #222222;\"><span lang=\"ES\">\u201c<\/span><em><span lang=\"ES\">Es un motivo de gran alegr\u00eda para m\u00ed y para todos los argentinos, ya que hace unos a\u00f1os muchos no pod\u00edan acceder a un haber jubilatorio porque la ANSES estaba quebrada \u2013sigui\u00f3 Bossio-. Por eso, la Presidenta tom\u00f3 la decisi\u00f3n fundamental al extender el Plan de Inclusi\u00f3n e incorporar a m\u00e1s personas al sistema previsional, que dejaron la vida trabajando. Me siento orgulloso de que podamos proteger a los adultos mayores\u201d.<\/span><\/em><\/p>\n<p style=\"color: #222222;\"><em><span lang=\"ES\">\u201cHemos recuperado las esperanzas en la Argentina porque sabemos c\u00f3mo queremos vivir: con trabajo, con educaci\u00f3n p\u00fablica, con un sistema previsional s\u00f3lido\u201d<\/span><\/em><span lang=\"ES\">, concluy\u00f3 Bossio.<\/span><\/p>\n<p style=\"color: #222222;\"><span lang=\"ES\">Ustarroz y San Pedro informar\u00e1n sobre los requisitos para poder incorporarse al beneficio, que se sumar\u00e1n a los m\u00e1s de 3 millones de argentinos que pudieron jubilarse gracias a la Ley\u00a0<\/span><em><span lang=\"ES\">25.994, impulsada en 2004 por el Presidente N\u00e9stor Kirchner.<\/span><\/em><\/p>\n<p style=\"color: #222222;\"><em><span lang=\"ES\">El nuevo plan\u00a0<\/span><\/em><span lang=\"ES\">permitir\u00e1 regularizar las contribuciones no ingresadas hasta diciembre de 2003, en un plan de 60 cuotas que ser\u00e1n descontadas del haber previsional y actualizadas por la Ley de Movilidad. \u201cY es importante recordar que no se necesita recurrir a un gestor, porque el proceso es completamente gratuito. Alcanza con acercarse personalmente a las oficinas de la ANSES y estar anotados en la AFIP\u201d, complet\u00f3 Ustarroz.<\/span><\/p>\n<p style=\"color: #222222;\">\n","protected":false},"excerpt":{"rendered":"<p>El gerente regional de la ANSES, Juan Ignacio Ustarroz, y el jefe de la UDAI local, Fernando San Pedro, dar\u00e1n &#8230; <a title=\"Anses dar\u00e1 charla en Concejo Deliberante sobre moratoria jubilatoria\" class=\"read-more\" href=\"https:\/\/www.hoymercedes.com.ar\/principal\/2014\/08\/30\/anses-dara-charla-en-concejo-deliberante-sobre-moratoria-jubilatoria\/\" aria-label=\"Leer m\u00e1s sobre Anses dar\u00e1 charla en Concejo Deliberante sobre moratoria jubilatoria\">Leer m\u00e1s<\/a><\/p>\n","protected":false},"author":1,"featured_media":0,"comment_status":"open","ping_status":"open","sticky":false,"template":"","format":"standard","meta":{"_monsterinsights_skip_tracking":false,"_monsterinsights_sitenote_active":false,"_monsterinsights_sitenote_note":"","_monsterinsights_sitenote_category":0,"jetpack_post_was_ever_published":false,"_jetpack_newsletter_access":"","_jetpack_dont_email_post_to_subs":false,"_jetpack_newsletter_tier_id":0,"_jetpack_memberships_contains_paywalled_content":false,"_jetpack_memberships_contains_paid_content":false,"footnotes":"","jetpack_publicize_message":"","jetpack_publicize_feature_enabled":true,"jetpack_social_post_already_shared":false,"jetpack_social_options":{"image_generator_settings":{"template":"highway","default_image_id":0,"font":"","enabled":false},"version":2},"_wpas_customize_per_network":false},"categories":[8],"tags":[35,5911,2570,585],"class_list":["post-35559","post","type-post","status-publish","format-standard","hentry","category-sociedad","tag-anses-mercedes","tag-anses-regional","tag-fernando-san-pedro","tag-juan-ustarroz","generate-columns","tablet-grid-50","mobile-grid-100","grid-parent","grid-50"],"jetpack_publicize_connections":[],"jetpack_featured_media_url":"","wps_subtitle":"Por beneficios sociales","jetpack_sharing_enabled":true,"_links":{"self":[{"href":"https:\/\/www.hoymercedes.com.ar\/principal\/wp-json\/wp\/v2\/posts\/35559","targetHints":{"allow":["GET"]}}],"collection":[{"href":"https:\/\/www.hoymercedes.com.ar\/principal\/wp-json\/wp\/v2\/posts"}],"about":[{"href":"https:\/\/www.hoymercedes.com.ar\/principal\/wp-json\/wp\/v2\/types\/post"}],"author":[{"embeddable":true,"href":"https:\/\/www.hoymercedes.com.ar\/principal\/wp-json\/wp\/v2\/users\/1"}],"replies":[{"embeddable":true,"href":"https:\/\/www.hoymercedes.com.ar\/principal\/wp-json\/wp\/v2\/comments?post=35559"}],"version-history":[{"count":0,"href":"https:\/\/www.hoymercedes.com.ar\/principal\/wp-json\/wp\/v2\/posts\/35559\/revisions"}],"wp:attachment":[{"href":"https:\/\/www.hoymercedes.com.ar\/principal\/wp-json\/wp\/v2\/media?parent=35559"}],"wp:term":[{"taxonomy":"category","embeddable":true,"href":"https:\/\/www.hoymercedes.com.ar\/principal\/wp-json\/wp\/v2\/categories?post=35559"},{"taxonomy":"post_tag","embeddable":true,"href":"https:\/\/www.hoymercedes.com.ar\/principal\/wp-json\/wp\/v2\/tags?post=35559"}],"curies":[{"name":"wp","href":"https:\/\/api.w.org\/{rel}","templated":true}]}}