{"id":3562,"date":"2011-04-17T18:17:13","date_gmt":"2011-04-17T18:17:13","guid":{"rendered":"http:\/\/www.hoymercedes.com.ar\/principal\/?p=3562"},"modified":"2011-04-17T18:17:38","modified_gmt":"2011-04-17T18:17:38","slug":"procedimiento-anti-drogas-dos-personas-presuntamente-imputadas","status":"publish","type":"post","link":"https:\/\/www.hoymercedes.com.ar\/principal\/2011\/04\/17\/procedimiento-anti-drogas-dos-personas-presuntamente-imputadas\/","title":{"rendered":"Procedimiento anti drogas: dos personas presuntamente imputadas"},"content":{"rendered":"<p>El titular de la Polic\u00eda Comunal Mercedes, Comisario Fabio Flores\u00a0 confirm\u00f3 junto al Director de Seguridad de la comuna Esteban Rossi la detenci\u00f3n como presuntos imputados en la comercializaci\u00f3n de estupefacientes a dos personas durante un allanamiento efectuado en las\u00a0 \u00faltimas horas del s\u00e1bado y primeras del domingo.<\/p>\n<p>De acuerdo a lo manifestado por ambos funcionarios el procedimiento se llev\u00f3 a cabo en calle 25 entre 50 y 52 aunque en realidad dicho sector de la 25 se encuentra cortada, en una vivienda donde se encontraron seis plantas, ya arbustos de marihuana, alrededor de tres kilos y medio de hojas secas, varias tizas ya elaboradas, una cantidad no precisada de otra sustancia que podr\u00eda ser LSD como as\u00ed tambi\u00e9n una balanza de precisi\u00f3n y otros elementos utilizados para manufacturar la marihuana.<\/p>\n<p>En el momento del allanamiento se encontraban en el interior de la vivienda dos personas, un hombre y una mujer cuyos datos no fueron proporcionados en virtud al secreto sumarial vigente en estos casos hasta que el Fiscal de Turno tenga en su poder todo lo actuado por el personal de Comisar\u00eda Mercedes junto con la Divisi\u00f3n Antidrogas de nuestra ciudad.<\/p>\n","protected":false},"excerpt":{"rendered":"<p>El titular de la Polic\u00eda Comunal Mercedes, Comisario Fabio Flores\u00a0 confirm\u00f3 junto al Director de Seguridad de la comuna Esteban &#8230; <a title=\"Procedimiento anti drogas: dos personas presuntamente imputadas\" class=\"read-more\" href=\"https:\/\/www.hoymercedes.com.ar\/principal\/2011\/04\/17\/procedimiento-anti-drogas-dos-personas-presuntamente-imputadas\/\" aria-label=\"Leer m\u00e1s sobre Procedimiento anti drogas: dos personas presuntamente imputadas\">Leer m\u00e1s<\/a><\/p>\n","protected":false},"author":1,"featured_media":0,"comment_status":"open","ping_status":"open","sticky":false,"template":"","format":"standard","meta":{"_monsterinsights_skip_tracking":false,"_monsterinsights_sitenote_active":false,"_monsterinsights_sitenote_note":"","_monsterinsights_sitenote_category":0,"jetpack_post_was_ever_published":false,"_jetpack_newsletter_access":"","_jetpack_dont_email_post_to_subs":false,"_jetpack_newsletter_tier_id":0,"_jetpack_memberships_contains_paywalled_content":false,"_jetpack_memberships_contains_paid_content":false,"footnotes":"","jetpack_publicize_message":"","jetpack_publicize_feature_enabled":true,"jetpack_social_post_already_shared":false,"jetpack_social_options":{"image_generator_settings":{"template":"highway","default_image_id":0,"font":"","enabled":false},"version":2},"_wpas_customize_per_network":false},"categories":[85],"tags":[],"class_list":["post-3562","post","type-post","status-publish","format-standard","hentry","category-policial","generate-columns","tablet-grid-50","mobile-grid-100","grid-parent","grid-50"],"jetpack_publicize_connections":[],"jetpack_featured_media_url":"","wps_subtitle":"","jetpack_sharing_enabled":true,"_links":{"self":[{"href":"https:\/\/www.hoymercedes.com.ar\/principal\/wp-json\/wp\/v2\/posts\/3562","targetHints":{"allow":["GET"]}}],"collection":[{"href":"https:\/\/www.hoymercedes.com.ar\/principal\/wp-json\/wp\/v2\/posts"}],"about":[{"href":"https:\/\/www.hoymercedes.com.ar\/principal\/wp-json\/wp\/v2\/types\/post"}],"author":[{"embeddable":true,"href":"https:\/\/www.hoymercedes.com.ar\/principal\/wp-json\/wp\/v2\/users\/1"}],"replies":[{"embeddable":true,"href":"https:\/\/www.hoymercedes.com.ar\/principal\/wp-json\/wp\/v2\/comments?post=3562"}],"version-history":[{"count":0,"href":"https:\/\/www.hoymercedes.com.ar\/principal\/wp-json\/wp\/v2\/posts\/3562\/revisions"}],"wp:attachment":[{"href":"https:\/\/www.hoymercedes.com.ar\/principal\/wp-json\/wp\/v2\/media?parent=3562"}],"wp:term":[{"taxonomy":"category","embeddable":true,"href":"https:\/\/www.hoymercedes.com.ar\/principal\/wp-json\/wp\/v2\/categories?post=3562"},{"taxonomy":"post_tag","embeddable":true,"href":"https:\/\/www.hoymercedes.com.ar\/principal\/wp-json\/wp\/v2\/tags?post=3562"}],"curies":[{"name":"wp","href":"https:\/\/api.w.org\/{rel}","templated":true}]}}