{"id":3565,"date":"2011-04-18T15:33:32","date_gmt":"2011-04-18T15:33:32","guid":{"rendered":"http:\/\/www.hoymercedes.com.ar\/principal\/?p=3565"},"modified":"2011-04-18T15:33:32","modified_gmt":"2011-04-18T15:33:32","slug":"cesar-sanmartin-la-idea-de-colocar-representantes-del-gobierno-empresas-hay-que-consensuarla","status":"publish","type":"post","link":"https:\/\/www.hoymercedes.com.ar\/principal\/2011\/04\/18\/cesar-sanmartin-la-idea-de-colocar-representantes-del-gobierno-empresas-hay-que-consensuarla\/","title":{"rendered":"Cesar Sanmart\u00edn: la idea de colocar representantes del gobierno empresas hay que consensuarla"},"content":{"rendered":"<p>El presidente de la C\u00e1mara Econ\u00f3mica de nuestra ciudad, Cesar Sanmart\u00edn se refiri\u00f3 a la decisi\u00f3n del gobierno nacional de colocar sus representantes en aquellas empresas en las que posea acciones expresando \u201cyo estoy en total acuerdo con el comunicado de la UIA (Uni\u00f3n Industrial Argentina) en el sentido que ese tipo de medidas necesariamente debe ser consensuada entre las parte privada y la estatal porque poner en un directorio de una empresa a una persona representando al gobierno que piense totalmente diferente al perfil de la empresa en cuesti\u00f3n ser\u00e1 sin lugar a duda algo totalmente contraproducente.<\/p>\n<p>Partamos desde la base que una empresa est\u00e1 para servir, atender lo mejor posible a los clientes, tener un trato cordial y de amistad con los empleados  tratando ser algo realmente rentable para quienes efectuaron la inversi\u00f3n correspondiente y al gobierno que tambi\u00e9n ha puesto su plata es real le conviene que la empresa de ganancias para as\u00ed poder continuar pagando a los jubilados porque no debemos olvidar que dicha plata sale justamente desde el Organismo de la Seguridad Social, es decir la ANSES\u201d<\/p>\n<p>M\u00e1s adelante el industrial de nuestra ciudad acot\u00f3 \u201cno se si la medida que se adopta puede llegar a ser un forma de parte del gobierno de meterse y controlar a las diferentes empresas, de cualquier manera vuelvo a repetir que algo como esto tiene que salir por consenso ya que  a todos nos gusta que al gobierno le vaya bien  porque de esa manera nos va a ir bien tambi\u00e9n a cada uno de nosotros, aunque lamentablemente siempre resulta muy dif\u00edcil que puedan congeniar en un mismo escritorio funcionarios del gobierno y empresarios privados porque tienen una mentalidad empresarial muy diferente m\u00e1s all\u00e1 que desde las dos partes siempre se busque el bien general. Es cuesti\u00f3n de probar y ver como andan las cosas para luego si poder opinar con certeza\u201d.<\/p>\n<p>&nbsp;<\/p>\n","protected":false},"excerpt":{"rendered":"<p>El presidente de la C\u00e1mara Econ\u00f3mica de nuestra ciudad, Cesar Sanmart\u00edn se refiri\u00f3 a la decisi\u00f3n del gobierno nacional de &#8230; <a title=\"Cesar Sanmart\u00edn: la idea de colocar representantes del gobierno empresas hay que consensuarla\" class=\"read-more\" href=\"https:\/\/www.hoymercedes.com.ar\/principal\/2011\/04\/18\/cesar-sanmartin-la-idea-de-colocar-representantes-del-gobierno-empresas-hay-que-consensuarla\/\" aria-label=\"Leer m\u00e1s sobre Cesar Sanmart\u00edn: la idea de colocar representantes del gobierno empresas hay que consensuarla\">Leer m\u00e1s<\/a><\/p>\n","protected":false},"author":1,"featured_media":0,"comment_status":"open","ping_status":"open","sticky":false,"template":"","format":"standard","meta":{"_monsterinsights_skip_tracking":false,"_monsterinsights_sitenote_active":false,"_monsterinsights_sitenote_note":"","_monsterinsights_sitenote_category":0,"jetpack_post_was_ever_published":false,"_jetpack_newsletter_access":"","_jetpack_dont_email_post_to_subs":false,"_jetpack_newsletter_tier_id":0,"_jetpack_memberships_contains_paywalled_content":false,"_jetpack_memberships_contains_paid_content":false,"footnotes":"","jetpack_publicize_message":"","jetpack_publicize_feature_enabled":true,"jetpack_social_post_already_shared":false,"jetpack_social_options":{"image_generator_settings":{"template":"highway","default_image_id":0,"font":"","enabled":false},"version":2},"_wpas_customize_per_network":false},"categories":[8],"tags":[688,687],"class_list":["post-3565","post","type-post","status-publish","format-standard","hentry","category-sociedad","tag-camara-economimca-mercedes","tag-cesar-sanmartin","generate-columns","tablet-grid-50","mobile-grid-100","grid-parent","grid-50"],"jetpack_publicize_connections":[],"jetpack_featured_media_url":"","wps_subtitle":"","jetpack_sharing_enabled":true,"_links":{"self":[{"href":"https:\/\/www.hoymercedes.com.ar\/principal\/wp-json\/wp\/v2\/posts\/3565","targetHints":{"allow":["GET"]}}],"collection":[{"href":"https:\/\/www.hoymercedes.com.ar\/principal\/wp-json\/wp\/v2\/posts"}],"about":[{"href":"https:\/\/www.hoymercedes.com.ar\/principal\/wp-json\/wp\/v2\/types\/post"}],"author":[{"embeddable":true,"href":"https:\/\/www.hoymercedes.com.ar\/principal\/wp-json\/wp\/v2\/users\/1"}],"replies":[{"embeddable":true,"href":"https:\/\/www.hoymercedes.com.ar\/principal\/wp-json\/wp\/v2\/comments?post=3565"}],"version-history":[{"count":0,"href":"https:\/\/www.hoymercedes.com.ar\/principal\/wp-json\/wp\/v2\/posts\/3565\/revisions"}],"wp:attachment":[{"href":"https:\/\/www.hoymercedes.com.ar\/principal\/wp-json\/wp\/v2\/media?parent=3565"}],"wp:term":[{"taxonomy":"category","embeddable":true,"href":"https:\/\/www.hoymercedes.com.ar\/principal\/wp-json\/wp\/v2\/categories?post=3565"},{"taxonomy":"post_tag","embeddable":true,"href":"https:\/\/www.hoymercedes.com.ar\/principal\/wp-json\/wp\/v2\/tags?post=3565"}],"curies":[{"name":"wp","href":"https:\/\/api.w.org\/{rel}","templated":true}]}}