{"id":35654,"date":"2014-09-02T00:35:46","date_gmt":"2014-09-02T03:35:46","guid":{"rendered":"http:\/\/www.hoymercedes.com.ar\/principal\/?p=35654"},"modified":"2014-09-02T00:35:46","modified_gmt":"2014-09-02T03:35:46","slug":"selva-se-reunio-con-ministro-aparicio","status":"publish","type":"post","link":"https:\/\/www.hoymercedes.com.ar\/principal\/2014\/09\/02\/selva-se-reunio-con-ministro-aparicio\/","title":{"rendered":"Selva se reuni\u00f3 con ministro Aparicio"},"content":{"rendered":"<p><a href=\"https:\/\/www.hoymercedes.com.ar\/principal\/wp-content\/uploads\/2014\/09\/Selva-Aparicio.jpg\"><img loading=\"lazy\" decoding=\"async\" data-attachment-id=\"35657\" data-permalink=\"https:\/\/www.hoymercedes.com.ar\/principal\/2014\/09\/02\/selva-se-reunio-con-ministro-aparicio\/selva-aparicio\/#main\" data-orig-file=\"https:\/\/www.hoymercedes.com.ar\/principal\/wp-content\/uploads\/2014\/09\/Selva-Aparicio.jpg\" data-orig-size=\"620,349\" data-comments-opened=\"1\" data-image-meta=\"{&quot;aperture&quot;:&quot;0&quot;,&quot;credit&quot;:&quot;&quot;,&quot;camera&quot;:&quot;&quot;,&quot;caption&quot;:&quot;&quot;,&quot;created_timestamp&quot;:&quot;0&quot;,&quot;copyright&quot;:&quot;&quot;,&quot;focal_length&quot;:&quot;0&quot;,&quot;iso&quot;:&quot;0&quot;,&quot;shutter_speed&quot;:&quot;0&quot;,&quot;title&quot;:&quot;&quot;}\" data-image-title=\"Selva-Aparicio\" data-image-description=\"\" data-image-caption=\"\" data-large-file=\"https:\/\/www.hoymercedes.com.ar\/principal\/wp-content\/uploads\/2014\/09\/Selva-Aparicio.jpg\" class=\"Img2014 aligncenter wp-image-35657 size-full\" src=\"https:\/\/www.hoymercedes.com.ar\/principal\/wp-content\/uploads\/2014\/09\/Selva-Aparicio.jpg\" alt=\"Selva-Aparicio\" width=\"620\" height=\"349\" \/><\/a><\/p>\n<p><em><strong>El intendente Carlos selva se reuni\u00f3 con el ministro de Desarrollo Social de la provincia de Buenos Aires este lunes por la ma\u00f1ana para tratar la delicada situaci\u00f3n que vive el Servicio Alimentario Escolar.<\/strong><\/em><\/p>\n<p>El ministro Eduardo Aparicio se reuni\u00f3 con el primer mandatario mercedino, luego del acto que se desarroll\u00f3 este lunes por la ma\u00f1ana. El encuentro de trabajo se concret\u00f3 en la sede de la Secretar\u00eda de Desarrollo Social, ubicada en el ex Instituto Unzu\u00e9 y se tocaron varios temas que ata\u00f1en a la gesti\u00f3n del ministerio provincial. \u201cHablamos del SAE y su actual situaci\u00f3n y notamos una muy buena predisposici\u00f3n del ministro Aparicio para resolver este tema\u201d, sostuvo el intendente Selva luego del encuentro.<\/p>\n<p>Vale recordar que el Servicio Alimentario Escolar sufri\u00f3 varios recortes en los \u00faltimos meses y la gesti\u00f3n que lleva adelante el intendente Selva tiene como finalidad lograr que los chicos puedan alimentarse.<\/p>\n<p>&nbsp;<\/p>\n<p>&nbsp;<\/p>\n<p>&nbsp;<\/p>\n","protected":false},"excerpt":{"rendered":"<p>El intendente Carlos selva se reuni\u00f3 con el ministro de Desarrollo Social de la provincia de Buenos Aires este lunes &#8230; <a title=\"Selva se reuni\u00f3 con ministro Aparicio\" class=\"read-more\" href=\"https:\/\/www.hoymercedes.com.ar\/principal\/2014\/09\/02\/selva-se-reunio-con-ministro-aparicio\/\" aria-label=\"Leer m\u00e1s sobre Selva se reuni\u00f3 con ministro Aparicio\">Leer m\u00e1s<\/a><\/p>\n","protected":false},"author":1,"featured_media":0,"comment_status":"open","ping_status":"open","sticky":false,"template":"","format":"standard","meta":{"_monsterinsights_skip_tracking":false,"_monsterinsights_sitenote_active":false,"_monsterinsights_sitenote_note":"","_monsterinsights_sitenote_category":0,"jetpack_post_was_ever_published":false,"_jetpack_newsletter_access":"","_jetpack_dont_email_post_to_subs":false,"_jetpack_newsletter_tier_id":0,"_jetpack_memberships_contains_paywalled_content":false,"_jetpack_memberships_contains_paid_content":false,"footnotes":"","jetpack_publicize_message":"","jetpack_publicize_feature_enabled":true,"jetpack_social_post_already_shared":false,"jetpack_social_options":{"image_generator_settings":{"template":"highway","default_image_id":0,"font":"","enabled":false},"version":2},"_wpas_customize_per_network":false},"categories":[5],"tags":[5929,39],"class_list":["post-35654","post","type-post","status-publish","format-standard","hentry","category-politica","tag-aparicio","tag-carlos-selva","generate-columns","tablet-grid-50","mobile-grid-100","grid-parent","grid-50"],"jetpack_publicize_connections":[],"jetpack_featured_media_url":"","wps_subtitle":"Con Ministro de Desarrollo Social","jetpack_sharing_enabled":true,"_links":{"self":[{"href":"https:\/\/www.hoymercedes.com.ar\/principal\/wp-json\/wp\/v2\/posts\/35654","targetHints":{"allow":["GET"]}}],"collection":[{"href":"https:\/\/www.hoymercedes.com.ar\/principal\/wp-json\/wp\/v2\/posts"}],"about":[{"href":"https:\/\/www.hoymercedes.com.ar\/principal\/wp-json\/wp\/v2\/types\/post"}],"author":[{"embeddable":true,"href":"https:\/\/www.hoymercedes.com.ar\/principal\/wp-json\/wp\/v2\/users\/1"}],"replies":[{"embeddable":true,"href":"https:\/\/www.hoymercedes.com.ar\/principal\/wp-json\/wp\/v2\/comments?post=35654"}],"version-history":[{"count":0,"href":"https:\/\/www.hoymercedes.com.ar\/principal\/wp-json\/wp\/v2\/posts\/35654\/revisions"}],"wp:attachment":[{"href":"https:\/\/www.hoymercedes.com.ar\/principal\/wp-json\/wp\/v2\/media?parent=35654"}],"wp:term":[{"taxonomy":"category","embeddable":true,"href":"https:\/\/www.hoymercedes.com.ar\/principal\/wp-json\/wp\/v2\/categories?post=35654"},{"taxonomy":"post_tag","embeddable":true,"href":"https:\/\/www.hoymercedes.com.ar\/principal\/wp-json\/wp\/v2\/tags?post=35654"}],"curies":[{"name":"wp","href":"https:\/\/api.w.org\/{rel}","templated":true}]}}