{"id":35655,"date":"2014-09-02T00:35:03","date_gmt":"2014-09-02T03:35:03","guid":{"rendered":"http:\/\/www.hoymercedes.com.ar\/principal\/?p=35655"},"modified":"2014-09-02T00:35:03","modified_gmt":"2014-09-02T03:35:03","slug":"scioli-hay-que-encausar-a-los-chicos-en-la-cultura-de-la-vida-y-del-esfuerzo","status":"publish","type":"post","link":"https:\/\/www.hoymercedes.com.ar\/principal\/2014\/09\/02\/scioli-hay-que-encausar-a-los-chicos-en-la-cultura-de-la-vida-y-del-esfuerzo\/","title":{"rendered":"Scioli: \u00abHay que encausar a los chicos en la cultura de la vida y del esfuerzo\u00bb"},"content":{"rendered":"<p style=\"color: #000000;\"><a href=\"https:\/\/www.hoymercedes.com.ar\/principal\/wp-content\/uploads\/2014\/09\/Scioli-Mercedes-01.09.2014.jpg\"><img loading=\"lazy\" decoding=\"async\" data-attachment-id=\"35656\" data-permalink=\"https:\/\/www.hoymercedes.com.ar\/principal\/2014\/09\/02\/scioli-hay-que-encausar-a-los-chicos-en-la-cultura-de-la-vida-y-del-esfuerzo\/scioli-mercedes-01-09-2014\/#main\" data-orig-file=\"https:\/\/www.hoymercedes.com.ar\/principal\/wp-content\/uploads\/2014\/09\/Scioli-Mercedes-01.09.2014.jpg\" data-orig-size=\"620,396\" data-comments-opened=\"1\" data-image-meta=\"{&quot;aperture&quot;:&quot;0&quot;,&quot;credit&quot;:&quot;&quot;,&quot;camera&quot;:&quot;&quot;,&quot;caption&quot;:&quot;&quot;,&quot;created_timestamp&quot;:&quot;0&quot;,&quot;copyright&quot;:&quot;&quot;,&quot;focal_length&quot;:&quot;0&quot;,&quot;iso&quot;:&quot;0&quot;,&quot;shutter_speed&quot;:&quot;0&quot;,&quot;title&quot;:&quot;&quot;}\" data-image-title=\"Scioli-Mercedes-01.09.2014\" data-image-description=\"\" data-image-caption=\"\" data-large-file=\"https:\/\/www.hoymercedes.com.ar\/principal\/wp-content\/uploads\/2014\/09\/Scioli-Mercedes-01.09.2014.jpg\" class=\"Img2014 aligncenter wp-image-35656 size-full\" src=\"https:\/\/www.hoymercedes.com.ar\/principal\/wp-content\/uploads\/2014\/09\/Scioli-Mercedes-01.09.2014.jpg\" alt=\"Scioli-Mercedes-01.09.2014\" width=\"620\" height=\"396\" \/><\/a><\/p>\n<p style=\"color: #000000;\">\n<p style=\"color: #000000;\">(BN) El<strong><em> gobernador Daniel Scioli asegur\u00f3 \u00a0que \u00abhay que encausar a los chicos en la cultura de la vida y del esfuerzo\u00bb porque \u201cson el pilar fundamental del presente y el futuro de nuestra sociedad\u00bb, al inaugurar la nueva sede del Servicio Zonal de Promoci\u00f3n y Protecci\u00f3n de Derechos del Ni\u00f1o en Mercedes junto al intendente local, Carlos Selva.<\/em><\/strong><\/p>\n<p style=\"color: #000000;\">Acompa\u00f1ado por el diputado nacional Eduardo &#8216;Wado&#8217; de Pedro; el ministro de Desarrollo Social, Eduardo Aparicio; vicepresidente ejecutivo del Grupo Provincia, Nicol\u00e1s Scioli y el secretario de Ni\u00f1ez y Adolescencia, Pablo Navarro; subsecretario de Deporte Social, Carlos Tapia; el Gobernador reconoci\u00f3 a los profesionales que \u00abcon sensibilidad y capacitaci\u00f3n cuidan a los ni\u00f1os que muchas veces pasan por\u00a0 situaciones dif\u00edciles y traum\u00e1ticas\u00bb e indic\u00f3 que estas acciones \u00abson una prioridad\u201d en su gobierno y \u201clo demostramos d\u00eda a d\u00eda con pol\u00edticas sociales para nuevas generaciones\u00bb.<\/p>\n<p style=\"color: #000000;\">El edificio cuenta con un hall de espera, cuatro oficinas para gabinete en las que trabajar\u00e1 el equipo interdisciplinario, la coordinaci\u00f3n del \u00e1rea y la atenci\u00f3n de casos; cuatro ba\u00f1os y un sal\u00f3n de usos m\u00faltiples (SUM).<\/p>\n<p style=\"color: #000000;\">Scioli puso en valor el trabajo articulado logrado a trav\u00e9s del Programa de Apoyo a la Inversi\u00f3n en los Sectores Sociales (PAISS) de la Provincia, el financiamiento local y el respaldo del Banco Interamericano de Desarrollo (BID) para \u00abque tengamos hoy esta infraestructura, que es muy inspiradora para acompa\u00f1ar la vocaci\u00f3n social de quienes atienden las distintas problem\u00e1ticas de los chicos\u00bb.<\/p>\n<p style=\"color: #000000;\">Durante la jornada tambi\u00e9n se firm\u00f3 el convenio de implementaci\u00f3n del Plan \u00abM\u00e1s Vida\u00bb, se entregaron tarjetas y leche fortificada.<\/p>\n<p style=\"color: #000000;\">\n<p><iframe loading=\"lazy\" width=\"620\" height=\"349\" src=\"\/\/www.youtube.com\/embed\/jgT3C_gVDAM?rel=0\" frameborder=\"0\" allowfullscreen><\/iframe><\/p>\n<p style=\"color: #000000;\">\n<p style=\"color: #000000;\"><span style=\"color: rgb(128, 128, 128);\">Fuente: BA Noticias<\/span><\/p>\n<p style=\"color: #000000;\">\n<p style=\"color: #000000;\">\n","protected":false},"excerpt":{"rendered":"<p>(BN) El gobernador Daniel Scioli asegur\u00f3 \u00a0que \u00abhay que encausar a los chicos en la cultura de la vida y &#8230; <a title=\"Scioli: \u00abHay que encausar a los chicos en la cultura de la vida y del esfuerzo\u00bb\" class=\"read-more\" href=\"https:\/\/www.hoymercedes.com.ar\/principal\/2014\/09\/02\/scioli-hay-que-encausar-a-los-chicos-en-la-cultura-de-la-vida-y-del-esfuerzo\/\" aria-label=\"Leer m\u00e1s sobre Scioli: \u00abHay que encausar a los chicos en la cultura de la vida y del esfuerzo\u00bb\">Leer m\u00e1s<\/a><\/p>\n","protected":false},"author":1,"featured_media":0,"comment_status":"open","ping_status":"open","sticky":false,"template":"","format":"standard","meta":{"_monsterinsights_skip_tracking":false,"_monsterinsights_sitenote_active":false,"_monsterinsights_sitenote_note":"","_monsterinsights_sitenote_category":0,"jetpack_post_was_ever_published":false,"_jetpack_newsletter_access":"","_jetpack_dont_email_post_to_subs":false,"_jetpack_newsletter_tier_id":0,"_jetpack_memberships_contains_paywalled_content":false,"_jetpack_memberships_contains_paid_content":false,"footnotes":"","jetpack_publicize_message":"","jetpack_publicize_feature_enabled":true,"jetpack_social_post_already_shared":false,"jetpack_social_options":{"image_generator_settings":{"template":"highway","default_image_id":0,"font":"","enabled":false},"version":2},"_wpas_customize_per_network":false},"categories":[5],"tags":[706,10,5928,721,5927,5926],"class_list":["post-35655","post","type-post","status-publish","format-standard","hentry","category-politica","tag-daniel-scioli-en-mercedes","tag-mercedes","tag-rosa-ciampa","tag-scioli","tag-servicio-zonal-mercedes","tag-servicio-zonal-regional","generate-columns","tablet-grid-50","mobile-grid-100","grid-parent","grid-50"],"jetpack_publicize_connections":[],"jetpack_featured_media_url":"","wps_subtitle":"Nueva sede del Servicio Zonal de Promoci\u00f3n de Derechos","jetpack_sharing_enabled":true,"_links":{"self":[{"href":"https:\/\/www.hoymercedes.com.ar\/principal\/wp-json\/wp\/v2\/posts\/35655","targetHints":{"allow":["GET"]}}],"collection":[{"href":"https:\/\/www.hoymercedes.com.ar\/principal\/wp-json\/wp\/v2\/posts"}],"about":[{"href":"https:\/\/www.hoymercedes.com.ar\/principal\/wp-json\/wp\/v2\/types\/post"}],"author":[{"embeddable":true,"href":"https:\/\/www.hoymercedes.com.ar\/principal\/wp-json\/wp\/v2\/users\/1"}],"replies":[{"embeddable":true,"href":"https:\/\/www.hoymercedes.com.ar\/principal\/wp-json\/wp\/v2\/comments?post=35655"}],"version-history":[{"count":0,"href":"https:\/\/www.hoymercedes.com.ar\/principal\/wp-json\/wp\/v2\/posts\/35655\/revisions"}],"wp:attachment":[{"href":"https:\/\/www.hoymercedes.com.ar\/principal\/wp-json\/wp\/v2\/media?parent=35655"}],"wp:term":[{"taxonomy":"category","embeddable":true,"href":"https:\/\/www.hoymercedes.com.ar\/principal\/wp-json\/wp\/v2\/categories?post=35655"},{"taxonomy":"post_tag","embeddable":true,"href":"https:\/\/www.hoymercedes.com.ar\/principal\/wp-json\/wp\/v2\/tags?post=35655"}],"curies":[{"name":"wp","href":"https:\/\/api.w.org\/{rel}","templated":true}]}}