{"id":35693,"date":"2014-09-03T11:44:00","date_gmt":"2014-09-03T14:44:00","guid":{"rendered":"http:\/\/www.hoymercedes.com.ar\/principal\/?p=35693"},"modified":"2014-09-03T11:44:00","modified_gmt":"2014-09-03T14:44:00","slug":"benitez-recorre-zonas-problematicas-y-fiscaliza-gestion-del-ejecutivo","status":"publish","type":"post","link":"https:\/\/www.hoymercedes.com.ar\/principal\/2014\/09\/03\/benitez-recorre-zonas-problematicas-y-fiscaliza-gestion-del-ejecutivo\/","title":{"rendered":"Ben\u00edtez recorre zonas problem\u00e1ticas y fiscaliza gesti\u00f3n del Ejecutivo"},"content":{"rendered":"<p><a href=\"https:\/\/www.hoymercedes.com.ar\/principal\/wp-content\/uploads\/2014\/09\/benitez-recorrebasurales-II.jpg\"><img loading=\"lazy\" decoding=\"async\" data-attachment-id=\"35695\" data-permalink=\"https:\/\/www.hoymercedes.com.ar\/principal\/2014\/09\/03\/benitez-recorre-zonas-problematicas-y-fiscaliza-gestion-del-ejecutivo\/benitez-recorrebasurales-ii\/#main\" data-orig-file=\"https:\/\/www.hoymercedes.com.ar\/principal\/wp-content\/uploads\/2014\/09\/benitez-recorrebasurales-II.jpg\" data-orig-size=\"720,960\" data-comments-opened=\"1\" data-image-meta=\"{&quot;aperture&quot;:&quot;0&quot;,&quot;credit&quot;:&quot;&quot;,&quot;camera&quot;:&quot;&quot;,&quot;caption&quot;:&quot;&quot;,&quot;created_timestamp&quot;:&quot;0&quot;,&quot;copyright&quot;:&quot;&quot;,&quot;focal_length&quot;:&quot;0&quot;,&quot;iso&quot;:&quot;0&quot;,&quot;shutter_speed&quot;:&quot;0&quot;,&quot;title&quot;:&quot;&quot;}\" data-image-title=\"benitez-recorrebasurales-II\" data-image-description=\"\" data-image-caption=\"\" data-large-file=\"https:\/\/www.hoymercedes.com.ar\/principal\/wp-content\/uploads\/2014\/09\/benitez-recorrebasurales-II.jpg\" class=\"aligncenter wp-image-35695\" src=\"https:\/\/www.hoymercedes.com.ar\/principal\/wp-content\/uploads\/2014\/09\/benitez-recorrebasurales-II-465x620.jpg\" alt=\"benitez-recorrebasurales-II\" width=\"620\" height=\"827\" srcset=\"https:\/\/www.hoymercedes.com.ar\/principal\/wp-content\/uploads\/2014\/09\/benitez-recorrebasurales-II-465x620.jpg 465w, https:\/\/www.hoymercedes.com.ar\/principal\/wp-content\/uploads\/2014\/09\/benitez-recorrebasurales-II.jpg 720w\" sizes=\"auto, (max-width: 620px) 100vw, 620px\" \/><\/a><\/p>\n<p><em><strong>El Concejal Juan Carlos Benitez contin\u00faa su camino como concejal exponiendo diversas problem\u00e1ticas ciudadanas. En esta ocasi\u00f3n estuvo recorriendo espacios de la ciudad que requieren atenci\u00f3n como ser los basurales que se est\u00e1n creando es diversos barrios a la vez que constata la\u00a0ejecuci\u00f3n\u00a0de obras solicitadas por el Concejo Deliberante.<\/strong><\/em><\/p>\n<p>El edil, que trabaja con Mauricio Macri, informo que: <em>\u00ab<span style=\"color: #141823;\">He iniciado un programa de visitas a lugares donde el Concejo Deliberante a trav\u00e9s de resoluciones y ordenanzas ha promovido mejoras durante el corriente a\u00f1o.<\/span><\/em><br style=\"color: #141823;\" \/><em><span style=\"color: #141823;\">La visita est\u00e1 destinada a corroborar si el Depart<\/span><span class=\"text_exposed_show\" style=\"color: #141823;\">amento Ejecutivo ha dado cumplimiento a esas situaciones, es as\u00ed como en el transcurso de la semana estuve recorriendo los basurales clandestinos de 22 bis y puente de ruta 41, el de 26 y 61, donde se acercaron vecinos preocupados con la persistencia de dicho basural y la impotencia que muestra la Municipalidad en su erradicaci\u00f3n as\u00ed como el basural que se ha generado en calle 61 bis entre v\u00edas de ferrocarriles.<br \/>\nTambi\u00e9n recorr\u00ed la calle 61 bis que a trav\u00e9s de una resoluci\u00f3n se aprob\u00f3 su mejoramiento, pero que a la fecha no ha tenido resultados, como tampoco lo ha tenido el bacheo de calle 24 y 103.<br \/>\nTodos esos puntos fueron parte de resoluciones aprobadas por el HCD.<br \/>\nCualquier vecino que este padeciendo la falta de realizaci\u00f3n de las tareas que desde el concejo ya se hayan aprobado, por favor acerqueme el reclamo y luego de una visita haremos el pedido de tareas a el intendente y funcionarios.\u00bb<\/span><\/em><\/p>\n<p>De esta manera el concejal Juan Carlos Benitez genera dos cuestiones, por un lado convoca a los vecinos a que le ayuden a detectar asuntos a resolver y por el otro se convierte en fiscal de las acciones que el intendente deber\u00eda ejecutar vinculadas a las determinaciones del Concejo Deliberante.\u00a0<img loading=\"lazy\" decoding=\"async\" data-attachment-id=\"35694\" data-permalink=\"https:\/\/www.hoymercedes.com.ar\/principal\/2014\/09\/03\/benitez-recorre-zonas-problematicas-y-fiscaliza-gestion-del-ejecutivo\/benitez-recorrebasurales\/#main\" data-orig-file=\"https:\/\/www.hoymercedes.com.ar\/principal\/wp-content\/uploads\/2014\/09\/benitez-recorrebasurales.jpg\" data-orig-size=\"720,960\" data-comments-opened=\"1\" data-image-meta=\"{&quot;aperture&quot;:&quot;0&quot;,&quot;credit&quot;:&quot;&quot;,&quot;camera&quot;:&quot;&quot;,&quot;caption&quot;:&quot;&quot;,&quot;created_timestamp&quot;:&quot;0&quot;,&quot;copyright&quot;:&quot;&quot;,&quot;focal_length&quot;:&quot;0&quot;,&quot;iso&quot;:&quot;0&quot;,&quot;shutter_speed&quot;:&quot;0&quot;,&quot;title&quot;:&quot;&quot;}\" data-image-title=\"benitez-recorrebasurales\" data-image-description=\"\" data-image-caption=\"\" data-large-file=\"https:\/\/www.hoymercedes.com.ar\/principal\/wp-content\/uploads\/2014\/09\/benitez-recorrebasurales.jpg\" class=\"Img2014 aligncenter wp-image-35694\" src=\"https:\/\/www.hoymercedes.com.ar\/principal\/wp-content\/uploads\/2014\/09\/benitez-recorrebasurales-465x620.jpg\" alt=\"benitez-recorrebasurales\" width=\"620\" height=\"827\" srcset=\"https:\/\/www.hoymercedes.com.ar\/principal\/wp-content\/uploads\/2014\/09\/benitez-recorrebasurales-465x620.jpg 465w, https:\/\/www.hoymercedes.com.ar\/principal\/wp-content\/uploads\/2014\/09\/benitez-recorrebasurales.jpg 720w\" sizes=\"auto, (max-width: 620px) 100vw, 620px\" \/><\/p>\n<p>&nbsp;<\/p>\n<p>&nbsp;<\/p>\n<p>&nbsp;<\/p>\n","protected":false},"excerpt":{"rendered":"<p>El Concejal Juan Carlos Benitez contin\u00faa su camino como concejal exponiendo diversas problem\u00e1ticas ciudadanas. En esta ocasi\u00f3n estuvo recorriendo espacios &#8230; <a title=\"Ben\u00edtez recorre zonas problem\u00e1ticas y fiscaliza gesti\u00f3n del Ejecutivo\" class=\"read-more\" href=\"https:\/\/www.hoymercedes.com.ar\/principal\/2014\/09\/03\/benitez-recorre-zonas-problematicas-y-fiscaliza-gestion-del-ejecutivo\/\" aria-label=\"Leer m\u00e1s sobre Ben\u00edtez recorre zonas problem\u00e1ticas y fiscaliza gesti\u00f3n del Ejecutivo\">Leer m\u00e1s<\/a><\/p>\n","protected":false},"author":1,"featured_media":0,"comment_status":"open","ping_status":"open","sticky":false,"template":"","format":"standard","meta":{"_monsterinsights_skip_tracking":false,"_monsterinsights_sitenote_active":false,"_monsterinsights_sitenote_note":"","_monsterinsights_sitenote_category":0,"jetpack_post_was_ever_published":false,"_jetpack_newsletter_access":"","_jetpack_dont_email_post_to_subs":false,"_jetpack_newsletter_tier_id":0,"_jetpack_memberships_contains_paywalled_content":false,"_jetpack_memberships_contains_paid_content":false,"footnotes":"","jetpack_publicize_message":"","jetpack_publicize_feature_enabled":true,"jetpack_social_post_already_shared":false,"jetpack_social_options":{"image_generator_settings":{"template":"highway","default_image_id":0,"font":"","enabled":false},"version":2},"_wpas_customize_per_network":false},"categories":[5],"tags":[2792,313],"class_list":["post-35693","post","type-post","status-publish","format-standard","hentry","category-politica","tag-basurales-mercedes","tag-juan-carlos-benitez","generate-columns","tablet-grid-50","mobile-grid-100","grid-parent","grid-50"],"jetpack_publicize_connections":[],"jetpack_featured_media_url":"","wps_subtitle":"Verifica realizaci\u00f3n de lo ordenado por el COncejo","jetpack_sharing_enabled":true,"_links":{"self":[{"href":"https:\/\/www.hoymercedes.com.ar\/principal\/wp-json\/wp\/v2\/posts\/35693","targetHints":{"allow":["GET"]}}],"collection":[{"href":"https:\/\/www.hoymercedes.com.ar\/principal\/wp-json\/wp\/v2\/posts"}],"about":[{"href":"https:\/\/www.hoymercedes.com.ar\/principal\/wp-json\/wp\/v2\/types\/post"}],"author":[{"embeddable":true,"href":"https:\/\/www.hoymercedes.com.ar\/principal\/wp-json\/wp\/v2\/users\/1"}],"replies":[{"embeddable":true,"href":"https:\/\/www.hoymercedes.com.ar\/principal\/wp-json\/wp\/v2\/comments?post=35693"}],"version-history":[{"count":0,"href":"https:\/\/www.hoymercedes.com.ar\/principal\/wp-json\/wp\/v2\/posts\/35693\/revisions"}],"wp:attachment":[{"href":"https:\/\/www.hoymercedes.com.ar\/principal\/wp-json\/wp\/v2\/media?parent=35693"}],"wp:term":[{"taxonomy":"category","embeddable":true,"href":"https:\/\/www.hoymercedes.com.ar\/principal\/wp-json\/wp\/v2\/categories?post=35693"},{"taxonomy":"post_tag","embeddable":true,"href":"https:\/\/www.hoymercedes.com.ar\/principal\/wp-json\/wp\/v2\/tags?post=35693"}],"curies":[{"name":"wp","href":"https:\/\/api.w.org\/{rel}","templated":true}]}}