{"id":35697,"date":"2014-09-03T18:42:15","date_gmt":"2014-09-03T21:42:15","guid":{"rendered":"http:\/\/www.hoymercedes.com.ar\/principal\/?p=35697"},"modified":"2014-09-03T18:47:00","modified_gmt":"2014-09-03T21:47:00","slug":"biglia-contento-por-estar-en-un-nuevo-ciclo-siempre-es-lindo-empezar-ganando-y-sobre-todo-a-un-equipo-como-alemania","status":"publish","type":"post","link":"https:\/\/www.hoymercedes.com.ar\/principal\/2014\/09\/03\/biglia-contento-por-estar-en-un-nuevo-ciclo-siempre-es-lindo-empezar-ganando-y-sobre-todo-a-un-equipo-como-alemania\/","title":{"rendered":"Biglia: \u00abContento por estar en un nuevo ciclo. Siempre es lindo empezar ganando y sobre todo a un equipo como Alemania\u00bb"},"content":{"rendered":"<p><a href=\"https:\/\/www.hoymercedes.com.ar\/principal\/wp-content\/uploads\/2014\/09\/LucasBiglia-Alemania-03.09.2014.jpg\"><img loading=\"lazy\" decoding=\"async\" data-attachment-id=\"35698\" data-permalink=\"https:\/\/www.hoymercedes.com.ar\/principal\/2014\/09\/03\/biglia-contento-por-estar-en-un-nuevo-ciclo-siempre-es-lindo-empezar-ganando-y-sobre-todo-a-un-equipo-como-alemania\/lucasbiglia-alemania-03-09-2014\/#main\" data-orig-file=\"https:\/\/www.hoymercedes.com.ar\/principal\/wp-content\/uploads\/2014\/09\/LucasBiglia-Alemania-03.09.2014.jpg\" data-orig-size=\"620,551\" data-comments-opened=\"1\" data-image-meta=\"{&quot;aperture&quot;:&quot;0&quot;,&quot;credit&quot;:&quot;&quot;,&quot;camera&quot;:&quot;&quot;,&quot;caption&quot;:&quot;&quot;,&quot;created_timestamp&quot;:&quot;0&quot;,&quot;copyright&quot;:&quot;&quot;,&quot;focal_length&quot;:&quot;0&quot;,&quot;iso&quot;:&quot;0&quot;,&quot;shutter_speed&quot;:&quot;0&quot;,&quot;title&quot;:&quot;&quot;}\" data-image-title=\"LucasBiglia-Alemania-03.09.2014\" data-image-description=\"\" data-image-caption=\"\" data-large-file=\"https:\/\/www.hoymercedes.com.ar\/principal\/wp-content\/uploads\/2014\/09\/LucasBiglia-Alemania-03.09.2014.jpg\" class=\"Img2014 aligncenter wp-image-35698 size-full\" src=\"https:\/\/www.hoymercedes.com.ar\/principal\/wp-content\/uploads\/2014\/09\/LucasBiglia-Alemania-03.09.2014.jpg\" alt=\"LucasBiglia-Alemania-03.09.2014\" width=\"620\" height=\"551\" \/><\/a><\/p>\n<p><em><strong>El mercedino Lucas Biglia, de brillante participaci\u00f3n en el \u00faltimo mundial, volvi\u00f3 a ser titular en la selecci\u00f3n mayor en el primer partido de la nueva conducci\u00f3n t\u00e9cnica frente a Alemania, justamente el campe\u00f3n del mundo en su casa, obteniendo un contundente aprobado por la prensa especializada.<\/strong><\/em><\/p>\n<p>El Tata Martino, flamante Director T\u00e9cnico de la Selecci\u00f3n Nacional, tom\u00f3 la base que dej\u00f3 el mundial y entre ellos el mercedino Lucas Biglia, que manifest\u00f3 estar:<em> \u00abContento por estar en un nuevo ciclo. Siempre es lindo empezar ganando y sobre todo a un equipo como Alemania. Lo importante es que esto es bueno para el futuro. La idea es presionar bien arriba, es lo que quiere el entrenador. Lo hicimos durante gran parte del partido y nos rindi\u00f3 frutos\u00bb,<\/em> declaraciones publicadas por la AFA.<\/p>\n<p>A su vez Biglia tuvo palabras de elogio para Di Mar\u00eda, de brillante actuaci\u00f3n: \u00ab<em>Est\u00e1 Leo, que es de otro planeta, y despu\u00e9s vienen \u00e9l y Cristiano. Porque no est\u00e1 dentro de los mejores 15 del mundo, sino entre los 3 mejores\u00bb<\/em>. Sostuvo en Ol\u00e9.<\/p>\n<p>Respecto al planteo t\u00e1ctico expres\u00f3<em>: \u00abHicimos durante el Mundial el cambio de esquema y por m\u00e1s que haya poco tiempo de trabajo lo tenemos que saber hacer. La presi\u00f3n alta es lo que quiere plasmar el entrenador, lo hicimos durante gran partido del partido y dio resultado\u00bb.<\/em><\/p>\n<p>Lucas Biglia contin\u00faa siendo, para los mercedinos, un gran atractivo para continuar prendidos a la Selecci\u00f3n Nacional.<\/p>\n<p><strong>\u00a0Medios<\/strong><\/p>\n<p>Los medios de comunicaci\u00f3n puntuaron a los jugadores, d\u00e1ndole 7 puntos a Lucas Biglia por su actuaci\u00f3n frente al campe\u00f3n mundial.<\/p>\n","protected":false},"excerpt":{"rendered":"<p>El mercedino Lucas Biglia, de brillante participaci\u00f3n en el \u00faltimo mundial, volvi\u00f3 a ser titular en la selecci\u00f3n mayor en &#8230; <a title=\"Biglia: \u00abContento por estar en un nuevo ciclo. Siempre es lindo empezar ganando y sobre todo a un equipo como Alemania\u00bb\" class=\"read-more\" href=\"https:\/\/www.hoymercedes.com.ar\/principal\/2014\/09\/03\/biglia-contento-por-estar-en-un-nuevo-ciclo-siempre-es-lindo-empezar-ganando-y-sobre-todo-a-un-equipo-como-alemania\/\" aria-label=\"Leer m\u00e1s sobre Biglia: \u00abContento por estar en un nuevo ciclo. Siempre es lindo empezar ganando y sobre todo a un equipo como Alemania\u00bb\">Leer m\u00e1s<\/a><\/p>\n","protected":false},"author":1,"featured_media":0,"comment_status":"open","ping_status":"open","sticky":false,"template":"","format":"standard","meta":{"_monsterinsights_skip_tracking":false,"_monsterinsights_sitenote_active":false,"_monsterinsights_sitenote_note":"","_monsterinsights_sitenote_category":0,"jetpack_post_was_ever_published":false,"_jetpack_newsletter_access":"","_jetpack_dont_email_post_to_subs":false,"_jetpack_newsletter_tier_id":0,"_jetpack_memberships_contains_paywalled_content":false,"_jetpack_memberships_contains_paid_content":false,"footnotes":"","jetpack_publicize_message":"","jetpack_publicize_feature_enabled":true,"jetpack_social_post_already_shared":false,"jetpack_social_options":{"image_generator_settings":{"template":"highway","default_image_id":0,"font":"","enabled":false},"version":2},"_wpas_customize_per_network":false},"categories":[8],"tags":[5937,395,305,5283],"class_list":["post-35697","post","type-post","status-publish","format-standard","hentry","category-sociedad","tag-argentina-alemania","tag-biglia","tag-lucas-biglia","tag-mercedino-lucas-biglia","generate-columns","tablet-grid-50","mobile-grid-100","grid-parent","grid-50"],"jetpack_publicize_connections":[],"jetpack_featured_media_url":"","wps_subtitle":"El mercedino desde Alemania ","jetpack_sharing_enabled":true,"_links":{"self":[{"href":"https:\/\/www.hoymercedes.com.ar\/principal\/wp-json\/wp\/v2\/posts\/35697","targetHints":{"allow":["GET"]}}],"collection":[{"href":"https:\/\/www.hoymercedes.com.ar\/principal\/wp-json\/wp\/v2\/posts"}],"about":[{"href":"https:\/\/www.hoymercedes.com.ar\/principal\/wp-json\/wp\/v2\/types\/post"}],"author":[{"embeddable":true,"href":"https:\/\/www.hoymercedes.com.ar\/principal\/wp-json\/wp\/v2\/users\/1"}],"replies":[{"embeddable":true,"href":"https:\/\/www.hoymercedes.com.ar\/principal\/wp-json\/wp\/v2\/comments?post=35697"}],"version-history":[{"count":0,"href":"https:\/\/www.hoymercedes.com.ar\/principal\/wp-json\/wp\/v2\/posts\/35697\/revisions"}],"wp:attachment":[{"href":"https:\/\/www.hoymercedes.com.ar\/principal\/wp-json\/wp\/v2\/media?parent=35697"}],"wp:term":[{"taxonomy":"category","embeddable":true,"href":"https:\/\/www.hoymercedes.com.ar\/principal\/wp-json\/wp\/v2\/categories?post=35697"},{"taxonomy":"post_tag","embeddable":true,"href":"https:\/\/www.hoymercedes.com.ar\/principal\/wp-json\/wp\/v2\/tags?post=35697"}],"curies":[{"name":"wp","href":"https:\/\/api.w.org\/{rel}","templated":true}]}}