{"id":3573,"date":"2011-04-18T16:58:24","date_gmt":"2011-04-18T16:58:24","guid":{"rendered":"http:\/\/www.hoymercedes.com.ar\/principal\/?p=3573"},"modified":"2011-04-18T16:58:24","modified_gmt":"2011-04-18T16:58:24","slug":"50-anos-del-instituto-superior-de-formacion-docente-y-tecnica-%e2%80%9cciudad-de-mercedes%e2%80%9d","status":"publish","type":"post","link":"https:\/\/www.hoymercedes.com.ar\/principal\/2011\/04\/18\/50-anos-del-instituto-superior-de-formacion-docente-y-tecnica-%e2%80%9cciudad-de-mercedes%e2%80%9d\/","title":{"rendered":"50 a\u00f1os del Instituto Superior de Formaci\u00f3n Docente y T\u00e9cnica \u201cCiudad de Mercedes\u201d"},"content":{"rendered":"<p>Agradecimiento a Dios: Motivados por los cincuenta a\u00f1os desde la creaci\u00f3n del Instituto Superior de Formaci\u00f3n Docente y T\u00e9cnica \u201cCiudad de Mercedes\u201d, queremos en primer lugar dar gracias a Dios que ha inspirado a los fundadores y ha sostenido hasta hoy la labor educativa.<\/p>\n<p>Evidentemente un instituto no sale de la nada ni tampoco es obra de una sola persona. De  manera que quisiera encomendar a la misericordia del Se\u00f1or a todos aquellos que, en su momento, vieron la necesidad y se pusieron a trabajar de acuerdo a su vocaci\u00f3n cristiana, dando vida a esa casa de formaci\u00f3n terciaria y ya no est\u00e1n entre nosotros. Quiero mencionar, dada la trascendencia de su figura a nivel de toda la iglesia universal, a quien fuera Cardenal primado de la argentina, Mons. Antonio Quarracino. Sabemos que su impulso y entusiasmo fueron pilares s\u00f3lidos donde se construy\u00f3 el Instituto.<\/p>\n<p>La comunidad educativa cat\u00f3lica:<\/p>\n<p>Conocemos todos que a la Iglesia le compete el deber y el derecho de educar por la misi\u00f3n que Dios le ha confiado, que es la de ayudar a los hombres para que puedan llegar a la plenitud de la vida cristiana[1]. Esta misi\u00f3n evangelizadora tiene como eje, fundamento y cumbre a Jesucristo. Al respecto nos se\u00f1ala el documento de la V conferencia de los obispos de Am\u00e9rica latina y del Caribe, conocido como Aparecida que: \u201cla meta que la escuela cat\u00f3lica se propone, respecto de los ni\u00f1os y los j\u00f3venes, es la de conducir al encuentro con Jesucristo vivo, Hijo del Padre, hermano y amigo, Maestro y Pastor misericordioso, esperanza, camino, verdad y vida y, as\u00ed, a la vivencia de la alianza con Dios y con los hombres\u201d (n\u00b0 336).<\/p>\n<p>Nuestro modelo trascendente de familia y comunidad es la Sant\u00edsima Trinidad, Dios uno y trino, comuni\u00f3n de personas distintas en un mismo amor. \u201cDios es amor\u201d nos dice san Juan[2]  y en El nos confiamos  y reflejamos para formar la comunidad educativa. Es en esta estructura donde se apoya la labor de educar que tambi\u00e9n podr\u00edamos llamar: formar comunidad.<\/p>\n<p>Aqu\u00ed intervienen los padres, los directivos, docentes, personal no docente, sacerdotes, alumnos y el mismo obispado a trav\u00e9s de sus representantes legales. La buena y creciente relaci\u00f3n entre todos los integrantes lograr\u00e1n la educaci\u00f3n integral de la que tanto hablamos y tambi\u00e9n, por qu\u00e9 no decirlo, tanto nos cuesta.<\/p>\n<p>\u00bfQue nos ayuda? Evidentemente profesar la fe cat\u00f3lica ya es fundamento de comuni\u00f3n, tambi\u00e9n lo ser\u00e1 la claridad de finalidades y objetivos que susciten el inter\u00e9s y la adhesi\u00f3n de todos los integrantes de dicha comunidad<\/p>\n<p>El ejemplo coherente con el Evangelio  de lo que se ense\u00f1a y lo que se vive ser\u00e1 un testimonio cre\u00edble que atraiga a otros a vivir as\u00ed, como en las primeras comunidades cristianas, seg\u00fan nos narran los Hechos de los Ap\u00f3stoles.<\/p>\n<p>La idoneidad de las personas ante las funciones que desempe\u00f1an, la responsabilidad con que se asuman las tareas, la honestidad en todos los \u00e1mbitos y el esp\u00edritu de servicio, ser\u00e1n tambi\u00e9n grandes aportes a la comuni\u00f3n.<\/p>\n<p>Los alumnos, en su participaci\u00f3n activa, son los protagonistas, los primeros agentes de la propia educaci\u00f3n, especialmente en este nivel terciario.<\/p>\n<p>Tambi\u00e9n la familia, como dije antes, aporta ejerciendo su deber &#8211; derecho de educar seg\u00fan la plenitud humana que nos se\u00f1ala Jes\u00fas.<\/p>\n<p>Otra dimensi\u00f3n de la educaci\u00f3n para la comuni\u00f3n es la apertura, con respeto y dignidad, al dialogo con el resto de la sociedad, aportando lo propio e intercambiando dones para el mutuo enriquecimiento. Un lugar particular y preferencial lo habr\u00e1n de ocupar los pobres y necesitados, abri\u00e9ndonos a ellos encontramos al mismo Cristo.<\/p>\n<p>\u00bfQu\u00e9 dificulta?<\/p>\n<p>La ignorancia de la fe, muchas veces hace que tengamos una imagen equivocada o deformada del Dios amor manifestado y vivido en su iglesia. \u00a1No nos perdamos la inmensa alegr\u00eda de conocerlo y la dicha de transmitirlo con nuestra vida a los dem\u00e1s!<\/p>\n<p>Las urgencias y tambi\u00e9n los apremios econ\u00f3micos suelen jugar una mala pasada en cuanto a la preparaci\u00f3n con responsabilidad, a la visi\u00f3n cristiana del mundo, a la atenci\u00f3n de los dem\u00e1s.<\/p>\n<p>Los ego\u00edsmos personales, presentes siempre en el coraz\u00f3n humano y que solo desaparecen con la fuerza que el Se\u00f1or mismo nos da, pueden generar divisiones, celos, envidias, difamaciones y calumnias, que acarrear\u00e1n oscuridad, confusi\u00f3n, des\u00e1nimo y ruina a las mejores intenciones y proyectos.<\/p>\n<p>La falta de apertura al di\u00e1logo sincero, buscando servir a la verdad sin apropi\u00e1rnosla; la estrechez de horizontes, que nos hacen perder el verdadero rumbo; el desinter\u00e9s por los otros en pos del \u00e9xito personal, son todas acciones negativas que destruyen la comunidad.<\/p>\n<p>Todas estas ataduras solo pueden ser cortadas por la libertad que nos trajo Cristo, nuestra Pascua y nuestra paz definitiva.<\/p>\n<p>Sue\u00f1o.<\/p>\n<p>Al llegar a esta querida arquidi\u00f3cesis, hace ya tres a\u00f1os, he conocido de cerca esta obra evangelizadora, que funciona en el antiguo edificio del Seminario P\u00edo XII, ofreciendo un amplio espacio desde el pre &#8211; escolar hasta la formaci\u00f3n terciaria.<\/p>\n<p>Hace pocos d\u00edas hemos celebrado tambi\u00e9n los cincuenta a\u00f1os de la escuela parroquial Padre Ansaldo y, como lo hice ante ellos, perm\u00edtanme expresarles un sue\u00f1o, un deseo desde el coraz\u00f3n de pastor que quiere ver las ovejas en un solo reba\u00f1o, que busca que seamos uno para el mundo crea (Jn. 17, 21). Pr\u00e1cticamente en simultaneidad con el Instituto del Profesorado fue creada la escuela parroquial. \u00bfSer\u00e1 posible alguna vez una misma entidad educativa?<\/p>\n<p>Miro cuanto nos une, no solo el edificio, sino la finalidad, miro cuanto bien har\u00eda a la evangelizaci\u00f3n, a la formaci\u00f3n integral de la persona, cuanta ayuda podr\u00edamos brindar a las familias y a la sociedad si este ambiente educativo a imagen de la comuni\u00f3n con Dios, del cual ya  hablamos, abarcase al ni\u00f1o desde el pre- escolar hasta casi su adultez. Una \u00fanica entidad, un \u00fanico ideario formativo, un \u00fanico camino de crecimiento iluminado por la misma fe.<\/p>\n<p>So\u00f1emos juntos y seamos d\u00f3ciles a la acci\u00f3n del Esp\u00edritu Santo. Que la Virgen Sant\u00edsima, Nuestra Se\u00f1ora de las Mercedes, nos cobije y nos una, ayud\u00e1ndonos siempre a vivir en el discipulado misionero de su Hijo Jes\u00fas.<\/p>\n<p>&nbsp;<\/p>\n","protected":false},"excerpt":{"rendered":"<p>Agradecimiento a Dios: Motivados por los cincuenta a\u00f1os desde la creaci\u00f3n del Instituto Superior de Formaci\u00f3n Docente y T\u00e9cnica \u201cCiudad &#8230; <a title=\"50 a\u00f1os del Instituto Superior de Formaci\u00f3n Docente y T\u00e9cnica \u201cCiudad de Mercedes\u201d\" class=\"read-more\" href=\"https:\/\/www.hoymercedes.com.ar\/principal\/2011\/04\/18\/50-anos-del-instituto-superior-de-formacion-docente-y-tecnica-%e2%80%9cciudad-de-mercedes%e2%80%9d\/\" aria-label=\"Leer m\u00e1s sobre 50 a\u00f1os del Instituto Superior de Formaci\u00f3n Docente y T\u00e9cnica \u201cCiudad de Mercedes\u201d\">Leer m\u00e1s<\/a><\/p>\n","protected":false},"author":1,"featured_media":0,"comment_status":"open","ping_status":"open","sticky":false,"template":"","format":"standard","meta":{"_monsterinsights_skip_tracking":false,"_monsterinsights_sitenote_active":false,"_monsterinsights_sitenote_note":"","_monsterinsights_sitenote_category":0,"jetpack_post_was_ever_published":false,"_jetpack_newsletter_access":"","_jetpack_dont_email_post_to_subs":false,"_jetpack_newsletter_tier_id":0,"_jetpack_memberships_contains_paywalled_content":false,"_jetpack_memberships_contains_paid_content":false,"footnotes":"","jetpack_publicize_message":"","jetpack_publicize_feature_enabled":true,"jetpack_social_post_already_shared":false,"jetpack_social_options":{"image_generator_settings":{"template":"highway","default_image_id":0,"font":"","enabled":false},"version":2},"_wpas_customize_per_network":false},"categories":[8],"tags":[692],"class_list":["post-3573","post","type-post","status-publish","format-standard","hentry","category-sociedad","tag-instituto-superior-de-formacion-docente","generate-columns","tablet-grid-50","mobile-grid-100","grid-parent","grid-50"],"jetpack_publicize_connections":[],"jetpack_featured_media_url":"","wps_subtitle":"","jetpack_sharing_enabled":true,"_links":{"self":[{"href":"https:\/\/www.hoymercedes.com.ar\/principal\/wp-json\/wp\/v2\/posts\/3573","targetHints":{"allow":["GET"]}}],"collection":[{"href":"https:\/\/www.hoymercedes.com.ar\/principal\/wp-json\/wp\/v2\/posts"}],"about":[{"href":"https:\/\/www.hoymercedes.com.ar\/principal\/wp-json\/wp\/v2\/types\/post"}],"author":[{"embeddable":true,"href":"https:\/\/www.hoymercedes.com.ar\/principal\/wp-json\/wp\/v2\/users\/1"}],"replies":[{"embeddable":true,"href":"https:\/\/www.hoymercedes.com.ar\/principal\/wp-json\/wp\/v2\/comments?post=3573"}],"version-history":[{"count":0,"href":"https:\/\/www.hoymercedes.com.ar\/principal\/wp-json\/wp\/v2\/posts\/3573\/revisions"}],"wp:attachment":[{"href":"https:\/\/www.hoymercedes.com.ar\/principal\/wp-json\/wp\/v2\/media?parent=3573"}],"wp:term":[{"taxonomy":"category","embeddable":true,"href":"https:\/\/www.hoymercedes.com.ar\/principal\/wp-json\/wp\/v2\/categories?post=3573"},{"taxonomy":"post_tag","embeddable":true,"href":"https:\/\/www.hoymercedes.com.ar\/principal\/wp-json\/wp\/v2\/tags?post=3573"}],"curies":[{"name":"wp","href":"https:\/\/api.w.org\/{rel}","templated":true}]}}