{"id":35737,"date":"2014-09-04T15:51:18","date_gmt":"2014-09-04T18:51:18","guid":{"rendered":"http:\/\/www.hoymercedes.com.ar\/principal\/?p=35737"},"modified":"2014-09-04T15:51:18","modified_gmt":"2014-09-04T18:51:18","slug":"aumento-de-gas-el-mic-pide-via-concejo-se-revea","status":"publish","type":"post","link":"https:\/\/www.hoymercedes.com.ar\/principal\/2014\/09\/04\/aumento-de-gas-el-mic-pide-via-concejo-se-revea\/","title":{"rendered":"Aumento de gas: El MIC pide v\u00eda Concejo se revea"},"content":{"rendered":"<p><em><strong><a href=\"https:\/\/www.hoymercedes.com.ar\/principal\/wp-content\/uploads\/2014\/09\/josecestari.jpg\"><img loading=\"lazy\" decoding=\"async\" data-attachment-id=\"35738\" data-permalink=\"https:\/\/www.hoymercedes.com.ar\/principal\/2014\/09\/04\/aumento-de-gas-el-mic-pide-via-concejo-se-revea\/josecestari-8\/#main\" data-orig-file=\"https:\/\/www.hoymercedes.com.ar\/principal\/wp-content\/uploads\/2014\/09\/josecestari.jpg\" data-orig-size=\"620,934\" data-comments-opened=\"1\" data-image-meta=\"{&quot;aperture&quot;:&quot;0&quot;,&quot;credit&quot;:&quot;Moreira Mario Hugo&quot;,&quot;camera&quot;:&quot;&quot;,&quot;caption&quot;:&quot;&quot;,&quot;created_timestamp&quot;:&quot;0&quot;,&quot;copyright&quot;:&quot;Moreira Mario Hugo&quot;,&quot;focal_length&quot;:&quot;0&quot;,&quot;iso&quot;:&quot;0&quot;,&quot;shutter_speed&quot;:&quot;0&quot;,&quot;title&quot;:&quot;&quot;}\" data-image-title=\"josecestari\" data-image-description=\"\" data-image-caption=\"\" data-large-file=\"https:\/\/www.hoymercedes.com.ar\/principal\/wp-content\/uploads\/2014\/09\/josecestari.jpg\" class=\"Img2014 aligncenter wp-image-35738 size-full\" src=\"https:\/\/www.hoymercedes.com.ar\/principal\/wp-content\/uploads\/2014\/09\/josecestari.jpg\" alt=\"josecestari\" width=\"620\" height=\"934\" srcset=\"https:\/\/www.hoymercedes.com.ar\/principal\/wp-content\/uploads\/2014\/09\/josecestari.jpg 620w, https:\/\/www.hoymercedes.com.ar\/principal\/wp-content\/uploads\/2014\/09\/josecestari-411x620.jpg 411w\" sizes=\"auto, (max-width: 620px) 100vw, 620px\" \/><\/a>Desde el MIC conducido por Jos\u00e9 Cestari expresan su preocupaci\u00f3n por el aumento del gas vivido y plasmado en las \u00faltimas facturas recibidas. Es por ello que el bloque integrado por Cestari y Juan Carlos Badano y que se inscribe en el PRO a nivel nacional gener\u00f3 un proyecto de ordenanza con el objetivo de que \u00abEnargas\u00bb revea el aumento.<\/strong><\/em><\/p>\n<p>El proyecto enviado al Concejo Deliberante de nuestra ciudad es el siguiente:<\/p>\n<p>Ante el aumento tarifario escalonado del gas natural, facturado por Gas Natural Ban S.A. (licenciataria) y autorizado por ENARGAS (Ente Nacional Regulador del Gas), y considerando que por Resoluci\u00f3n de ENARGAS N\u00b0 I\/2843, del 4 de abril de 2014, autoriza a Gas Natural Ban S.A. (licenciataria en Mercedes de la distribuci\u00f3n del gas domiciliario) a implementar un nuevo cuadro tarifario escalonado, con fechas 1 de abril, 1 de junio y 1 de agosto de 2014, que implica un aumento significativo a muchos usuarios, que por Resoluci\u00f3n 226\/14 de ENARGAS se aprueba un mecanismo de racionalizaci\u00f3n del consumo del gas natural, se implementan mecanismos de protecci\u00f3n en beneficio de los usuarios de gas natural, se reestructuran los precios de gas de boca de pozo y se segmenta la demanda residencial de gas natural, que se implementa una pol\u00edtica de disminuci\u00f3n de los subsidios al consumo de los recursos energ\u00e9ticos (simult\u00e1nea a la realizaci\u00f3n del mundial de f\u00fatbol que se disput\u00f3 en Brasil), igual a lo que se aplic\u00f3 al transporte p\u00fablico automotor (en \u00e9poca de fiestas navide\u00f1as y de a\u00f1o nuevo), que el aumento de la tarifa de gas natural, seg\u00fan un caso testigo que disminuy\u00f3 el consumo de m3 de gas, es superior al \u00edndice inflacionario oficial.<\/p>\n<table>\n<tbody>\n<tr>\n<td width=\"120\">Fecha de facturaci\u00f3n<\/td>\n<td width=\"120\">Consumo en m3 de gas<\/td>\n<td width=\"120\">subsidio<\/td>\n<td width=\"120\">Total a pagar<\/td>\n<td width=\"120\">% de aumento<\/td>\n<\/tr>\n<tr>\n<td width=\"120\">Septiembre 2013<\/td>\n<td width=\"120\">1.053<\/td>\n<td width=\"120\">&#8211; 378,96<\/td>\n<td width=\"120\">556,27<\/td>\n<td width=\"120\">&nbsp;<\/td>\n<\/tr>\n<tr>\n<td width=\"120\">Septiembre 2014<\/td>\n<td width=\"120\">964<\/td>\n<td width=\"120\">&#8211; 402,33<\/td>\n<td width=\"120\">1.110,43<\/td>\n<td width=\"120\">99,62<\/td>\n<\/tr>\n<\/tbody>\n<\/table>\n<p>Que muchos asalariados sufren un deterioro significativo de su poder adquisitivo producto de la inflaci\u00f3n.<\/p>\n<p>Ante lo expuesto el Bloque MIC promueve el siguiente Proyecto de RESOLUCI\u00d3N<\/p>\n<p>Art. 1\u00b0. El HCD se dirige a ENARGAS para que revea, a trav\u00e9s de la realizaci\u00f3n de audiencias p\u00fablicas, los aumentos escalonados tarifarios del gas natural residencial autorizados a la Empresa Gas Natural Ban S.A.<\/p>\n<p>Art. 2\u00b0. Se remitan copias de la Resoluci\u00f3n a todos los distritos de la Provincia de Buenos Aires.<\/p>\n","protected":false},"excerpt":{"rendered":"<p>Desde el MIC conducido por Jos\u00e9 Cestari expresan su preocupaci\u00f3n por el aumento del gas vivido y plasmado en las &#8230; <a title=\"Aumento de gas: El MIC pide v\u00eda Concejo se revea\" class=\"read-more\" href=\"https:\/\/www.hoymercedes.com.ar\/principal\/2014\/09\/04\/aumento-de-gas-el-mic-pide-via-concejo-se-revea\/\" aria-label=\"Leer m\u00e1s sobre Aumento de gas: El MIC pide v\u00eda Concejo se revea\">Leer m\u00e1s<\/a><\/p>\n","protected":false},"author":1,"featured_media":0,"comment_status":"open","ping_status":"open","sticky":false,"template":"","format":"standard","meta":{"_monsterinsights_skip_tracking":false,"_monsterinsights_sitenote_active":false,"_monsterinsights_sitenote_note":"","_monsterinsights_sitenote_category":0,"jetpack_post_was_ever_published":false,"_jetpack_newsletter_access":"","_jetpack_dont_email_post_to_subs":false,"_jetpack_newsletter_tier_id":0,"_jetpack_memberships_contains_paywalled_content":false,"_jetpack_memberships_contains_paid_content":false,"footnotes":"","jetpack_publicize_message":"","jetpack_publicize_feature_enabled":true,"jetpack_social_post_already_shared":false,"jetpack_social_options":{"image_generator_settings":{"template":"highway","default_image_id":0,"font":"","enabled":false},"version":2},"_wpas_customize_per_network":false},"categories":[5],"tags":[5946,321,1972,5233,2185],"class_list":["post-35737","post","type-post","status-publish","format-standard","hentry","category-politica","tag-aumento-del-gas","tag-jose-cestari","tag-mic","tag-mic-pro","tag-pro-mercedes","generate-columns","tablet-grid-50","mobile-grid-100","grid-parent","grid-50"],"jetpack_publicize_connections":[],"jetpack_featured_media_url":"","wps_subtitle":"A ENARGAS ","jetpack_sharing_enabled":true,"_links":{"self":[{"href":"https:\/\/www.hoymercedes.com.ar\/principal\/wp-json\/wp\/v2\/posts\/35737","targetHints":{"allow":["GET"]}}],"collection":[{"href":"https:\/\/www.hoymercedes.com.ar\/principal\/wp-json\/wp\/v2\/posts"}],"about":[{"href":"https:\/\/www.hoymercedes.com.ar\/principal\/wp-json\/wp\/v2\/types\/post"}],"author":[{"embeddable":true,"href":"https:\/\/www.hoymercedes.com.ar\/principal\/wp-json\/wp\/v2\/users\/1"}],"replies":[{"embeddable":true,"href":"https:\/\/www.hoymercedes.com.ar\/principal\/wp-json\/wp\/v2\/comments?post=35737"}],"version-history":[{"count":0,"href":"https:\/\/www.hoymercedes.com.ar\/principal\/wp-json\/wp\/v2\/posts\/35737\/revisions"}],"wp:attachment":[{"href":"https:\/\/www.hoymercedes.com.ar\/principal\/wp-json\/wp\/v2\/media?parent=35737"}],"wp:term":[{"taxonomy":"category","embeddable":true,"href":"https:\/\/www.hoymercedes.com.ar\/principal\/wp-json\/wp\/v2\/categories?post=35737"},{"taxonomy":"post_tag","embeddable":true,"href":"https:\/\/www.hoymercedes.com.ar\/principal\/wp-json\/wp\/v2\/tags?post=35737"}],"curies":[{"name":"wp","href":"https:\/\/api.w.org\/{rel}","templated":true}]}}