{"id":35768,"date":"2014-09-06T14:05:56","date_gmt":"2014-09-06T17:05:56","guid":{"rendered":"http:\/\/www.hoymercedes.com.ar\/principal\/?p=35768"},"modified":"2014-09-06T14:29:35","modified_gmt":"2014-09-06T17:29:35","slug":"wado-de-pedro-la-ampliacion-de-la-red-de-gas-natural-es-fundamental-para-nuestra-ciudad","status":"publish","type":"post","link":"https:\/\/www.hoymercedes.com.ar\/principal\/2014\/09\/06\/wado-de-pedro-la-ampliacion-de-la-red-de-gas-natural-es-fundamental-para-nuestra-ciudad\/","title":{"rendered":"Wado De Pedro: \u201cLa ampliaci\u00f3n de la red de gas natural es fundamental para nuestra ciudad\u00bb"},"content":{"rendered":"<p><a href=\"https:\/\/www.hoymercedes.com.ar\/principal\/wp-content\/uploads\/2014\/09\/Wado-Juani-ObrasGasNatura.jpg\"><img loading=\"lazy\" decoding=\"async\" data-attachment-id=\"35769\" data-permalink=\"https:\/\/www.hoymercedes.com.ar\/principal\/2014\/09\/06\/wado-de-pedro-la-ampliacion-de-la-red-de-gas-natural-es-fundamental-para-nuestra-ciudad\/wado-juani-obrasgasnatura\/#main\" data-orig-file=\"https:\/\/www.hoymercedes.com.ar\/principal\/wp-content\/uploads\/2014\/09\/Wado-Juani-ObrasGasNatura.jpg\" data-orig-size=\"620,394\" data-comments-opened=\"1\" data-image-meta=\"{&quot;aperture&quot;:&quot;0&quot;,&quot;credit&quot;:&quot;SEBASTIAN_AMBROSSIO&quot;,&quot;camera&quot;:&quot;&quot;,&quot;caption&quot;:&quot;&quot;,&quot;created_timestamp&quot;:&quot;0&quot;,&quot;copyright&quot;:&quot;Sebastian Ambrossio_&quot;,&quot;focal_length&quot;:&quot;0&quot;,&quot;iso&quot;:&quot;0&quot;,&quot;shutter_speed&quot;:&quot;0&quot;,&quot;title&quot;:&quot;&quot;,&quot;orientation&quot;:&quot;0&quot;}\" data-image-title=\"Wado-Juani-ObrasGasNatura\" data-image-description=\"\" data-image-caption=\"\" data-large-file=\"https:\/\/www.hoymercedes.com.ar\/principal\/wp-content\/uploads\/2014\/09\/Wado-Juani-ObrasGasNatura.jpg\" class=\"Img2014 aligncenter wp-image-35769 size-full\" src=\"https:\/\/www.hoymercedes.com.ar\/principal\/wp-content\/uploads\/2014\/09\/Wado-Juani-ObrasGasNatura.jpg\" alt=\"Wado-Juani-ObrasGasNatura\" width=\"620\" height=\"394\" \/><\/a><\/p>\n<p><em><strong>El diputado nacional Eduardo \u2018Wado\u2019 de Pedro calific\u00f3 de \u201cfundamental\u201d la obra de ampliaci\u00f3n de la red de gas natural que se est\u00e1 realizando en Mercedes, porque \u201cno solo beneficiar\u00e1 directamente a los vecinos, sino que tambi\u00e9n permitir\u00e1 la llegada de nuevas industrias y la consecuente creaci\u00f3n de nuevos puestos de trabajo\u201d.<\/strong><\/em><\/p>\n<p>&nbsp;<\/p>\n<p>La obra, concretamente la ampliaci\u00f3n de la Planta Reguladora II construida en forma subterr\u00e1nea en un sector de la plaza San Mart\u00edn, se realiza en el marco del convenio que el gobierno nacional, a trav\u00e9s de ENARGAS (Ministerio de Planificaci\u00f3n Federal, Inversi\u00f3n P\u00fablica y Servicios), firm\u00f3 con las distintas empresas distribuidoras de gas natural para reinvertir en sus respectivas redes un porcentaje de la recaudaci\u00f3n por su facturaci\u00f3n.<\/p>\n<p>&nbsp;<\/p>\n<p>El diputado mercedino record\u00f3 que \u201ceste tramo de obra beneficiar\u00e1 directamente a unos 4.000 vecinos de nuestra ciudad\u201d y enfatiz\u00f3 la posibilidad de la radicaci\u00f3n de industrias.<\/p>\n<p>&nbsp;<\/p>\n<p>\u201cHay muchas empresas que utilizan el gas como insumo b\u00e1sico de su producci\u00f3n y, una vez terminada esta obra, con la que se ampl\u00eda la red y se aumenta la potencia, se las podr\u00e1 invitar a radicarse en Mercedes. Esto generar\u00eda a la vez nuevos empleos, que ser\u00eda otro gran beneficio para todos los vecinos de nuestra ciudad\u201d, dijo \u2018Wado\u2019 de Pedro.<\/p>\n<p>\u201cLa estaci\u00f3n compresora existente, por sus dimensiones anteriores, imped\u00eda que se extendiera la red hacia nuevos barrios\u201d, especific\u00f3.<\/p>\n<p>De Pedro y el diputado provincial Alberto Espa\u00f1a, ahora, vienen realizando intensas gestiones para que la empresa realice nuevas inversiones el a\u00f1o pr\u00f3ximo y permitir que la red se siga extendiendo hacia otros barrios de Mercedes. \u201cSe est\u00e1 hablando de un costo total de m\u00e1s de 7 millones de pesos \u2013adelant\u00f3 el legislador nacional y vicepresidente del Partido Justicialista nacional-, con lo que beneficiar\u00eda a otros miles de vecinos\u201d.<\/p>\n<p>&nbsp;<\/p>\n<p>Por su parte, el presidente del bloque de concejales del Frente Mercedino para la Victoria, Juan Ignacio Ustarroz, tambi\u00e9n mostr\u00f3 su satisfacci\u00f3n por las obras: \u201cSe est\u00e1 encarando una obra muy necesaria para la\u00a0 ciudad, y el proyecto incluye una mirada hacia el futuro, porque la red tendr\u00e1 capacidad suficiente cuando se pueda extender a otros barrios\u201d.<\/p>\n<p>&nbsp;<\/p>\n<p>Finalmente, De Pedro, celebr\u00f3 la articulaci\u00f3n de los gobiernos nacional, provincial y municipal \u201cpara conseguir obras que sean beneficiosas para los vecinos, como esta del gas, la iluminaci\u00f3n en el cruce de las rutas 5 y 41, el nuevo edificio del Centro de Formaci\u00f3n Laboral, la puesta en valor de los talleres del colegio Industrial\u2026 Estamos en contacto permanente con el intendente Carlos Selva, hay un muy buen di\u00e1logo, y seguimos trabajando para la llegada de m\u00e1s recursos, poniendo a nuestra ciudad siempre por delante de las diferencias que podamos tener\u201d.<\/p>\n<p>&nbsp;<\/p>\n<p>&nbsp;<\/p>\n<p>&nbsp;<\/p>\n","protected":false},"excerpt":{"rendered":"<p>El diputado nacional Eduardo \u2018Wado\u2019 de Pedro calific\u00f3 de \u201cfundamental\u201d la obra de ampliaci\u00f3n de la red de gas natural &#8230; <a title=\"Wado De Pedro: \u201cLa ampliaci\u00f3n de la red de gas natural es fundamental para nuestra ciudad\u00bb\" class=\"read-more\" href=\"https:\/\/www.hoymercedes.com.ar\/principal\/2014\/09\/06\/wado-de-pedro-la-ampliacion-de-la-red-de-gas-natural-es-fundamental-para-nuestra-ciudad\/\" aria-label=\"Leer m\u00e1s sobre Wado De Pedro: \u201cLa ampliaci\u00f3n de la red de gas natural es fundamental para nuestra ciudad\u00bb\">Leer m\u00e1s<\/a><\/p>\n","protected":false},"author":1,"featured_media":0,"comment_status":"open","ping_status":"open","sticky":false,"template":"","format":"standard","meta":{"_monsterinsights_skip_tracking":false,"_monsterinsights_sitenote_active":false,"_monsterinsights_sitenote_note":"","_monsterinsights_sitenote_category":0,"jetpack_post_was_ever_published":false,"_jetpack_newsletter_access":"","_jetpack_dont_email_post_to_subs":false,"_jetpack_newsletter_tier_id":0,"_jetpack_memberships_contains_paywalled_content":false,"_jetpack_memberships_contains_paid_content":false,"footnotes":"","jetpack_publicize_message":"","jetpack_publicize_feature_enabled":true,"jetpack_social_post_already_shared":false,"jetpack_social_options":{"image_generator_settings":{"template":"highway","default_image_id":0,"font":"","enabled":false},"version":2},"_wpas_customize_per_network":false},"categories":[5],"tags":[5954,540,281],"class_list":["post-35768","post","type-post","status-publish","format-standard","hentry","category-politica","tag-gas-natural-merecedes","tag-juani-ustarroz","tag-wado-de-pedro","generate-columns","tablet-grid-50","mobile-grid-100","grid-parent","grid-50"],"jetpack_publicize_connections":[],"jetpack_featured_media_url":"","wps_subtitle":"","jetpack_sharing_enabled":true,"_links":{"self":[{"href":"https:\/\/www.hoymercedes.com.ar\/principal\/wp-json\/wp\/v2\/posts\/35768","targetHints":{"allow":["GET"]}}],"collection":[{"href":"https:\/\/www.hoymercedes.com.ar\/principal\/wp-json\/wp\/v2\/posts"}],"about":[{"href":"https:\/\/www.hoymercedes.com.ar\/principal\/wp-json\/wp\/v2\/types\/post"}],"author":[{"embeddable":true,"href":"https:\/\/www.hoymercedes.com.ar\/principal\/wp-json\/wp\/v2\/users\/1"}],"replies":[{"embeddable":true,"href":"https:\/\/www.hoymercedes.com.ar\/principal\/wp-json\/wp\/v2\/comments?post=35768"}],"version-history":[{"count":0,"href":"https:\/\/www.hoymercedes.com.ar\/principal\/wp-json\/wp\/v2\/posts\/35768\/revisions"}],"wp:attachment":[{"href":"https:\/\/www.hoymercedes.com.ar\/principal\/wp-json\/wp\/v2\/media?parent=35768"}],"wp:term":[{"taxonomy":"category","embeddable":true,"href":"https:\/\/www.hoymercedes.com.ar\/principal\/wp-json\/wp\/v2\/categories?post=35768"},{"taxonomy":"post_tag","embeddable":true,"href":"https:\/\/www.hoymercedes.com.ar\/principal\/wp-json\/wp\/v2\/tags?post=35768"}],"curies":[{"name":"wp","href":"https:\/\/api.w.org\/{rel}","templated":true}]}}