{"id":358,"date":"2010-11-17T02:21:05","date_gmt":"2010-11-17T02:21:05","guid":{"rendered":"http:\/\/www.hoymercedes.com.ar\/principal\/?p=358"},"modified":"2010-11-17T02:21:05","modified_gmt":"2010-11-17T02:21:05","slug":"presupuesto-ejecutivo-lo-proyecta-en-81-millones-de-pesos","status":"publish","type":"post","link":"https:\/\/www.hoymercedes.com.ar\/principal\/2010\/11\/17\/presupuesto-ejecutivo-lo-proyecta-en-81-millones-de-pesos\/","title":{"rendered":"Presupuesto: ejecutivo lo proyecta en 81 millones de pesos"},"content":{"rendered":"<p style=\"text-align: justify;\">\n<figure id=\"attachment_360\" aria-describedby=\"caption-attachment-360\" style=\"width: 290px\" class=\"wp-caption alignleft\"><a href=\"https:\/\/www.hoymercedes.com.ar\/principal\/wp-content\/uploads\/2010\/11\/berardo.jpg\"><img loading=\"lazy\" decoding=\"async\" data-attachment-id=\"360\" data-permalink=\"https:\/\/www.hoymercedes.com.ar\/principal\/2010\/11\/17\/presupuesto-ejecutivo-lo-proyecta-en-81-millones-de-pesos\/berardo-2\/#main\" data-orig-file=\"https:\/\/www.hoymercedes.com.ar\/principal\/wp-content\/uploads\/2010\/11\/berardo.jpg\" data-orig-size=\"300,225\" data-comments-opened=\"1\" data-image-meta=\"{&quot;aperture&quot;:&quot;2.8&quot;,&quot;credit&quot;:&quot;&quot;,&quot;camera&quot;:&quot;COOLPIX L10&quot;,&quot;caption&quot;:&quot;&quot;,&quot;created_timestamp&quot;:&quot;1276676915&quot;,&quot;copyright&quot;:&quot;Copyright 2006&quot;,&quot;focal_length&quot;:&quot;6.2&quot;,&quot;iso&quot;:&quot;64&quot;,&quot;shutter_speed&quot;:&quot;0.033333333333333&quot;,&quot;title&quot;:&quot;&quot;}\" data-image-title=\"Berardo\" data-image-description=\"&lt;p&gt;Berardo, contador municipal&lt;\/p&gt;\n\" data-image-caption=\"&lt;p&gt;Berardo, contador municipal&lt;\/p&gt;\n\" data-large-file=\"https:\/\/www.hoymercedes.com.ar\/principal\/wp-content\/uploads\/2010\/11\/berardo.jpg\" class=\"size-full wp-image-360\" title=\"Berardo\" src=\"https:\/\/www.hoymercedes.com.ar\/principal\/wp-content\/uploads\/2010\/11\/berardo.jpg\" alt=\"Berardo, contador municipal\" width=\"300\" height=\"225\" \/><\/a><figcaption id=\"caption-attachment-360\" class=\"wp-caption-text\">Berardo, contador municipal<\/figcaption><\/figure>\n<p>El contador Rodolfo Berardo, Secretario de Econom\u00eda y Hacienda del municipio dio a conocer de manera oficial a cuanto asciende el calculo estimativo del presupuesto 2011\u00a0 que ser\u00e1 estimativamente superior en 18 millones al del presente ejercicio<\/p>\n<p style=\"text-align: justify;\">Berardo manifest\u00f3 al ser consultado por la prensa \u201cel calculo estimado para el 2011 es de 81.967.000 pesos porque siempre hay algunos retoques finales que se deben hacer tras el an\u00e1lisis que van a efectuar los diferentes bloques de concejales y en tal sentido desde que asum\u00ed este\u00a0 cargo que ocupo nunca el presupuesto de aprob\u00f3 tal cual lo elevamos nosotros, siempre se hicieron algunos cambios, muchos de ellos productos de los encuentros que los diferentes funcionarios ten\u00edamos con los integrantes de la Comisi\u00f3n de Hacienda.<\/p>\n<p style=\"text-align: justify;\">Nosotros armamos el presupuesto luego de haber discutido todos los temas dentro de las diferentes \u00e1reas de gobierno y de haber consensuado cual ser\u00eda el orden de prioridades fijadas para el a\u00f1o pr\u00f3ximo\u201d.<\/p>\n<p style=\"text-align: justify;\">Consultado sobre cual ser\u00e1 aproximadamente el aporte que realizar\u00e1 la provincia, sostuvo \u201cdesde el Ministerio de Econom\u00eda de la provincia nos han hecho llegar un c\u00e1lculo estimativo del dinero que nos vana girar, en principio la suma ser\u00eda de alrededor de Cuarenta y Nueve Millones de pesos lo cual indicar\u00eda en este faso algo m\u00e1s del cincuenta por ciento de lo pautado en general.<\/p>\n<p style=\"text-align: justify;\">Sabemos que la partida asignada a los salarios es la que se lleva el mayor porcentaje de lo que\u00a0 gasta el municipio, en sueldo hoy se tiene que hablar arriba del cincuenta por ciento de lo presupuestado, ocurre que dichos sueldos han ido aumentando b\u00e1sicamente en la cantidad debido a que desde la provincia se han transferidos al municipio una buena cantidad de prestaciones que en algunos casos cuentan con la financiaci\u00f3n propia pero en otros debe ser el municipio qui\u00bf\u00e9n se haga cargo de dichas erogaciones y en tal sentido la seguridad es una de las \u00e1rea que demuestra lo que estoy diciendo ya que se debi\u00f3 afrontar de manera inicial el costo de adquisici\u00f3n de las primeras c\u00e1maras que se instalaron de manera preventiva en sectores claves de la ciudad, as\u00ed que ahora esperamos poder encarar dicho gasto con lo que la provincia env\u00ede.<\/p>\n<p style=\"text-align: justify;\">Hasta el momento en el transcurso de esta a\u00f1o se est\u00e1 llegando al monto estimado y pensamos que hasta se va a superar, algo que no paso en el 2009 por cierta retracci\u00f3n que se hab\u00eda puesto de manifiesto en la provincia, ya estamos en los 34 millones previsto y como lo manifest\u00e9 pasaremos a\u00a0 Cuarenta y Nueve Millones\u201d.<\/p>\n<p style=\"text-align: justify;\">Posteriormente el funcionario sostuvo \u201ca lo largo de los \u00faltimos quince d\u00edas hemos realizado desde el municipio un trabajo muy arduo con el presupuesto que logramos llevara cabo con la participaci\u00f3n del Contador Gorosito quien participo desde el momento de llenar el primer formulario\u00a0 hasta cuando se hizo entrega del proyecto ya terminado en el Honorable Concejo Deliberante.<\/p>\n<p style=\"text-align: justify;\">Por supuesto que los se\u00f1ores concejales podr\u00e1n este\u00a0 a\u00f1o como lo hieran en los anteriores pedir que brindemos las explicaciones correspondientes ante alguna duda que les pueda llegar a plantear con relaci\u00f3n a cada una de las partidas que integran las diferentes \u00e1reas del accionar comunal\u201d.<\/p>\n<p style=\"text-align: justify;\">\n","protected":false},"excerpt":{"rendered":"<p>El contador Rodolfo Berardo, Secretario de Econom\u00eda y Hacienda del municipio dio a conocer de manera oficial a cuanto asciende &#8230; <a title=\"Presupuesto: ejecutivo lo proyecta en 81 millones de pesos\" class=\"read-more\" href=\"https:\/\/www.hoymercedes.com.ar\/principal\/2010\/11\/17\/presupuesto-ejecutivo-lo-proyecta-en-81-millones-de-pesos\/\" aria-label=\"Leer m\u00e1s sobre Presupuesto: ejecutivo lo proyecta en 81 millones de pesos\">Leer m\u00e1s<\/a><\/p>\n","protected":false},"author":1,"featured_media":0,"comment_status":"open","ping_status":"open","sticky":false,"template":"","format":"standard","meta":{"_monsterinsights_skip_tracking":false,"_monsterinsights_sitenote_active":false,"_monsterinsights_sitenote_note":"","_monsterinsights_sitenote_category":0,"jetpack_post_was_ever_published":false,"_jetpack_newsletter_access":"","_jetpack_dont_email_post_to_subs":false,"_jetpack_newsletter_tier_id":0,"_jetpack_memberships_contains_paywalled_content":false,"_jetpack_memberships_contains_paid_content":false,"footnotes":"","jetpack_publicize_message":"","jetpack_publicize_feature_enabled":true,"jetpack_social_post_already_shared":false,"jetpack_social_options":{"image_generator_settings":{"template":"highway","default_image_id":0,"font":"","enabled":false},"version":2},"_wpas_customize_per_network":false},"categories":[30],"tags":[31,10,88],"class_list":["post-358","post","type-post","status-publish","format-standard","hentry","category-municipio","tag-berardo","tag-mercedes","tag-presupuesto","generate-columns","tablet-grid-50","mobile-grid-100","grid-parent","grid-50"],"jetpack_publicize_connections":[],"jetpack_featured_media_url":"","wps_subtitle":"","jetpack_sharing_enabled":true,"_links":{"self":[{"href":"https:\/\/www.hoymercedes.com.ar\/principal\/wp-json\/wp\/v2\/posts\/358","targetHints":{"allow":["GET"]}}],"collection":[{"href":"https:\/\/www.hoymercedes.com.ar\/principal\/wp-json\/wp\/v2\/posts"}],"about":[{"href":"https:\/\/www.hoymercedes.com.ar\/principal\/wp-json\/wp\/v2\/types\/post"}],"author":[{"embeddable":true,"href":"https:\/\/www.hoymercedes.com.ar\/principal\/wp-json\/wp\/v2\/users\/1"}],"replies":[{"embeddable":true,"href":"https:\/\/www.hoymercedes.com.ar\/principal\/wp-json\/wp\/v2\/comments?post=358"}],"version-history":[{"count":0,"href":"https:\/\/www.hoymercedes.com.ar\/principal\/wp-json\/wp\/v2\/posts\/358\/revisions"}],"wp:attachment":[{"href":"https:\/\/www.hoymercedes.com.ar\/principal\/wp-json\/wp\/v2\/media?parent=358"}],"wp:term":[{"taxonomy":"category","embeddable":true,"href":"https:\/\/www.hoymercedes.com.ar\/principal\/wp-json\/wp\/v2\/categories?post=358"},{"taxonomy":"post_tag","embeddable":true,"href":"https:\/\/www.hoymercedes.com.ar\/principal\/wp-json\/wp\/v2\/tags?post=358"}],"curies":[{"name":"wp","href":"https:\/\/api.w.org\/{rel}","templated":true}]}}