{"id":35813,"date":"2014-09-07T19:16:11","date_gmt":"2014-09-07T22:16:11","guid":{"rendered":"http:\/\/www.hoymercedes.com.ar\/principal\/?p=35813"},"modified":"2014-09-07T19:29:48","modified_gmt":"2014-09-07T22:29:48","slug":"policiales-robos-detenciones-y-recuperacion-de-vehiculo","status":"publish","type":"post","link":"https:\/\/www.hoymercedes.com.ar\/principal\/2014\/09\/07\/policiales-robos-detenciones-y-recuperacion-de-vehiculo\/","title":{"rendered":"Policiales: robos, detenciones y recuperaci\u00f3n de veh\u00edculo"},"content":{"rendered":"<p><a href=\"https:\/\/www.hoymercedes.com.ar\/principal\/wp-content\/uploads\/2014\/09\/policiabonaerense.jpg\"><img loading=\"lazy\" decoding=\"async\" data-attachment-id=\"35815\" data-permalink=\"https:\/\/www.hoymercedes.com.ar\/principal\/2014\/09\/07\/policiales-robos-detenciones-y-recuperacion-de-vehiculo\/policiabonaerense-12\/#main\" data-orig-file=\"https:\/\/www.hoymercedes.com.ar\/principal\/wp-content\/uploads\/2014\/09\/policiabonaerense.jpg\" data-orig-size=\"620,189\" data-comments-opened=\"1\" data-image-meta=\"{&quot;aperture&quot;:&quot;0&quot;,&quot;credit&quot;:&quot;&quot;,&quot;camera&quot;:&quot;&quot;,&quot;caption&quot;:&quot;&quot;,&quot;created_timestamp&quot;:&quot;0&quot;,&quot;copyright&quot;:&quot;&quot;,&quot;focal_length&quot;:&quot;0&quot;,&quot;iso&quot;:&quot;0&quot;,&quot;shutter_speed&quot;:&quot;0&quot;,&quot;title&quot;:&quot;&quot;,&quot;orientation&quot;:&quot;0&quot;}\" data-image-title=\"policiabonaerense\" data-image-description=\"\" data-image-caption=\"\" data-large-file=\"https:\/\/www.hoymercedes.com.ar\/principal\/wp-content\/uploads\/2014\/09\/policiabonaerense.jpg\" class=\"Img2014 aligncenter wp-image-35815 size-full\" src=\"https:\/\/www.hoymercedes.com.ar\/principal\/wp-content\/uploads\/2014\/09\/policiabonaerense.jpg\" alt=\"policiabonaerense\" width=\"620\" height=\"189\" \/><\/a><\/p>\n<p>En los \u00faltimos d\u00edas se concretaron varios acontecimientos con intervenci\u00f3n de la polic\u00eda local. Algunos de ellos con mayor gravedad que otros. Si bien todos los d\u00edas se producen acciones desde la fuerza policial, algunos de ellos se dieron a conocer:<\/p>\n<p><strong>Conduc\u00edan auto con pedido de captura<\/strong><\/p>\n<p>Dos sujetos, de 24 y 39 a\u00f1os de edad, que viven en Mercedes, fueron detenidos. Todo comenz\u00f3 cuando la Polic\u00eda demora a un auto Dodge 1500 que circulaba por calle 2 y 35, donde habr\u00edan realizado maniobras peligrosas. Al momento estos constataron que su conductor no s\u00f3lo carec\u00eda de la documentaci\u00f3n correspondiente, sino tambi\u00e9n que el auto hab\u00eda sido robado en el a\u00f1o 2010. Cuando los Polic\u00edas intentan trasladar a estos j\u00f3venes a la Comisaria, se hace presente en el lugar una camioneta Ford Ranchero, y su conductor enfrent\u00f3 a esos efectivos, queriendo llevarse al otro joven, y as\u00ed los uniformados tuvieron que detenerlo, siendo llevados a esa Dependencia, quedando detenidos por el delito de encubrimiento y resistencia a la autoridad.<\/p>\n<p><strong>Detenido intent\u00f3 robar a jubilado<\/strong><\/p>\n<p>La Polic\u00eda logr\u00f3 detener a un sujeto de 26 a\u00f1os, quien el lunes pasado hab\u00eda ingresado a la casa de Alfredo Amarilla, de 77 a\u00f1os, ubicada detr\u00e1s del parque municipal Independencia, y, no conforme con robarle muchas cosas a este hombre, lo golpe\u00f3 con palos y patadas, dej\u00e1ndolo en un grave estado. Encontrado este por su hermano, fue trasladado al Hospital Blas Dubarry, donde qued\u00f3 internado, siendo cr\u00edtico su estado de salud. Con el correr de las horas la Polic\u00eda logr\u00f3 dar con personas que sab\u00edan de lo ocurrido y as\u00ed la Fiscal\u00eda en turno, luego de llevar a cabo distintos allanamientos, logr\u00f3 la detenci\u00f3n de este delincuente, quien se encuentra alojado en la Comisaria local.<\/p>\n<p><strong>Detenido por robo<\/strong><\/p>\n<p>La Polic\u00eda logr\u00f3 detener a un sujeto de 24 a\u00f1os, quien hace poco m\u00e1s de dos meses obtuvo la libertad luego de haber purgado condena por delitos contra la propiedad, quien amenazando al empleado del kiosco ubicado en la esquina de la avenida 29 y calle 18, quiso robarse el dinero y varias golosinas. Ya en la Comisaria, el individuo quiso golpear a un efectivo, y as\u00ed tambi\u00e9n se lo imput\u00f3 por el delito de resistencia a la autoridad.<\/p>\n<p><strong>Intent\u00f3 robar un auto<\/strong><\/p>\n<p>En otro caso, otro sujeto de 27 a\u00f1os, fue detenido en 29 y 42 luego de robar del interior de un auto, una cartera propiedad de una mujer.<\/p>\n<p><strong>Robo al autoservicio<\/strong><\/p>\n<p>Un robo se registr\u00f3 en el autoservicio de calles 14 y 5, donde un joven que llevaba un cuchillo, amenaz\u00f3 a su due\u00f1o, rob\u00e1ndole dinero y cigarrillos. La Polic\u00eda logr\u00f3 detener a este delincuente en calle 12 y 5.<\/p>\n<p>&nbsp;<\/p>\n<p>&nbsp;<\/p>\n<p>&nbsp;<\/p>\n<p>&nbsp;<\/p>\n","protected":false},"excerpt":{"rendered":"<p>En los \u00faltimos d\u00edas se concretaron varios acontecimientos con intervenci\u00f3n de la polic\u00eda local. Algunos de ellos con mayor gravedad &#8230; <a title=\"Policiales: robos, detenciones y recuperaci\u00f3n de veh\u00edculo\" class=\"read-more\" href=\"https:\/\/www.hoymercedes.com.ar\/principal\/2014\/09\/07\/policiales-robos-detenciones-y-recuperacion-de-vehiculo\/\" aria-label=\"Leer m\u00e1s sobre Policiales: robos, detenciones y recuperaci\u00f3n de veh\u00edculo\">Leer m\u00e1s<\/a><\/p>\n","protected":false},"author":1,"featured_media":0,"comment_status":"open","ping_status":"open","sticky":false,"template":"","format":"standard","meta":{"_monsterinsights_skip_tracking":false,"_monsterinsights_sitenote_active":false,"_monsterinsights_sitenote_note":"","_monsterinsights_sitenote_category":0,"jetpack_post_was_ever_published":false,"_jetpack_newsletter_access":"","_jetpack_dont_email_post_to_subs":false,"_jetpack_newsletter_tier_id":0,"_jetpack_memberships_contains_paywalled_content":false,"_jetpack_memberships_contains_paid_content":false,"footnotes":"","jetpack_publicize_message":"","jetpack_publicize_feature_enabled":true,"jetpack_social_post_already_shared":false,"jetpack_social_options":{"image_generator_settings":{"template":"highway","default_image_id":0,"font":"","enabled":false},"version":2},"_wpas_customize_per_network":false},"categories":[85],"tags":[126,3199],"class_list":["post-35813","post","type-post","status-publish","format-standard","hentry","category-policial","tag-policia-mercedes","tag-robos-en-mercedes","generate-columns","tablet-grid-50","mobile-grid-100","grid-parent","grid-50"],"jetpack_publicize_connections":[],"jetpack_featured_media_url":"","wps_subtitle":"En los \u00faltimos d\u00edas","jetpack_sharing_enabled":true,"_links":{"self":[{"href":"https:\/\/www.hoymercedes.com.ar\/principal\/wp-json\/wp\/v2\/posts\/35813","targetHints":{"allow":["GET"]}}],"collection":[{"href":"https:\/\/www.hoymercedes.com.ar\/principal\/wp-json\/wp\/v2\/posts"}],"about":[{"href":"https:\/\/www.hoymercedes.com.ar\/principal\/wp-json\/wp\/v2\/types\/post"}],"author":[{"embeddable":true,"href":"https:\/\/www.hoymercedes.com.ar\/principal\/wp-json\/wp\/v2\/users\/1"}],"replies":[{"embeddable":true,"href":"https:\/\/www.hoymercedes.com.ar\/principal\/wp-json\/wp\/v2\/comments?post=35813"}],"version-history":[{"count":0,"href":"https:\/\/www.hoymercedes.com.ar\/principal\/wp-json\/wp\/v2\/posts\/35813\/revisions"}],"wp:attachment":[{"href":"https:\/\/www.hoymercedes.com.ar\/principal\/wp-json\/wp\/v2\/media?parent=35813"}],"wp:term":[{"taxonomy":"category","embeddable":true,"href":"https:\/\/www.hoymercedes.com.ar\/principal\/wp-json\/wp\/v2\/categories?post=35813"},{"taxonomy":"post_tag","embeddable":true,"href":"https:\/\/www.hoymercedes.com.ar\/principal\/wp-json\/wp\/v2\/tags?post=35813"}],"curies":[{"name":"wp","href":"https:\/\/api.w.org\/{rel}","templated":true}]}}