{"id":3582,"date":"2011-04-18T17:07:47","date_gmt":"2011-04-18T17:07:47","guid":{"rendered":"http:\/\/www.hoymercedes.com.ar\/principal\/?p=3582"},"modified":"2011-04-18T17:07:47","modified_gmt":"2011-04-18T17:07:47","slug":"la-condena-a-patti-y-a-bignone-es-un-gran-paso-adelante-en-la-busqueda-de-la-justicia-y-el-fin-de-la-impunidad","status":"publish","type":"post","link":"https:\/\/www.hoymercedes.com.ar\/principal\/2011\/04\/18\/la-condena-a-patti-y-a-bignone-es-un-gran-paso-adelante-en-la-busqueda-de-la-justicia-y-el-fin-de-la-impunidad\/","title":{"rendered":"La condena a Patti y a Bignone es un gran paso adelante en la b\u00fasqueda de la justicia y el fin de la impunidad"},"content":{"rendered":"<p>La Mesa Nacional de la Coalici\u00f3n C\u00edvica ARI califico hoy como hist\u00f3rico y como un gran paso adelante en la b\u00fasqueda de la justicia y el fin de la impunidad el fallo del Tribunal oral federal 1 que conden\u00f3 a prisi\u00f3n perpetua en c\u00e1rcel com\u00fan al ex comisario Lu\u00eds Patti y al ex dictador Reynaldo Bignone.<\/p>\n<p>\u00abLa b\u00fasqueda de Justicia y la condena para los cr\u00edmenes de lesa humanidad es una de los pilares b\u00e1sicos sobre los que se sostiene una Republica con igualdad y que no olvida los cr\u00edmenes de la dictadura\u00bb, manifest\u00f3 la CC ARI y agreg\u00f3: \u00abde la misma manera que continuaremos denunciando las violaciones a los derechos humanos que se producen hoy\u00bb<\/p>\n<p>Nuestra fuerza pol\u00edtica desde su origen se encuentra comprometida en la defensa de los derechos humanos, la b\u00fasqueda de justicia y la condena contra los responsables de cr\u00edmenes de lesa humanidad y por eso hemos sido coautores de la declaraci\u00f3n de nulidad de las leyes de impunidad junto a la diputada Patricia Walsh.<\/p>\n<p>Toda decisi\u00f3n judicial que avance en este sentido debe ser apoyado por todos los que queremos un pa\u00eds con memoria, mas justo e igualitario.<\/p>\n<p><span style=\"color: #888888;\">Prensa:\u00a0Coalici\u00f3n\u00a0C\u00edvica<\/span><\/p>\n","protected":false},"excerpt":{"rendered":"<p>La Mesa Nacional de la Coalici\u00f3n C\u00edvica ARI califico hoy como hist\u00f3rico y como un gran paso adelante en la &#8230; <a title=\"La condena a Patti y a Bignone es un gran paso adelante en la b\u00fasqueda de la justicia y el fin de la impunidad\" class=\"read-more\" href=\"https:\/\/www.hoymercedes.com.ar\/principal\/2011\/04\/18\/la-condena-a-patti-y-a-bignone-es-un-gran-paso-adelante-en-la-busqueda-de-la-justicia-y-el-fin-de-la-impunidad\/\" aria-label=\"Leer m\u00e1s sobre La condena a Patti y a Bignone es un gran paso adelante en la b\u00fasqueda de la justicia y el fin de la impunidad\">Leer m\u00e1s<\/a><\/p>\n","protected":false},"author":1,"featured_media":0,"comment_status":"open","ping_status":"open","sticky":false,"template":"","format":"standard","meta":{"_monsterinsights_skip_tracking":false,"_monsterinsights_sitenote_active":false,"_monsterinsights_sitenote_note":"","_monsterinsights_sitenote_category":0,"jetpack_post_was_ever_published":false,"_jetpack_newsletter_access":"","_jetpack_dont_email_post_to_subs":false,"_jetpack_newsletter_tier_id":0,"_jetpack_memberships_contains_paywalled_content":false,"_jetpack_memberships_contains_paid_content":false,"footnotes":"","jetpack_publicize_message":"","jetpack_publicize_feature_enabled":true,"jetpack_social_post_already_shared":false,"jetpack_social_options":{"image_generator_settings":{"template":"highway","default_image_id":0,"font":"","enabled":false},"version":2},"_wpas_customize_per_network":false},"categories":[5],"tags":[200,694],"class_list":["post-3582","post","type-post","status-publish","format-standard","hentry","category-politica","tag-coalicion-civica-mercedes","tag-patti","generate-columns","tablet-grid-50","mobile-grid-100","grid-parent","grid-50"],"jetpack_publicize_connections":[],"jetpack_featured_media_url":"","wps_subtitle":"","jetpack_sharing_enabled":true,"_links":{"self":[{"href":"https:\/\/www.hoymercedes.com.ar\/principal\/wp-json\/wp\/v2\/posts\/3582","targetHints":{"allow":["GET"]}}],"collection":[{"href":"https:\/\/www.hoymercedes.com.ar\/principal\/wp-json\/wp\/v2\/posts"}],"about":[{"href":"https:\/\/www.hoymercedes.com.ar\/principal\/wp-json\/wp\/v2\/types\/post"}],"author":[{"embeddable":true,"href":"https:\/\/www.hoymercedes.com.ar\/principal\/wp-json\/wp\/v2\/users\/1"}],"replies":[{"embeddable":true,"href":"https:\/\/www.hoymercedes.com.ar\/principal\/wp-json\/wp\/v2\/comments?post=3582"}],"version-history":[{"count":0,"href":"https:\/\/www.hoymercedes.com.ar\/principal\/wp-json\/wp\/v2\/posts\/3582\/revisions"}],"wp:attachment":[{"href":"https:\/\/www.hoymercedes.com.ar\/principal\/wp-json\/wp\/v2\/media?parent=3582"}],"wp:term":[{"taxonomy":"category","embeddable":true,"href":"https:\/\/www.hoymercedes.com.ar\/principal\/wp-json\/wp\/v2\/categories?post=3582"},{"taxonomy":"post_tag","embeddable":true,"href":"https:\/\/www.hoymercedes.com.ar\/principal\/wp-json\/wp\/v2\/tags?post=3582"}],"curies":[{"name":"wp","href":"https:\/\/api.w.org\/{rel}","templated":true}]}}