{"id":35838,"date":"2014-09-08T09:43:45","date_gmt":"2014-09-08T12:43:45","guid":{"rendered":"http:\/\/www.hoymercedes.com.ar\/principal\/?p=35838"},"modified":"2014-09-08T09:46:12","modified_gmt":"2014-09-08T12:46:12","slug":"arsenal-fue-mas-que-mercedes-r-c-en-6ta-fecha-del-arba","status":"publish","type":"post","link":"https:\/\/www.hoymercedes.com.ar\/principal\/2014\/09\/08\/arsenal-fue-mas-que-mercedes-r-c-en-6ta-fecha-del-arba\/","title":{"rendered":"Arsenal fue m\u00e1s que Mercedes R.C en 6ta fecha del URBA"},"content":{"rendered":"<p><a href=\"https:\/\/www.hoymercedes.com.ar\/principal\/wp-content\/uploads\/2014\/09\/MRCVsZarateReubicacionGIII-2014-20.jpg\"><img loading=\"lazy\" decoding=\"async\" data-attachment-id=\"35840\" data-permalink=\"https:\/\/www.hoymercedes.com.ar\/principal\/2014\/09\/08\/arsenal-fue-mas-que-mercedes-r-c-en-6ta-fecha-del-arba\/mrcvszaratereubicaciongiii-2014-20\/#main\" data-orig-file=\"https:\/\/www.hoymercedes.com.ar\/principal\/wp-content\/uploads\/2014\/09\/MRCVsZarateReubicacionGIII-2014-20.jpg\" data-orig-size=\"620,346\" data-comments-opened=\"1\" data-image-meta=\"{&quot;aperture&quot;:&quot;9&quot;,&quot;credit&quot;:&quot;&quot;,&quot;camera&quot;:&quot;NIKON D5000&quot;,&quot;caption&quot;:&quot;&quot;,&quot;created_timestamp&quot;:&quot;1409986763&quot;,&quot;copyright&quot;:&quot;&quot;,&quot;focal_length&quot;:&quot;48&quot;,&quot;iso&quot;:&quot;200&quot;,&quot;shutter_speed&quot;:&quot;0.003125&quot;,&quot;title&quot;:&quot;&quot;,&quot;orientation&quot;:&quot;0&quot;}\" data-image-title=\"MRCVsZarateReubicacionGIII-2014 (20)\" data-image-description=\"\" data-image-caption=\"\" data-large-file=\"https:\/\/www.hoymercedes.com.ar\/principal\/wp-content\/uploads\/2014\/09\/MRCVsZarateReubicacionGIII-2014-20.jpg\" class=\"Img2014 aligncenter wp-image-35840 size-full\" src=\"https:\/\/www.hoymercedes.com.ar\/principal\/wp-content\/uploads\/2014\/09\/MRCVsZarateReubicacionGIII-2014-20.jpg\" alt=\"MRCVsZarateReubicacionGIII-2014 (20)\" width=\"620\" height=\"346\" \/><\/a><\/p>\n<p><em><strong>El equipo zarate\u00f1o, que aun pelea por su lugar en los Play Off del G III, logr\u00f3 definir el partido en el segundo tiempo. En Intermedia gan\u00f3 Mercedes 29 a 17.<\/strong><\/em><\/p>\n<p><strong><em>&#8211; Por Diego C\u00e1rdenas &#8211;\u00a0<\/em><\/strong><\/p>\n<p>En el Parque Independencia se dio un buen partido, por lo peleado y parejo hasta promediando el segundo parcial. A partir de all\u00ed la visita logr\u00f3 definirlo, apelando principalmente a concretar por el abierto con sus backs.<\/p>\n<p>Si bien a poco de comenzar Arsenal Z\u00e1rate consigui\u00f3 un try con gol, la paridad fue tal que poco despu\u00e9s Mercedes logr\u00f3 un penal, para dejar el tanteador provisorio en 3 a 7.<\/p>\n<p>El segundo tiempo tambi\u00e9n arranc\u00f3 parejo y luchado, y los mercedinos lograron otro penal, para quedar abajo solo por un punto.<\/p>\n<p>Pero luego, promediando esta parte, Z\u00e1rate meti\u00f3 los cambios y ello comenz\u00f3 a dar resultados. Fueron llegando los tries y, con ellos, se fue forjando la victoria visitante. Tres anotaciones, dos de ellas con conversi\u00f3n, pusieron las cifras definitivas en 6 a 26.<\/p>\n<p>A Arsenal Z\u00e1rate le cost\u00f3 casi un tiempo y medio poder agarrarle la vuelta a la defensa mercedina. Al momento de aprovechar el abierto, con jugadores sobrando, se le hizo m\u00e1s f\u00e1cil terminar el pleito. Ahora, debe continuar mejorando si quiere llegar bien a los Play Off del G III, ya que la categor\u00eda de sus futuros rivales es el mayor desaf\u00edo.<\/p>\n<p>Mercedes contin\u00faa teniendo buenos primeros tiempos, pero no logra mantenerse en ritmo y falla en defensa, exponi\u00e9ndose mucho. Solo le queda tratar de mejorar su juego, para llegar a los Play Off del G IV, de la mejor manera posible.<img loading=\"lazy\" decoding=\"async\" data-attachment-id=\"35841\" data-permalink=\"https:\/\/www.hoymercedes.com.ar\/principal\/2014\/09\/08\/arsenal-fue-mas-que-mercedes-r-c-en-6ta-fecha-del-arba\/mrcvszaratereubicaciongiii-2014-27\/#main\" data-orig-file=\"https:\/\/www.hoymercedes.com.ar\/principal\/wp-content\/uploads\/2014\/09\/MRCVsZarateReubicacionGIII-2014-27.jpg\" data-orig-size=\"620,501\" data-comments-opened=\"1\" data-image-meta=\"{&quot;aperture&quot;:&quot;10&quot;,&quot;credit&quot;:&quot;&quot;,&quot;camera&quot;:&quot;NIKON D5000&quot;,&quot;caption&quot;:&quot;&quot;,&quot;created_timestamp&quot;:&quot;1409988905&quot;,&quot;copyright&quot;:&quot;&quot;,&quot;focal_length&quot;:&quot;42&quot;,&quot;iso&quot;:&quot;200&quot;,&quot;shutter_speed&quot;:&quot;0.0025&quot;,&quot;title&quot;:&quot;&quot;,&quot;orientation&quot;:&quot;0&quot;}\" data-image-title=\"MRCVsZarateReubicacionGIII-2014 (27)\" data-image-description=\"\" data-image-caption=\"\" data-large-file=\"https:\/\/www.hoymercedes.com.ar\/principal\/wp-content\/uploads\/2014\/09\/MRCVsZarateReubicacionGIII-2014-27.jpg\" class=\"Img2014 aligncenter wp-image-35841 size-full\" src=\"https:\/\/www.hoymercedes.com.ar\/principal\/wp-content\/uploads\/2014\/09\/MRCVsZarateReubicacionGIII-2014-27.jpg\" alt=\"MRCVsZarateReubicacionGIII-2014 (27)\" width=\"620\" height=\"501\" \/><\/p>\n<p><strong>S\u00cdNTESIS<\/strong><\/p>\n<p>Primer tiempo: 7\u00b4 gol de Maximiliano Iav\u00edcoli por try de Federico Montero, 21\u00b4 penal de Joaqu\u00edn Palazzo. Resultado parcial: 3 a 7.<\/p>\n<p>Segundo tiempo: 10\u00b4 penal de Agust\u00edn Dell\u00b4Immagine, 17\u00b4 gol de Federico Montero por try de Mat\u00edas Lima, 21\u00b4 try de Gast\u00f3n Jeanmaire y 27\u00b4 gol de Federico Montero por try de Mateo Montero. Resultado global: 6 a 26.<img loading=\"lazy\" decoding=\"async\" data-attachment-id=\"35839\" data-permalink=\"https:\/\/www.hoymercedes.com.ar\/principal\/2014\/09\/08\/arsenal-fue-mas-que-mercedes-r-c-en-6ta-fecha-del-arba\/mrcvszaratereubicaciongiii-2014-19\/#main\" data-orig-file=\"https:\/\/www.hoymercedes.com.ar\/principal\/wp-content\/uploads\/2014\/09\/MRCVsZarateReubicacionGIII-2014-19.jpg\" data-orig-size=\"620,340\" data-comments-opened=\"1\" data-image-meta=\"{&quot;aperture&quot;:&quot;10&quot;,&quot;credit&quot;:&quot;&quot;,&quot;camera&quot;:&quot;NIKON D5000&quot;,&quot;caption&quot;:&quot;&quot;,&quot;created_timestamp&quot;:&quot;1409986679&quot;,&quot;copyright&quot;:&quot;&quot;,&quot;focal_length&quot;:&quot;42&quot;,&quot;iso&quot;:&quot;200&quot;,&quot;shutter_speed&quot;:&quot;0.0025&quot;,&quot;title&quot;:&quot;&quot;,&quot;orientation&quot;:&quot;0&quot;}\" data-image-title=\"MRCVsZarateReubicacionGIII-2014 (19)\" data-image-description=\"\" data-image-caption=\"\" data-large-file=\"https:\/\/www.hoymercedes.com.ar\/principal\/wp-content\/uploads\/2014\/09\/MRCVsZarateReubicacionGIII-2014-19.jpg\" class=\"Img2014 aligncenter wp-image-35839 size-full\" src=\"https:\/\/www.hoymercedes.com.ar\/principal\/wp-content\/uploads\/2014\/09\/MRCVsZarateReubicacionGIII-2014-19.jpg\" alt=\"MRCVsZarateReubicacionGIII-2014 (19)\" width=\"620\" height=\"340\" \/><\/p>\n<p><strong>FORMACIONES<\/strong><\/p>\n<p>Mercedes R.C. form\u00f3 con: Guillermo Paladino, Maximiliano Fern\u00e1ndez y Maximiliano Minutto, Agust\u00edn Caricatto y Lucas Rotelli, Norberto Ber\u00f3n, Maximiliano Mainieri y Facundo Tancredi, Luca Dell\u00b4Immagine, Franco Paladino, Ezequiel Vignau,\u00a0 Joaqu\u00edn Palazzo,\u00a0 Santiago Dans, Juan Mart\u00edn Tancredi y Jer\u00f3nimo Sukich.<\/p>\n<p>Luego ingresaron: Agust\u00edn Dell\u00b4Immagine,\u00a0 Santiago Gonz\u00e1les de Quevedo, Mat\u00edas Galiani y Jonatan Reynoso e Ignacio Aschero.<\/p>\n<p>Completaron el plantel: Dar\u00edo Barsotti, Juna Ignacio Torres y Rodrigo Bengoechea.<\/p>\n<p>Cuerpo t\u00e9cnico: Alejo Marciano, Kiki Cardozo y Germ\u00e1n Vigolongo.<\/p>\n<p>Arsenal Z\u00e1rate Rugby form\u00f3 con: Oscar Barreto, Clemente Cuevas y Marcos Laguna, Cristian Ocampo y V\u00edctor T\u00e9vez, Sebasti\u00e1n Risiuti, Gast\u00f3n Jeanmaire y Guido Maistreno, Mateo Montero y Federico Montero, Mariano Pinto, Pedro Ber\u00f3n, Manuel Rodriguez, Maximiliano Iav\u00edcoli y Mat\u00edas Lima.<\/p>\n<p>Luego ingresaron: Sebasti\u00e1n Fern\u00e1ndez, Silvio Genaro, Alejo Rodriguez Castaneda, Juli\u00e1n Botani y Nahuel L\u00f3pez.<\/p>\n<p>Completaron el plantel: Mat\u00edas Lisarraga, Pablo Lima y Enrique Olivar.<\/p>\n<p>Cuerpo t\u00e9cnico: Cesar Gigena, Gast\u00f3n Defago y Leonardo Beltrame.<\/p>\n<p><strong>INTERMEDIA<\/strong><\/p>\n<p>La inter mercedina se qued\u00f3 con el triunfo, en el partido preliminar. Fue un partido raro, porque Mercedes domin\u00f3 el primer tiempo y Arsenal Z\u00e1rate casi todo el segundo.<\/p>\n<p>Mercedes comenz\u00f3 ganando y pudo ponerse 24 a 0 al terminar el primer parcial, pero luego, en el complemento, los zarate\u00f1os hicieron cambios y lograron ponerse 24 a 17. Sobre el final, el due\u00f1o de casa pudo apoyar nuevamente y de esa manera puso la suma definitiva en 29 a 17.<\/p>\n<p>&nbsp;<\/p>\n<p>&nbsp;<\/p>\n<p>&nbsp;<\/p>\n<p>&nbsp;<\/p>\n","protected":false},"excerpt":{"rendered":"<p>El equipo zarate\u00f1o, que aun pelea por su lugar en los Play Off del G III, logr\u00f3 definir el partido &#8230; <a title=\"Arsenal fue m\u00e1s que Mercedes R.C en 6ta fecha del URBA\" class=\"read-more\" href=\"https:\/\/www.hoymercedes.com.ar\/principal\/2014\/09\/08\/arsenal-fue-mas-que-mercedes-r-c-en-6ta-fecha-del-arba\/\" aria-label=\"Leer m\u00e1s sobre Arsenal fue m\u00e1s que Mercedes R.C en 6ta fecha del URBA\">Leer m\u00e1s<\/a><\/p>\n","protected":false},"author":1,"featured_media":0,"comment_status":"open","ping_status":"open","sticky":false,"template":"","format":"standard","meta":{"_monsterinsights_skip_tracking":false,"_monsterinsights_sitenote_active":false,"_monsterinsights_sitenote_note":"","_monsterinsights_sitenote_category":0,"jetpack_post_was_ever_published":false,"_jetpack_newsletter_access":"","_jetpack_dont_email_post_to_subs":false,"_jetpack_newsletter_tier_id":0,"_jetpack_memberships_contains_paywalled_content":false,"_jetpack_memberships_contains_paid_content":false,"footnotes":"","jetpack_publicize_message":"","jetpack_publicize_feature_enabled":true,"jetpack_social_post_already_shared":false,"jetpack_social_options":{"image_generator_settings":{"template":"highway","default_image_id":0,"font":"","enabled":false},"version":2},"_wpas_customize_per_network":false},"categories":[21],"tags":[5968,5967,5776],"class_list":["post-35838","post","type-post","status-publish","format-standard","hentry","category-deportes","tag-mercedes-r-c","tag-mercedes-rugby","tag-rugby-mercedes","generate-columns","tablet-grid-50","mobile-grid-100","grid-parent","grid-50"],"jetpack_publicize_connections":[],"jetpack_featured_media_url":"","wps_subtitle":"Un gran partido, a pesar de la ca\u00edda","jetpack_sharing_enabled":true,"_links":{"self":[{"href":"https:\/\/www.hoymercedes.com.ar\/principal\/wp-json\/wp\/v2\/posts\/35838","targetHints":{"allow":["GET"]}}],"collection":[{"href":"https:\/\/www.hoymercedes.com.ar\/principal\/wp-json\/wp\/v2\/posts"}],"about":[{"href":"https:\/\/www.hoymercedes.com.ar\/principal\/wp-json\/wp\/v2\/types\/post"}],"author":[{"embeddable":true,"href":"https:\/\/www.hoymercedes.com.ar\/principal\/wp-json\/wp\/v2\/users\/1"}],"replies":[{"embeddable":true,"href":"https:\/\/www.hoymercedes.com.ar\/principal\/wp-json\/wp\/v2\/comments?post=35838"}],"version-history":[{"count":0,"href":"https:\/\/www.hoymercedes.com.ar\/principal\/wp-json\/wp\/v2\/posts\/35838\/revisions"}],"wp:attachment":[{"href":"https:\/\/www.hoymercedes.com.ar\/principal\/wp-json\/wp\/v2\/media?parent=35838"}],"wp:term":[{"taxonomy":"category","embeddable":true,"href":"https:\/\/www.hoymercedes.com.ar\/principal\/wp-json\/wp\/v2\/categories?post=35838"},{"taxonomy":"post_tag","embeddable":true,"href":"https:\/\/www.hoymercedes.com.ar\/principal\/wp-json\/wp\/v2\/tags?post=35838"}],"curies":[{"name":"wp","href":"https:\/\/api.w.org\/{rel}","templated":true}]}}