{"id":35853,"date":"2014-09-08T21:51:00","date_gmt":"2014-09-09T00:51:00","guid":{"rendered":"http:\/\/www.hoymercedes.com.ar\/principal\/?p=35853"},"modified":"2014-09-15T21:23:50","modified_gmt":"2014-09-16T00:23:50","slug":"juegos-ba-gran-actuacion-del-voley-femenino","status":"publish","type":"post","link":"https:\/\/www.hoymercedes.com.ar\/principal\/2014\/09\/08\/juegos-ba-gran-actuacion-del-voley-femenino\/","title":{"rendered":"Juegos BA: gran actuaci\u00f3n del Voley Femenino"},"content":{"rendered":"<p><a href=\"https:\/\/www.hoymercedes.com.ar\/principal\/wp-content\/uploads\/2014\/09\/voleyfemenino.mercedes.jpg\"><img loading=\"lazy\" decoding=\"async\" data-attachment-id=\"35854\" data-permalink=\"https:\/\/www.hoymercedes.com.ar\/principal\/2014\/09\/08\/juegos-ba-gran-actuacion-del-voley-femenino\/voleyfemenino-mercedes\/#main\" data-orig-file=\"https:\/\/www.hoymercedes.com.ar\/principal\/wp-content\/uploads\/2014\/09\/voleyfemenino.mercedes.jpg\" data-orig-size=\"620,464\" data-comments-opened=\"1\" data-image-meta=\"{&quot;aperture&quot;:&quot;0&quot;,&quot;credit&quot;:&quot;&quot;,&quot;camera&quot;:&quot;&quot;,&quot;caption&quot;:&quot;&quot;,&quot;created_timestamp&quot;:&quot;0&quot;,&quot;copyright&quot;:&quot;&quot;,&quot;focal_length&quot;:&quot;0&quot;,&quot;iso&quot;:&quot;0&quot;,&quot;shutter_speed&quot;:&quot;0&quot;,&quot;title&quot;:&quot;&quot;,&quot;orientation&quot;:&quot;0&quot;}\" data-image-title=\"voleyfemenino.mercedes\" data-image-description=\"\" data-image-caption=\"\" data-large-file=\"https:\/\/www.hoymercedes.com.ar\/principal\/wp-content\/uploads\/2014\/09\/voleyfemenino.mercedes.jpg\" class=\"Img2014 aligncenter wp-image-35854 size-full\" src=\"https:\/\/www.hoymercedes.com.ar\/principal\/wp-content\/uploads\/2014\/09\/voleyfemenino.mercedes.jpg\" alt=\"voleyfemenino.mercedes\" width=\"620\" height=\"464\" \/><\/a><\/p>\n<p><em><strong>Durante la semana los deportes en conjunto representativos de la ciudad de Mercedes tuvieron una muy buena presentaci\u00f3n. El voleibol femenino del Colegio San Patricio gano la etapa regional en una destacad\u00edsima actuaci\u00f3n con el equipo a cargo de la Prof. Mariana Saboredo, de la misma manera el equipo de menores en categor\u00eda libre del Club Quilmes gano la etapa regional y ambos equipos esperan el partido con el representante de la regi\u00f3n 11 para ver su clasificaci\u00f3n a las finales de Mar del Plata. <\/strong><\/em><\/p>\n<p>Quienes no pudieron pasar a la etapa siguiente fueron los equipo de voleibol femenino del Colegio Misericordia perdiendo en las finales. En b\u00e1squet 3 x 3 los equipos de cadetes y menores llegaron a semifinales pero quedaron en el camino en la etapa interregional de una disciplina que busca \u00a0en esta modalidad mayor participaci\u00f3n entre los j\u00f3venes.<\/p>\n<p>El h\u00e1ndbol masculino tuvo en los m\u00e1s destacados al equipo de menores de la escuela parroquial quienes en la finales perdieron con el local (ca\u00f1uelas) por solo 1 gol\u00a0 \u00a0con todo el alumnado de colegio local como hinchada.<\/p>\n<p>Durante la pr\u00f3xima semana ser\u00e1 el turno del voleibol masculino y la nataci\u00f3n, para dar paso finalmente a los partidos de aquellas disciplinas que deben realizar los interregionales.<\/p>\n<p><span style=\"color: #808080;\">Fuente: Direcci\u00f3n de Deportes<\/span><\/p>\n<p>&nbsp;<\/p>\n<p>&nbsp;<\/p>\n<p>&nbsp;<\/p>\n","protected":false},"excerpt":{"rendered":"<p>Durante la semana los deportes en conjunto representativos de la ciudad de Mercedes tuvieron una muy buena presentaci\u00f3n. El voleibol &#8230; <a title=\"Juegos BA: gran actuaci\u00f3n del Voley Femenino\" class=\"read-more\" href=\"https:\/\/www.hoymercedes.com.ar\/principal\/2014\/09\/08\/juegos-ba-gran-actuacion-del-voley-femenino\/\" aria-label=\"Leer m\u00e1s sobre Juegos BA: gran actuaci\u00f3n del Voley Femenino\">Leer m\u00e1s<\/a><\/p>\n","protected":false},"author":1,"featured_media":0,"comment_status":"open","ping_status":"open","sticky":false,"template":"","format":"standard","meta":{"_monsterinsights_skip_tracking":false,"_monsterinsights_sitenote_active":false,"_monsterinsights_sitenote_note":"","_monsterinsights_sitenote_category":0,"jetpack_post_was_ever_published":false,"_jetpack_newsletter_access":"","_jetpack_dont_email_post_to_subs":false,"_jetpack_newsletter_tier_id":0,"_jetpack_memberships_contains_paywalled_content":false,"_jetpack_memberships_contains_paid_content":false,"footnotes":"","jetpack_publicize_message":"","jetpack_publicize_feature_enabled":true,"jetpack_social_post_already_shared":false,"jetpack_social_options":{"image_generator_settings":{"template":"highway","default_image_id":0,"font":"","enabled":false},"version":2},"_wpas_customize_per_network":false},"categories":[21],"tags":[1192],"class_list":["post-35853","post","type-post","status-publish","format-standard","hentry","category-deportes","tag-direccion-de-deportes-mercedes","generate-columns","tablet-grid-50","mobile-grid-100","grid-parent","grid-50"],"jetpack_publicize_connections":[],"jetpack_featured_media_url":"","wps_subtitle":"En etapa regional","jetpack_sharing_enabled":true,"_links":{"self":[{"href":"https:\/\/www.hoymercedes.com.ar\/principal\/wp-json\/wp\/v2\/posts\/35853","targetHints":{"allow":["GET"]}}],"collection":[{"href":"https:\/\/www.hoymercedes.com.ar\/principal\/wp-json\/wp\/v2\/posts"}],"about":[{"href":"https:\/\/www.hoymercedes.com.ar\/principal\/wp-json\/wp\/v2\/types\/post"}],"author":[{"embeddable":true,"href":"https:\/\/www.hoymercedes.com.ar\/principal\/wp-json\/wp\/v2\/users\/1"}],"replies":[{"embeddable":true,"href":"https:\/\/www.hoymercedes.com.ar\/principal\/wp-json\/wp\/v2\/comments?post=35853"}],"version-history":[{"count":0,"href":"https:\/\/www.hoymercedes.com.ar\/principal\/wp-json\/wp\/v2\/posts\/35853\/revisions"}],"wp:attachment":[{"href":"https:\/\/www.hoymercedes.com.ar\/principal\/wp-json\/wp\/v2\/media?parent=35853"}],"wp:term":[{"taxonomy":"category","embeddable":true,"href":"https:\/\/www.hoymercedes.com.ar\/principal\/wp-json\/wp\/v2\/categories?post=35853"},{"taxonomy":"post_tag","embeddable":true,"href":"https:\/\/www.hoymercedes.com.ar\/principal\/wp-json\/wp\/v2\/tags?post=35853"}],"curies":[{"name":"wp","href":"https:\/\/api.w.org\/{rel}","templated":true}]}}