{"id":3592,"date":"2011-04-18T19:15:02","date_gmt":"2011-04-18T19:15:02","guid":{"rendered":"http:\/\/www.hoymercedes.com.ar\/principal\/?p=3592"},"modified":"2011-04-18T19:15:02","modified_gmt":"2011-04-18T19:15:02","slug":"%c2%bfcasa-joven-y-frente-mercedino-para-la-victoria-juntos","status":"publish","type":"post","link":"https:\/\/www.hoymercedes.com.ar\/principal\/2011\/04\/18\/%c2%bfcasa-joven-y-frente-mercedino-para-la-victoria-juntos\/","title":{"rendered":"\u00bfCasa Joven y Frente Mercedino para la Victoria Juntos?"},"content":{"rendered":"<p>Todo parece indicar que los caminos de Casa Joven y el Frente Mercedino para la Victoria pronto se fusionar\u00e1n.<\/p>\n<p>Las reuniones entre los m\u00e1ximos referentes se vienen realizando cada vez con mayor frecuencia. Juan Pablo L\u00f3pez y Ustarr\u00f3z\u00a0 parece ser se entienden al dedillo y eso podr\u00eda manifestarse a nivel local en el armado de un proyecto m\u00e1s amplio que convine la fuerza de ambas agrupaciones en pos de una ciudad mejor desde una pol\u00edtica planificada y desde el consenso.<\/p>\n<p>Las visiones de ciudad que se combinan entre las fuerzas tiene como agregado el hecho de que ambos espacios comparten estructuras partidarias como se dice: \u201cm\u00e1s arriba\u201d siendo coherente la visualizaci\u00f3n de un armado local conjunto.<\/p>\n<p>El Frente Mercedino para la Victoria de esta forma sumar\u00eda un espacio activo y con identidad que le dar\u00eda un gran aporte. Lo mismo<\/p>\n<p>Ser\u00e1 ahora cuesti\u00f3n de que pasen los d\u00edas para ver si los actores principales emiten palabra alguna sobre el asunto.<\/p>\n","protected":false},"excerpt":{"rendered":"<p>Todo parece indicar que los caminos de Casa Joven y el Frente Mercedino para la Victoria pronto se fusionar\u00e1n. Las &#8230; <a title=\"\u00bfCasa Joven y Frente Mercedino para la Victoria Juntos?\" class=\"read-more\" href=\"https:\/\/www.hoymercedes.com.ar\/principal\/2011\/04\/18\/%c2%bfcasa-joven-y-frente-mercedino-para-la-victoria-juntos\/\" aria-label=\"Leer m\u00e1s sobre \u00bfCasa Joven y Frente Mercedino para la Victoria Juntos?\">Leer m\u00e1s<\/a><\/p>\n","protected":false},"author":1,"featured_media":0,"comment_status":"open","ping_status":"open","sticky":false,"template":"","format":"standard","meta":{"_monsterinsights_skip_tracking":false,"_monsterinsights_sitenote_active":false,"_monsterinsights_sitenote_note":"","_monsterinsights_sitenote_category":0,"jetpack_post_was_ever_published":false,"_jetpack_newsletter_access":"","_jetpack_dont_email_post_to_subs":false,"_jetpack_newsletter_tier_id":0,"_jetpack_memberships_contains_paywalled_content":false,"_jetpack_memberships_contains_paid_content":false,"footnotes":"","jetpack_publicize_message":"","jetpack_publicize_feature_enabled":true,"jetpack_social_post_already_shared":false,"jetpack_social_options":{"image_generator_settings":{"template":"highway","default_image_id":0,"font":"","enabled":false},"version":2},"_wpas_customize_per_network":false},"categories":[5],"tags":[3,696,273,695],"class_list":["post-3592","post","type-post","status-publish","format-standard","hentry","category-politica","tag-casa-joven","tag-frente-mercdino-para-la-victora","tag-juan-pablo-lopez","tag-ustarronz","generate-columns","tablet-grid-50","mobile-grid-100","grid-parent","grid-50"],"jetpack_publicize_connections":[],"jetpack_featured_media_url":"","wps_subtitle":"","jetpack_sharing_enabled":true,"_links":{"self":[{"href":"https:\/\/www.hoymercedes.com.ar\/principal\/wp-json\/wp\/v2\/posts\/3592","targetHints":{"allow":["GET"]}}],"collection":[{"href":"https:\/\/www.hoymercedes.com.ar\/principal\/wp-json\/wp\/v2\/posts"}],"about":[{"href":"https:\/\/www.hoymercedes.com.ar\/principal\/wp-json\/wp\/v2\/types\/post"}],"author":[{"embeddable":true,"href":"https:\/\/www.hoymercedes.com.ar\/principal\/wp-json\/wp\/v2\/users\/1"}],"replies":[{"embeddable":true,"href":"https:\/\/www.hoymercedes.com.ar\/principal\/wp-json\/wp\/v2\/comments?post=3592"}],"version-history":[{"count":0,"href":"https:\/\/www.hoymercedes.com.ar\/principal\/wp-json\/wp\/v2\/posts\/3592\/revisions"}],"wp:attachment":[{"href":"https:\/\/www.hoymercedes.com.ar\/principal\/wp-json\/wp\/v2\/media?parent=3592"}],"wp:term":[{"taxonomy":"category","embeddable":true,"href":"https:\/\/www.hoymercedes.com.ar\/principal\/wp-json\/wp\/v2\/categories?post=3592"},{"taxonomy":"post_tag","embeddable":true,"href":"https:\/\/www.hoymercedes.com.ar\/principal\/wp-json\/wp\/v2\/tags?post=3592"}],"curies":[{"name":"wp","href":"https:\/\/api.w.org\/{rel}","templated":true}]}}