{"id":35961,"date":"2014-09-11T21:45:30","date_gmt":"2014-09-12T00:45:30","guid":{"rendered":"http:\/\/www.hoymercedes.com.ar\/principal\/?p=35961"},"modified":"2014-09-15T21:22:26","modified_gmt":"2014-09-16T00:22:26","slug":"mic-con-el-tarifazo-del-gas-el-intento-del-aumento-de-las-tasas-y-el-incumplimiento-de-ordenanzas-no-se-mejora-la-calidad-de-vida-de-los-mercedinos","status":"publish","type":"post","link":"https:\/\/www.hoymercedes.com.ar\/principal\/2014\/09\/11\/mic-con-el-tarifazo-del-gas-el-intento-del-aumento-de-las-tasas-y-el-incumplimiento-de-ordenanzas-no-se-mejora-la-calidad-de-vida-de-los-mercedinos\/","title":{"rendered":"MIC: \u00abCon el tarifazo del gas, el intento del aumento de las tasas y el incumplimiento de Ordenanzas no se mejora la calidad de vida de los mercedinos\u00bb"},"content":{"rendered":"<p><a href=\"https:\/\/www.hoymercedes.com.ar\/principal\/wp-content\/uploads\/2014\/09\/cestari-badano.jpg\"><img loading=\"lazy\" decoding=\"async\" data-attachment-id=\"35962\" data-permalink=\"https:\/\/www.hoymercedes.com.ar\/principal\/2014\/09\/11\/mic-con-el-tarifazo-del-gas-el-intento-del-aumento-de-las-tasas-y-el-incumplimiento-de-ordenanzas-no-se-mejora-la-calidad-de-vida-de-los-mercedinos\/cestari-badano-3\/#main\" data-orig-file=\"https:\/\/www.hoymercedes.com.ar\/principal\/wp-content\/uploads\/2014\/09\/cestari-badano.jpg\" data-orig-size=\"620,201\" data-comments-opened=\"1\" data-image-meta=\"{&quot;aperture&quot;:&quot;0&quot;,&quot;credit&quot;:&quot;&quot;,&quot;camera&quot;:&quot;&quot;,&quot;caption&quot;:&quot;&quot;,&quot;created_timestamp&quot;:&quot;0&quot;,&quot;copyright&quot;:&quot;&quot;,&quot;focal_length&quot;:&quot;0&quot;,&quot;iso&quot;:&quot;0&quot;,&quot;shutter_speed&quot;:&quot;0&quot;,&quot;title&quot;:&quot;&quot;,&quot;orientation&quot;:&quot;0&quot;}\" data-image-title=\"cestari-badano\" data-image-description=\"\" data-image-caption=\"\" data-large-file=\"https:\/\/www.hoymercedes.com.ar\/principal\/wp-content\/uploads\/2014\/09\/cestari-badano.jpg\" class=\"Img2014 aligncenter wp-image-35962 size-full\" src=\"https:\/\/www.hoymercedes.com.ar\/principal\/wp-content\/uploads\/2014\/09\/cestari-badano.jpg\" alt=\"cestari-badano\" width=\"620\" height=\"201\" \/><\/a><\/p>\n<p><strong>Por MIC Mercedes &#8211;\u00a0<\/strong><\/p>\n<p>El lunes 8 de septiembre se llev\u00f3 a cabo una nueva Sesi\u00f3n Ordinaria en el Honorable Concejo Deliberante.<\/p>\n<p>Hizo uso de la Banca Participativa una integrante de S.O.S. H\u00e1bitat (Natalia Solari), entre los conceptos m\u00e1s importantes se pueden destacar: No al dragado del r\u00edo Luj\u00e1n ya que generara remoci\u00f3n de barros contaminados y no es una soluci\u00f3n integral, controlar los emprendimientos inmobiliarios en el valle de inundaci\u00f3n del r\u00edo y en humedales a trav\u00e9s de una adecuaci\u00f3n de la Ordenanza de Zonificaci\u00f3n, no realizar grandes obras costosas sino sencillas obras de bajo costo econ\u00f3mico, extracci\u00f3n de los obst\u00e1culos depositados debajo de los puentes, limpieza de la basura, erradicaci\u00f3n del acacio negro, control de los canales clandestinos de desag\u00fce en la zona rural, etc.<\/p>\n<p>Fue aprobado por mayor\u00eda el Expediente 548\/14: Proyecto de RESOLUCI\u00d3N<\/p>\n<p>Art. 1\u00b0. El HCD se dirige a ENARGAS para que revea, a trav\u00e9s de la realizaci\u00f3n de audiencias p\u00fablicas, los aumentos escalonados tarifarios del gas natural residencial autorizados a la Empresa Gas Natural Ban S.A.<\/p>\n<p>Con el voto negativo del Frente Mercedino para la Victoria, y lo m\u00e1s notorio es que no emitieron opini\u00f3n al respecto. A veces el que calla reconoce un error.<\/p>\n<p>El MIC tomo la iniciativa presentando el Proyecto en el Concejo Deliberante porque el tarifazo del aumento escalonado del gas natural incide fuertemente en los bolsillos de los mercedinos y mirar para otro lado es ser c\u00f3mplice de la situaci\u00f3n, que el costo econ\u00f3mico lo paguen los usuarios domiciliarios del gas natural y no la pol\u00edtica en materia de generaci\u00f3n de energ\u00eda llevada a cabo por este gobierno Nacional.<\/p>\n<p>Sorpresivamente el Bloque del Frente Renovador solicito constituirse en Comisi\u00f3n para tratar el aumento de tasas municipales (Proyecto que estaba en la Comisi\u00f3n de Hacienda que no realiz\u00f3 ninguna reuni\u00f3n en el per\u00edodo entre Sesiones). El Concejal Cestari hizo se\u00f1as a los otros bloques opositores para dar la tabla y luego (aprovechando que los Bloques opositores ten\u00edan 9 concejales y el oficialismo 8) votar negativamente el aumento de tasas. Tal vez Ustarroz y Ben\u00edtez estaban distra\u00eddos o se puede pensar en una situaci\u00f3n al menos sospechosa. Conclusi\u00f3n: El Proyecto contin\u00faa en la Comisi\u00f3n de Hacienda cuando se pod\u00eda haber votado negativamente en la Sesi\u00f3n y se terminaba la historia del aumento de tasas. Otra medida de Selva que quiere seguir castigando a los contribuyente que pagan las tasas en vez se mejorar la cobrabilidad con las tasas vigentes.<\/p>\n<p>El Intendente opina que construir un entubamiento de 250 metros en el Barrio Marchetti es de un elevado costo para el Municipio, asimismo es dif\u00edcil su mantenimiento y se sospecha de que los frentistas que no tienen cloacas descarguen sus efluentes en dicho entubamiento. Creemos que para el Intendente los vecinos de la calle 32 entre 61 y el r\u00edo Luj\u00e1n son un sector de los Kelpers de Mercedes.<\/p>\n<p>Hay otro caso grave, Ordenanzas promulgadas que no se ejecutan por el Intendente, por ejemplo:<\/p>\n<p>&#8211;\u00a0\u00a0\u00a0\u00a0\u00a0\u00a0\u00a0\u00a0\u00a0\u00a0 Estacionamiento para carga y descarga en la Biblioteca Sarmiento los d\u00edas lunes, mi\u00e9rcoles y viernes en el horario de 9 a 12 hs<\/p>\n<p>&#8211;\u00a0\u00a0\u00a0\u00a0\u00a0\u00a0\u00a0\u00a0\u00a0\u00a0 La eliminaci\u00f3n del cobro del estacionamiento medido de los d\u00edas s\u00e1bados de 9 a 13 hs\u00a0 \u00bfEl Intendente sigue ninguneando al Concejo Deliberante? \u00bfLa Empresa Elimpar S.A. con lo que recauda porque no se\u00f1aliza en forma horizontal y vertical correctamente, y hace mantenimiento peri\u00f3dico?<\/p>\n<p>&nbsp;<\/p>\n<p>&nbsp;<\/p>\n<p>&nbsp;<\/p>\n","protected":false},"excerpt":{"rendered":"<p>Por MIC Mercedes &#8211;\u00a0 El lunes 8 de septiembre se llev\u00f3 a cabo una nueva Sesi\u00f3n Ordinaria en el Honorable &#8230; <a title=\"MIC: \u00abCon el tarifazo del gas, el intento del aumento de las tasas y el incumplimiento de Ordenanzas no se mejora la calidad de vida de los mercedinos\u00bb\" class=\"read-more\" href=\"https:\/\/www.hoymercedes.com.ar\/principal\/2014\/09\/11\/mic-con-el-tarifazo-del-gas-el-intento-del-aumento-de-las-tasas-y-el-incumplimiento-de-ordenanzas-no-se-mejora-la-calidad-de-vida-de-los-mercedinos\/\" aria-label=\"Leer m\u00e1s sobre MIC: \u00abCon el tarifazo del gas, el intento del aumento de las tasas y el incumplimiento de Ordenanzas no se mejora la calidad de vida de los mercedinos\u00bb\">Leer m\u00e1s<\/a><\/p>\n","protected":false},"author":1,"featured_media":0,"comment_status":"open","ping_status":"open","sticky":false,"template":"","format":"standard","meta":{"_monsterinsights_skip_tracking":false,"_monsterinsights_sitenote_active":false,"_monsterinsights_sitenote_note":"","_monsterinsights_sitenote_category":0,"jetpack_post_was_ever_published":false,"_jetpack_newsletter_access":"","_jetpack_dont_email_post_to_subs":false,"_jetpack_newsletter_tier_id":0,"_jetpack_memberships_contains_paywalled_content":false,"_jetpack_memberships_contains_paid_content":false,"footnotes":"","jetpack_publicize_message":"","jetpack_publicize_feature_enabled":true,"jetpack_social_post_already_shared":false,"jetpack_social_options":{"image_generator_settings":{"template":"highway","default_image_id":0,"font":"","enabled":false},"version":2},"_wpas_customize_per_network":false},"categories":[5],"tags":[5992,321,4098,1956],"class_list":["post-35961","post","type-post","status-publish","format-standard","hentry","category-politica","tag-aumento-de-gas","tag-jose-cestari","tag-juan-carlos-badano","tag-mic-mercedes","generate-columns","tablet-grid-50","mobile-grid-100","grid-parent","grid-50"],"jetpack_publicize_connections":[],"jetpack_featured_media_url":"","wps_subtitle":"Tarea legislativa","jetpack_sharing_enabled":true,"_links":{"self":[{"href":"https:\/\/www.hoymercedes.com.ar\/principal\/wp-json\/wp\/v2\/posts\/35961","targetHints":{"allow":["GET"]}}],"collection":[{"href":"https:\/\/www.hoymercedes.com.ar\/principal\/wp-json\/wp\/v2\/posts"}],"about":[{"href":"https:\/\/www.hoymercedes.com.ar\/principal\/wp-json\/wp\/v2\/types\/post"}],"author":[{"embeddable":true,"href":"https:\/\/www.hoymercedes.com.ar\/principal\/wp-json\/wp\/v2\/users\/1"}],"replies":[{"embeddable":true,"href":"https:\/\/www.hoymercedes.com.ar\/principal\/wp-json\/wp\/v2\/comments?post=35961"}],"version-history":[{"count":0,"href":"https:\/\/www.hoymercedes.com.ar\/principal\/wp-json\/wp\/v2\/posts\/35961\/revisions"}],"wp:attachment":[{"href":"https:\/\/www.hoymercedes.com.ar\/principal\/wp-json\/wp\/v2\/media?parent=35961"}],"wp:term":[{"taxonomy":"category","embeddable":true,"href":"https:\/\/www.hoymercedes.com.ar\/principal\/wp-json\/wp\/v2\/categories?post=35961"},{"taxonomy":"post_tag","embeddable":true,"href":"https:\/\/www.hoymercedes.com.ar\/principal\/wp-json\/wp\/v2\/tags?post=35961"}],"curies":[{"name":"wp","href":"https:\/\/api.w.org\/{rel}","templated":true}]}}