{"id":35981,"date":"2014-09-12T09:32:56","date_gmt":"2014-09-12T12:32:56","guid":{"rendered":"http:\/\/www.hoymercedes.com.ar\/principal\/?p=35981"},"modified":"2014-09-12T09:33:42","modified_gmt":"2014-09-12T12:33:42","slug":"dos-accidentes-en-ruta-n5-vuelco-y-un-muerto","status":"publish","type":"post","link":"https:\/\/www.hoymercedes.com.ar\/principal\/2014\/09\/12\/dos-accidentes-en-ruta-n5-vuelco-y-un-muerto\/","title":{"rendered":"Dos accidentes en Ruta N\u00b05: un vuelco y un muerto"},"content":{"rendered":"<p><a href=\"https:\/\/www.hoymercedes.com.ar\/principal\/wp-content\/uploads\/2014\/09\/accidente-20.jpg\"><img loading=\"lazy\" decoding=\"async\" data-attachment-id=\"35982\" data-permalink=\"https:\/\/www.hoymercedes.com.ar\/principal\/2014\/09\/12\/dos-accidentes-en-ruta-n5-vuelco-y-un-muerto\/accidente-20\/#main\" data-orig-file=\"https:\/\/www.hoymercedes.com.ar\/principal\/wp-content\/uploads\/2014\/09\/accidente-20.jpg\" data-orig-size=\"620,465\" data-comments-opened=\"1\" data-image-meta=\"{&quot;aperture&quot;:&quot;0&quot;,&quot;credit&quot;:&quot;&quot;,&quot;camera&quot;:&quot;&quot;,&quot;caption&quot;:&quot;&quot;,&quot;created_timestamp&quot;:&quot;0&quot;,&quot;copyright&quot;:&quot;&quot;,&quot;focal_length&quot;:&quot;0&quot;,&quot;iso&quot;:&quot;0&quot;,&quot;shutter_speed&quot;:&quot;0&quot;,&quot;title&quot;:&quot;&quot;,&quot;orientation&quot;:&quot;0&quot;}\" data-image-title=\"accidente-20\" data-image-description=\"\" data-image-caption=\"\" data-large-file=\"https:\/\/www.hoymercedes.com.ar\/principal\/wp-content\/uploads\/2014\/09\/accidente-20.jpg\" class=\"Img2014 aligncenter wp-image-35982 size-full\" src=\"https:\/\/www.hoymercedes.com.ar\/principal\/wp-content\/uploads\/2014\/09\/accidente-20.jpg\" alt=\"accidente-20\" width=\"620\" height=\"465\" \/><\/a><\/p>\n<p><em><strong>Dos accidentes se vivieron en las \u00faltimas 24hs en la Ruta Nacional N\u00b05. Uno entre Gowland y Mercedes con la muerte de un joven al ser embestido por un cami\u00f3n. El otro entre la hoster\u00eda y J\u00e1uregui con un espectacular vuelco donde su \u00fanico ocupante sali\u00f3 ileso.\u00a0<\/strong><\/em><\/p>\n<p><strong>Un muerto en Mercedes<\/strong><\/p>\n<p>Se trat\u00f3 de un accidente ocurrido a las 03.30 del d\u00eda viernes, donde un cami\u00f3n Mercedes Benz, conducido por un hombre\u00a0de 32 a\u00f1os, domiciliado en Hurlinghan, que ven\u00eda de Lujan, al llegar al kil\u00f3metro 93 (muy cerca de la entrega de Gowland) arroya a un joven del sexo masculino que caminaba por la senda derecha de alta velocidad, falleciendo al instante.<\/p>\n<p>La parte frontal del cami\u00f3n tuvo rotura y abolladura.<\/p>\n<p>Intervino personal de la Comisaria local y Polic\u00eda Cient\u00edfica. Quienes llevaron a cabo las mediciones correspondientes. El hecho es investigado por la UFI n\u00b0 3.<\/p>\n<p>Sobre el hecho al publicar la noticia no se ten\u00eda confirmaci\u00f3n de los datos de la v\u00edctima y los detalles de c\u00f3mo lleg\u00f3 a ser embestido. En el hospital se alojaban sus restos mientras trabajaba la justicia<\/p>\n<p><strong>Vuelco altura Luj\u00e1n<\/strong><\/p>\n<p>En la Ruta N\u00b05 entre la Hoster\u00eda y J\u00e1uregui se produjo un espectacular vuelvo de un coche Chevrolet Merida. Iba en direcci\u00f3n Mercedes \u2013 Luj\u00e1n.<\/p>\n<p>Se trat\u00f3 de un hombre que ser\u00eda titular de la Comisar\u00eda de San Antonio de Padua, de apellido Rodr\u00edguez, y que cerca de las 13.00hs del pasado jueves volc\u00f3 espectacularmente a la altura del kil\u00f3metro 71.<\/p>\n<p>Seg\u00fan las primeras pericias el vuelco se dio por efectuar una maniobra con otro veh\u00edculo.<\/p>\n<p>El auto qued\u00f3 con las cuatro ruedas hacia arriba. Bomberos de Luj\u00e1n traslad\u00f3 al hombre al hospital de Luj\u00e1n. S\u00f3lo tendr\u00eda una fractura en el pie izquierdo.<img loading=\"lazy\" decoding=\"async\" data-attachment-id=\"35983\" data-permalink=\"https:\/\/www.hoymercedes.com.ar\/principal\/2014\/09\/12\/dos-accidentes-en-ruta-n5-vuelco-y-un-muerto\/accidente-22\/#main\" data-orig-file=\"https:\/\/www.hoymercedes.com.ar\/principal\/wp-content\/uploads\/2014\/09\/accidente-22.jpg\" data-orig-size=\"620,465\" data-comments-opened=\"1\" data-image-meta=\"{&quot;aperture&quot;:&quot;0&quot;,&quot;credit&quot;:&quot;&quot;,&quot;camera&quot;:&quot;&quot;,&quot;caption&quot;:&quot;&quot;,&quot;created_timestamp&quot;:&quot;0&quot;,&quot;copyright&quot;:&quot;&quot;,&quot;focal_length&quot;:&quot;0&quot;,&quot;iso&quot;:&quot;0&quot;,&quot;shutter_speed&quot;:&quot;0&quot;,&quot;title&quot;:&quot;&quot;,&quot;orientation&quot;:&quot;0&quot;}\" data-image-title=\"accidente-22\" data-image-description=\"\" data-image-caption=\"\" data-large-file=\"https:\/\/www.hoymercedes.com.ar\/principal\/wp-content\/uploads\/2014\/09\/accidente-22.jpg\" class=\"Img2014 aligncenter wp-image-35983 size-full\" src=\"https:\/\/www.hoymercedes.com.ar\/principal\/wp-content\/uploads\/2014\/09\/accidente-22.jpg\" alt=\"accidente-22\" width=\"620\" height=\"465\" \/><\/p>\n<p>&nbsp;<\/p>\n<p>&nbsp;<\/p>\n<p>&nbsp;<\/p>\n","protected":false},"excerpt":{"rendered":"<p>Dos accidentes se vivieron en las \u00faltimas 24hs en la Ruta Nacional N\u00b05. Uno entre Gowland y Mercedes con la &#8230; <a title=\"Dos accidentes en Ruta N\u00b05: un vuelco y un muerto\" class=\"read-more\" href=\"https:\/\/www.hoymercedes.com.ar\/principal\/2014\/09\/12\/dos-accidentes-en-ruta-n5-vuelco-y-un-muerto\/\" aria-label=\"Leer m\u00e1s sobre Dos accidentes en Ruta N\u00b05: un vuelco y un muerto\">Leer m\u00e1s<\/a><\/p>\n","protected":false},"author":1,"featured_media":0,"comment_status":"open","ping_status":"open","sticky":false,"template":"","format":"standard","meta":{"_monsterinsights_skip_tracking":false,"_monsterinsights_sitenote_active":false,"_monsterinsights_sitenote_note":"","_monsterinsights_sitenote_category":0,"jetpack_post_was_ever_published":false,"_jetpack_newsletter_access":"","_jetpack_dont_email_post_to_subs":false,"_jetpack_newsletter_tier_id":0,"_jetpack_memberships_contains_paywalled_content":false,"_jetpack_memberships_contains_paid_content":false,"footnotes":"","jetpack_publicize_message":"","jetpack_publicize_feature_enabled":true,"jetpack_social_post_already_shared":false,"jetpack_social_options":{"image_generator_settings":{"template":"highway","default_image_id":0,"font":"","enabled":false},"version":2},"_wpas_customize_per_network":false},"categories":[85],"tags":[4778,5999],"class_list":["post-35981","post","type-post","status-publish","format-standard","hentry","category-policial","tag-accidente-fatal-ruta-5","tag-un-muerto-ruta-5","generate-columns","tablet-grid-50","mobile-grid-100","grid-parent","grid-50"],"jetpack_publicize_connections":[],"jetpack_featured_media_url":"","wps_subtitle":"Saldo negativo","jetpack_sharing_enabled":true,"_links":{"self":[{"href":"https:\/\/www.hoymercedes.com.ar\/principal\/wp-json\/wp\/v2\/posts\/35981","targetHints":{"allow":["GET"]}}],"collection":[{"href":"https:\/\/www.hoymercedes.com.ar\/principal\/wp-json\/wp\/v2\/posts"}],"about":[{"href":"https:\/\/www.hoymercedes.com.ar\/principal\/wp-json\/wp\/v2\/types\/post"}],"author":[{"embeddable":true,"href":"https:\/\/www.hoymercedes.com.ar\/principal\/wp-json\/wp\/v2\/users\/1"}],"replies":[{"embeddable":true,"href":"https:\/\/www.hoymercedes.com.ar\/principal\/wp-json\/wp\/v2\/comments?post=35981"}],"version-history":[{"count":0,"href":"https:\/\/www.hoymercedes.com.ar\/principal\/wp-json\/wp\/v2\/posts\/35981\/revisions"}],"wp:attachment":[{"href":"https:\/\/www.hoymercedes.com.ar\/principal\/wp-json\/wp\/v2\/media?parent=35981"}],"wp:term":[{"taxonomy":"category","embeddable":true,"href":"https:\/\/www.hoymercedes.com.ar\/principal\/wp-json\/wp\/v2\/categories?post=35981"},{"taxonomy":"post_tag","embeddable":true,"href":"https:\/\/www.hoymercedes.com.ar\/principal\/wp-json\/wp\/v2\/tags?post=35981"}],"curies":[{"name":"wp","href":"https:\/\/api.w.org\/{rel}","templated":true}]}}