{"id":35997,"date":"2014-09-12T14:22:28","date_gmt":"2014-09-12T17:22:28","guid":{"rendered":"http:\/\/www.hoymercedes.com.ar\/principal\/?p=35997"},"modified":"2014-09-12T14:25:17","modified_gmt":"2014-09-12T17:25:17","slug":"duclos-en-mercedes-el-transportarte-publico-tiene-que-estar-en-la-prioridad-de-la-agenda-publica-de-planificacion-y-ejecucion","status":"publish","type":"post","link":"https:\/\/www.hoymercedes.com.ar\/principal\/2014\/09\/12\/duclos-en-mercedes-el-transportarte-publico-tiene-que-estar-en-la-prioridad-de-la-agenda-publica-de-planificacion-y-ejecucion\/","title":{"rendered":"Ducl\u00f3s en Mercedes: \u00abEl transportarte publico tiene que estar en la prioridad de la agenda p\u00fablica, de planificaci\u00f3n y ejecuci\u00f3n\u00bb"},"content":{"rendered":"<p><a href=\"https:\/\/www.hoymercedes.com.ar\/principal\/wp-content\/uploads\/2014\/09\/Duclos.Mercedes.jpg\"><img loading=\"lazy\" decoding=\"async\" data-attachment-id=\"36003\" data-permalink=\"https:\/\/www.hoymercedes.com.ar\/principal\/2014\/09\/12\/duclos-en-mercedes-el-transportarte-publico-tiene-que-estar-en-la-prioridad-de-la-agenda-publica-de-planificacion-y-ejecucion\/duclos-mercedes\/#main\" data-orig-file=\"https:\/\/www.hoymercedes.com.ar\/principal\/wp-content\/uploads\/2014\/09\/Duclos.Mercedes.jpg\" data-orig-size=\"620,263\" data-comments-opened=\"1\" data-image-meta=\"{&quot;aperture&quot;:&quot;0&quot;,&quot;credit&quot;:&quot;&quot;,&quot;camera&quot;:&quot;&quot;,&quot;caption&quot;:&quot;&quot;,&quot;created_timestamp&quot;:&quot;0&quot;,&quot;copyright&quot;:&quot;&quot;,&quot;focal_length&quot;:&quot;0&quot;,&quot;iso&quot;:&quot;0&quot;,&quot;shutter_speed&quot;:&quot;0&quot;,&quot;title&quot;:&quot;&quot;,&quot;orientation&quot;:&quot;0&quot;}\" data-image-title=\"Duclos.Mercedes\" data-image-description=\"\" data-image-caption=\"\" data-large-file=\"https:\/\/www.hoymercedes.com.ar\/principal\/wp-content\/uploads\/2014\/09\/Duclos.Mercedes.jpg\" class=\"Img2014 aligncenter wp-image-36003 size-full\" src=\"https:\/\/www.hoymercedes.com.ar\/principal\/wp-content\/uploads\/2014\/09\/Duclos.Mercedes.jpg\" alt=\"Duclos.Mercedes\" width=\"620\" height=\"263\" \/><\/a><\/p>\n<p><em><strong>El Diputado Nacional del Partido GEN Omar Ducl\u00f3s estuvo en Mercedes aprovechando el marco de la 40\u00b0 Fiesta Nacional del Salame Quintero ya que es el parte de la Comisi\u00f3n de Turismo de la mencionada c\u00e1mara legislativa. Estuvo acompa\u00f1ado por Jos\u00e9 Ramos, Lu\u00eds Colao y Marcelo Urabayen.\u00a0<\/strong><\/em><\/p>\n<p>En la conferencia de prensa brindada en una confiter\u00eda c\u00e9ntrica habl\u00f3 de la importancia del desarrollo tur\u00edstico para las econom\u00edas regionales, de la energ\u00eda, la crisis actual que proviene de una falta de producci\u00f3n energ\u00e9tica de los \u00faltimos diez a\u00f1os y fue cr\u00edtico de la gesti\u00f3n de Cristina Fern\u00e1ndez de Kirchner. Duclos integra tambi\u00e9n la comisi\u00f3n de energ\u00eda de diputados.<\/p>\n<p>Ante la prensa y relacionado a los ferrocarriles manifest\u00f3: <em>\u00abhe presentado un proyecto para que terminen de transferirse de Naci\u00f3n a Provincia de Buenos Aires todos los servicios de Ferrobaires actualmente administrados por Buenos Aires y sumar todas las localidades del interior en el programa de recuperaci\u00f3n del transporte desarrollado por el Ministerio del Interior y Transporte. Nosotros tenemos una visi\u00f3n cr\u00edtica sobre la oportunidad que ha perdido \u00e9ste gobierno en una d\u00e9cada, todos sabemos que reci\u00e9n se interes\u00f3 por la situaci\u00f3n ferroviaria despu\u00e9s que tuvimos los accidentes de Once y Castelar, pero, hoy hay una mirada del Estado nacional sobre el tema, se est\u00e1 trabajando en algunos lugares y nuestra responsabilidad es posicionar los ramales del interior tambi\u00e9n en esa planificaci\u00f3n nacional, en una primera etapa para poder recuperar y normalizar los servicios que hoy existen y en una segunda etapa desarrollar y ampliarlos en los lugares que no tienen\u00bb.<img loading=\"lazy\" decoding=\"async\" data-attachment-id=\"36004\" data-permalink=\"https:\/\/www.hoymercedes.com.ar\/principal\/2014\/09\/12\/duclos-en-mercedes-el-transportarte-publico-tiene-que-estar-en-la-prioridad-de-la-agenda-publica-de-planificacion-y-ejecucion\/omar-duclos-mercedes\/#main\" data-orig-file=\"https:\/\/www.hoymercedes.com.ar\/principal\/wp-content\/uploads\/2014\/09\/Omar-Duclos.Mercedes.jpg\" data-orig-size=\"620,250\" data-comments-opened=\"1\" data-image-meta=\"{&quot;aperture&quot;:&quot;0&quot;,&quot;credit&quot;:&quot;&quot;,&quot;camera&quot;:&quot;&quot;,&quot;caption&quot;:&quot;&quot;,&quot;created_timestamp&quot;:&quot;0&quot;,&quot;copyright&quot;:&quot;&quot;,&quot;focal_length&quot;:&quot;0&quot;,&quot;iso&quot;:&quot;0&quot;,&quot;shutter_speed&quot;:&quot;0&quot;,&quot;title&quot;:&quot;&quot;,&quot;orientation&quot;:&quot;0&quot;}\" data-image-title=\"Omar-Duclos.Mercedes\" data-image-description=\"\" data-image-caption=\"\" data-large-file=\"https:\/\/www.hoymercedes.com.ar\/principal\/wp-content\/uploads\/2014\/09\/Omar-Duclos.Mercedes.jpg\" class=\"Img2014 aligncenter wp-image-36004 size-full\" src=\"https:\/\/www.hoymercedes.com.ar\/principal\/wp-content\/uploads\/2014\/09\/Omar-Duclos.Mercedes.jpg\" alt=\"Omar-Duclos.Mercedes\" width=\"620\" height=\"250\" \/><\/em><\/p>\n<p>Ducl\u00f3s mencion\u00f3 tambi\u00e9n que: <em>\u00abCuando uno piensa en transporte piensa en la conectividad de un territorio tan amplio como tiene nuestro pa\u00eds y en nuestra provincia en particular y tiene que ver con facilitar de manera segura el transporte seguro. Hoy el servicio de colectivo es caro, transita por rutas que est\u00e1n saturadas, mal asfaltadas, con un nivel de accidente muy importante\u00bb <\/em>remarcando que<em> \u00abtiene que estar como prioridad en la agenda p\u00fablica, de planificaci\u00f3n y\u00a0ejecuci\u00f3n\u00a0de programas que nos permitan recuperar el sistema de transporte\u00bb<\/em><\/p>\n<p>El Diputado Omar Ducl\u00f3s tambi\u00e9n coment\u00f3 su experiencia en Vaca Muerta, reserva de energ\u00eda administrada por YPF, que recientemente visit\u00f3 con la comisi\u00f3n de energ\u00eda de diputados: <em>\u00abfue muy enriquecedor poder observar el potencial energ\u00e9tico que ah\u00ed tenemos, yo creo que tenemos que desarrollarlo con mucha responsabilidad porque tenemos que cuidar el medio ambiente a la hora de \u00e9sta pr\u00e1ctica no convencional de energ\u00eda, que requiere un especial cuidado ambiental, pero, sin duda hay un enorme potencial energ\u00e9tico\u00bb.<\/em><\/p>\n","protected":false},"excerpt":{"rendered":"<p>El Diputado Nacional del Partido GEN Omar Ducl\u00f3s estuvo en Mercedes aprovechando el marco de la 40\u00b0 Fiesta Nacional del &#8230; <a title=\"Ducl\u00f3s en Mercedes: \u00abEl transportarte publico tiene que estar en la prioridad de la agenda p\u00fablica, de planificaci\u00f3n y ejecuci\u00f3n\u00bb\" class=\"read-more\" href=\"https:\/\/www.hoymercedes.com.ar\/principal\/2014\/09\/12\/duclos-en-mercedes-el-transportarte-publico-tiene-que-estar-en-la-prioridad-de-la-agenda-publica-de-planificacion-y-ejecucion\/\" aria-label=\"Leer m\u00e1s sobre Ducl\u00f3s en Mercedes: \u00abEl transportarte publico tiene que estar en la prioridad de la agenda p\u00fablica, de planificaci\u00f3n y ejecuci\u00f3n\u00bb\">Leer m\u00e1s<\/a><\/p>\n","protected":false},"author":1,"featured_media":0,"comment_status":"open","ping_status":"open","sticky":false,"template":"","format":"standard","meta":{"_monsterinsights_skip_tracking":false,"_monsterinsights_sitenote_active":false,"_monsterinsights_sitenote_note":"","_monsterinsights_sitenote_category":0,"jetpack_post_was_ever_published":false,"_jetpack_newsletter_access":"","_jetpack_dont_email_post_to_subs":false,"_jetpack_newsletter_tier_id":0,"_jetpack_memberships_contains_paywalled_content":false,"_jetpack_memberships_contains_paid_content":false,"footnotes":"","jetpack_publicize_message":"","jetpack_publicize_feature_enabled":true,"jetpack_social_post_already_shared":false,"jetpack_social_options":{"image_generator_settings":{"template":"highway","default_image_id":0,"font":"","enabled":false},"version":2},"_wpas_customize_per_network":false},"categories":[5],"tags":[6001,6000,6002],"class_list":["post-35997","post","type-post","status-publish","format-standard","hentry","category-politica","tag-de-planificacion-y-ejecucion","tag-duclos-en-mercedes-el-transportarte-publico-tiene-que-estar-en-la-prioridad-de-la-agenda-publica","tag-gen-duclos-mercedes","generate-columns","tablet-grid-50","mobile-grid-100","grid-parent","grid-50"],"jetpack_publicize_connections":[],"jetpack_featured_media_url":"","wps_subtitle":"Un Diputado Nacional en Mercedes ","jetpack_sharing_enabled":true,"_links":{"self":[{"href":"https:\/\/www.hoymercedes.com.ar\/principal\/wp-json\/wp\/v2\/posts\/35997","targetHints":{"allow":["GET"]}}],"collection":[{"href":"https:\/\/www.hoymercedes.com.ar\/principal\/wp-json\/wp\/v2\/posts"}],"about":[{"href":"https:\/\/www.hoymercedes.com.ar\/principal\/wp-json\/wp\/v2\/types\/post"}],"author":[{"embeddable":true,"href":"https:\/\/www.hoymercedes.com.ar\/principal\/wp-json\/wp\/v2\/users\/1"}],"replies":[{"embeddable":true,"href":"https:\/\/www.hoymercedes.com.ar\/principal\/wp-json\/wp\/v2\/comments?post=35997"}],"version-history":[{"count":0,"href":"https:\/\/www.hoymercedes.com.ar\/principal\/wp-json\/wp\/v2\/posts\/35997\/revisions"}],"wp:attachment":[{"href":"https:\/\/www.hoymercedes.com.ar\/principal\/wp-json\/wp\/v2\/media?parent=35997"}],"wp:term":[{"taxonomy":"category","embeddable":true,"href":"https:\/\/www.hoymercedes.com.ar\/principal\/wp-json\/wp\/v2\/categories?post=35997"},{"taxonomy":"post_tag","embeddable":true,"href":"https:\/\/www.hoymercedes.com.ar\/principal\/wp-json\/wp\/v2\/tags?post=35997"}],"curies":[{"name":"wp","href":"https:\/\/api.w.org\/{rel}","templated":true}]}}