{"id":36038,"date":"2014-09-13T20:24:14","date_gmt":"2014-09-13T23:24:14","guid":{"rendered":"http:\/\/www.hoymercedes.com.ar\/principal\/?p=36038"},"modified":"2014-09-13T20:27:19","modified_gmt":"2014-09-13T23:27:19","slug":"diputado-espana-y-fuerzas-politicas-locales-entregaron-becas-a-estudiantes-y-resaltaron-el-gesto-de-apertura-y-unidad","status":"publish","type":"post","link":"https:\/\/www.hoymercedes.com.ar\/principal\/2014\/09\/13\/diputado-espana-y-fuerzas-politicas-locales-entregaron-becas-a-estudiantes-y-resaltaron-el-gesto-de-apertura-y-unidad\/","title":{"rendered":"Diputado Espa\u00f1a y Fuerzas Pol\u00edticas locales entregaron becas a estudiantes y resaltaron el \u00abgesto de apertura y unidad\u00bb"},"content":{"rendered":"<p><a href=\"https:\/\/www.hoymercedes.com.ar\/principal\/wp-content\/uploads\/2014\/09\/Becas-Politicos.Mercedes.jpg\"><img loading=\"lazy\" decoding=\"async\" data-attachment-id=\"36039\" data-permalink=\"https:\/\/www.hoymercedes.com.ar\/principal\/2014\/09\/13\/diputado-espana-y-fuerzas-politicas-locales-entregaron-becas-a-estudiantes-y-resaltaron-el-gesto-de-apertura-y-unidad\/becas-politicos-mercedes\/#main\" data-orig-file=\"https:\/\/www.hoymercedes.com.ar\/principal\/wp-content\/uploads\/2014\/09\/Becas-Politicos.Mercedes.jpg\" data-orig-size=\"620,412\" data-comments-opened=\"1\" data-image-meta=\"{&quot;aperture&quot;:&quot;0&quot;,&quot;credit&quot;:&quot;Moreira Mario Hugo&quot;,&quot;camera&quot;:&quot;&quot;,&quot;caption&quot;:&quot;&quot;,&quot;created_timestamp&quot;:&quot;0&quot;,&quot;copyright&quot;:&quot;Moreira Mario Hugo&quot;,&quot;focal_length&quot;:&quot;0&quot;,&quot;iso&quot;:&quot;0&quot;,&quot;shutter_speed&quot;:&quot;0&quot;,&quot;title&quot;:&quot;&quot;,&quot;orientation&quot;:&quot;0&quot;}\" data-image-title=\"Becas-Politicos.Mercedes\" data-image-description=\"\" data-image-caption=\"\" data-large-file=\"https:\/\/www.hoymercedes.com.ar\/principal\/wp-content\/uploads\/2014\/09\/Becas-Politicos.Mercedes.jpg\" class=\"Img2014 aligncenter wp-image-36039 size-full\" src=\"https:\/\/www.hoymercedes.com.ar\/principal\/wp-content\/uploads\/2014\/09\/Becas-Politicos.Mercedes.jpg\" alt=\"Becas-Politicos.Mercedes\" width=\"620\" height=\"412\" \/><\/a><\/p>\n<p><em><strong>Las fuerzas pol\u00edticas con representaci\u00f3n en Mercedes protagonizaron este viernes un hecho ejemplar, al unirse para entregar alrededor de 100 becas a estudiantes de distintos niveles, que fueron gestionadas por el legislador provincial Alberto Espa\u00f1a ante la C\u00e1mara de Diputados de la Provincia de Buenos Aires.<\/strong><\/em><\/p>\n<p>\u201cAgradezco profundamente a todos los concejales, a los funcionarios municipales y a todos los representantes de las fuerzas pol\u00edticas locales por este gesto de apertura \u2013dijo Espa\u00f1a, diputado provincial por el Frente para la Victoria-. Tenemos que sentarnos a trabajar todos juntos por el bien com\u00fan, escuchar lo que la gente necesita y darle a la pol\u00edtica el valor de herramienta transformadora que tiene\u201d.<\/p>\n<p>\u201cComo vecino de Mercedes insisto: mi banca en la C\u00e1mara de Diputados est\u00e1 a su entera disposici\u00f3n \u2013agreg\u00f3-. La pol\u00edtica tambi\u00e9n es, entre otras cosas, el arte del consenso. Y ante el mensaje que bajan desde algunos medios, que la Argentina no tiene futuro, yo quiero dejar una reflexi\u00f3n en el sentido contrario: los que dicen eso no conocen esta juventud maravillosa, que valora el esfuerzo y el compromiso. Con ellos claro que podemos pensar en un pa\u00eds mejor, y ac\u00e1 tambi\u00e9n podemos so\u00f1ar con tener una ciudad mejor\u201d.<\/p>\n<p>En el acto de entrega, adem\u00e1s de Espa\u00f1a, estuvieron los concejales Juan Ignacio Ustarroz (Frente Mercedino para la Victoria), Juan Carlos Ben\u00edtez (PRO) y Jos\u00e9 Cestari y Juan Carlos Badano (MIC); en representaci\u00f3n del Intendente,, el coordinador de Educaci\u00f3n del municipio, Fernando Pachiani; en representaci\u00f3n de la Inspectora Jefe Distrital, el Inspector de la Rama de Adultos Jorge Montaldo; y el presidente de la Uni\u00f3n C\u00edvica Radical, Oscar Albini. Cada uno de ellos nombr\u00f3 a 15 j\u00f3venes mercedinos para entregarles becas de dos mil pesos anuales cada una.<\/p>\n<p>Lo mismo hicieron Pablo Perazzo (Leales a Per\u00f3n), Jos\u00e9 Luis Pisano (Socialismo Mercedino) y Juan Pablo L\u00f3pez (Casa Joven), aunque no pudieron estar hoy en el encuentro. En total, se entregaron m\u00e1s de 200 mil pesos de ayuda econ\u00f3mica para los estudiantes.<\/p>\n<p>\u201cQuiero agradecer este gesto de apertura del Frente para la Victoria y del diputado Espa\u00f1a \u2013indic\u00f3 Albini-, porque estos gestos de inclusi\u00f3n son para destacar. Del mismo modo que se\u00f1alamos las cosas que vemos que hay que corregir, tambi\u00e9n lo hacemos en casos como este que son para aplaudir\u201d. Y Juan Carlos Ben\u00edtez coincidi\u00f3: \u201cGracias a la C\u00e1mara de Diputados de la Provincia de Buenos Aires, a trav\u00e9s de la persona de Alberto Espa\u00f1a. Y a los chicos quiero decirles solamente: estudien\u201d.<\/p>\n<p>Cestari, a su turno, celebr\u00f3 que los becados sean \u201cchicos de distintos niveles y de todos los rincones de Mercedes\u201d y agradeci\u00f3 \u201cestas ayudas que los motivan a seguir y a esforzarse\u201d.<\/p>\n<p>\u201cLa educaci\u00f3n es un eje central para una ciudad mejor \u2013lo sigui\u00f3 su compa\u00f1ero de bloque, Juan Carlos Badano-, por eso queremos destacar este gesto del diputado Espa\u00f1a\u201d.<\/p>\n<p>En representaci\u00f3n del intendente, Carlos Selva, Fernando Pachiani manifest\u00f3: \u201cLe doy las gracias a Espa\u00f1a por incluir a todas las fuerzas pol\u00edticas de nuestra ciudad en la entrega de esta importante ayuda, porque debemos apoyar el esfuerzo de los chicos\u201d.<\/p>\n<p>Finalmente, \u2018Juani\u2019 Ustarroz (lo acompa\u00f1aron sus compa\u00f1eros de bancada Celeste Burone y Marianela Arenillas), asegur\u00f3: \u201cEste gesto de apertura desde nuestro lugar es tambi\u00e9n una autocr\u00edtica, porque reconocemos los errores que hemos cometido. Por eso celebro esta jornada, porque se realiza en un \u00e1mbito simb\u00f3lico para la democracia como es el recinto del Honorable Concejo Deliberante, con todos los espacios pol\u00edticos unidos para apuntalar la educaci\u00f3n y la inclusi\u00f3n de los j\u00f3venes, que es un objetivo com\u00fan a todos y en el que no deben importar nunca las diferencias partidarias\u201d.<\/p>\n<p><span style=\"color: #808080;\">Fuente: PFMpV<\/span><\/p>\n","protected":false},"excerpt":{"rendered":"<p>Las fuerzas pol\u00edticas con representaci\u00f3n en Mercedes protagonizaron este viernes un hecho ejemplar, al unirse para entregar alrededor de 100 &#8230; <a title=\"Diputado Espa\u00f1a y Fuerzas Pol\u00edticas locales entregaron becas a estudiantes y resaltaron el \u00abgesto de apertura y unidad\u00bb\" class=\"read-more\" href=\"https:\/\/www.hoymercedes.com.ar\/principal\/2014\/09\/13\/diputado-espana-y-fuerzas-politicas-locales-entregaron-becas-a-estudiantes-y-resaltaron-el-gesto-de-apertura-y-unidad\/\" aria-label=\"Leer m\u00e1s sobre Diputado Espa\u00f1a y Fuerzas Pol\u00edticas locales entregaron becas a estudiantes y resaltaron el \u00abgesto de apertura y unidad\u00bb\">Leer m\u00e1s<\/a><\/p>\n","protected":false},"author":1,"featured_media":0,"comment_status":"open","ping_status":"open","sticky":false,"template":"","format":"standard","meta":{"_monsterinsights_skip_tracking":false,"_monsterinsights_sitenote_active":false,"_monsterinsights_sitenote_note":"","_monsterinsights_sitenote_category":0,"jetpack_post_was_ever_published":false,"_jetpack_newsletter_access":"","_jetpack_dont_email_post_to_subs":false,"_jetpack_newsletter_tier_id":0,"_jetpack_memberships_contains_paywalled_content":false,"_jetpack_memberships_contains_paid_content":false,"footnotes":"","jetpack_publicize_message":"","jetpack_publicize_feature_enabled":true,"jetpack_social_post_already_shared":false,"jetpack_social_options":{"image_generator_settings":{"template":"highway","default_image_id":0,"font":"","enabled":false},"version":2},"_wpas_customize_per_network":false},"categories":[5],"tags":[2687,6007,1204,1007,6008],"class_list":["post-36038","post","type-post","status-publish","format-standard","hentry","category-politica","tag-alberto-espana","tag-becas-mercedes","tag-cucho-espana","tag-frente-mercedino","tag-juan-ustarroz-becas","generate-columns","tablet-grid-50","mobile-grid-100","grid-parent","grid-50"],"jetpack_publicize_connections":[],"jetpack_featured_media_url":"","wps_subtitle":"En Concejo Deliberante","jetpack_sharing_enabled":true,"_links":{"self":[{"href":"https:\/\/www.hoymercedes.com.ar\/principal\/wp-json\/wp\/v2\/posts\/36038","targetHints":{"allow":["GET"]}}],"collection":[{"href":"https:\/\/www.hoymercedes.com.ar\/principal\/wp-json\/wp\/v2\/posts"}],"about":[{"href":"https:\/\/www.hoymercedes.com.ar\/principal\/wp-json\/wp\/v2\/types\/post"}],"author":[{"embeddable":true,"href":"https:\/\/www.hoymercedes.com.ar\/principal\/wp-json\/wp\/v2\/users\/1"}],"replies":[{"embeddable":true,"href":"https:\/\/www.hoymercedes.com.ar\/principal\/wp-json\/wp\/v2\/comments?post=36038"}],"version-history":[{"count":0,"href":"https:\/\/www.hoymercedes.com.ar\/principal\/wp-json\/wp\/v2\/posts\/36038\/revisions"}],"wp:attachment":[{"href":"https:\/\/www.hoymercedes.com.ar\/principal\/wp-json\/wp\/v2\/media?parent=36038"}],"wp:term":[{"taxonomy":"category","embeddable":true,"href":"https:\/\/www.hoymercedes.com.ar\/principal\/wp-json\/wp\/v2\/categories?post=36038"},{"taxonomy":"post_tag","embeddable":true,"href":"https:\/\/www.hoymercedes.com.ar\/principal\/wp-json\/wp\/v2\/tags?post=36038"}],"curies":[{"name":"wp","href":"https:\/\/api.w.org\/{rel}","templated":true}]}}