{"id":36045,"date":"2014-09-13T21:34:03","date_gmt":"2014-09-14T00:34:03","guid":{"rendered":"http:\/\/www.hoymercedes.com.ar\/principal\/?p=36045"},"modified":"2014-09-15T21:25:06","modified_gmt":"2014-09-16T00:25:06","slug":"wado-de-pedro-fue-parte-junto-a-otros-mercedinos-del-acto-de-la-campora-en-argentinos-juniors","status":"publish","type":"post","link":"https:\/\/www.hoymercedes.com.ar\/principal\/2014\/09\/13\/wado-de-pedro-fue-parte-junto-a-otros-mercedinos-del-acto-de-la-campora-en-argentinos-juniors\/","title":{"rendered":"Wado De Pedro fue parte, junto a otros mercedinos, del acto de La C\u00e1mpora en Argentinos Juniors"},"content":{"rendered":"<p><a href=\"https:\/\/www.hoymercedes.com.ar\/principal\/wp-content\/uploads\/2014\/09\/DePedroWado-ArgentinosJunios.jpg\"><img loading=\"lazy\" decoding=\"async\" data-attachment-id=\"36046\" data-permalink=\"https:\/\/www.hoymercedes.com.ar\/principal\/2014\/09\/13\/wado-de-pedro-fue-parte-junto-a-otros-mercedinos-del-acto-de-la-campora-en-argentinos-juniors\/depedrowado-argentinosjunios\/#main\" data-orig-file=\"https:\/\/www.hoymercedes.com.ar\/principal\/wp-content\/uploads\/2014\/09\/DePedroWado-ArgentinosJunios.jpg\" data-orig-size=\"620,413\" data-comments-opened=\"1\" data-image-meta=\"{&quot;aperture&quot;:&quot;0&quot;,&quot;credit&quot;:&quot;&quot;,&quot;camera&quot;:&quot;&quot;,&quot;caption&quot;:&quot;&quot;,&quot;created_timestamp&quot;:&quot;0&quot;,&quot;copyright&quot;:&quot;&quot;,&quot;focal_length&quot;:&quot;0&quot;,&quot;iso&quot;:&quot;0&quot;,&quot;shutter_speed&quot;:&quot;0&quot;,&quot;title&quot;:&quot;&quot;,&quot;orientation&quot;:&quot;0&quot;}\" data-image-title=\"DePedroWado-ArgentinosJunios\" data-image-description=\"\" data-image-caption=\"\" data-large-file=\"https:\/\/www.hoymercedes.com.ar\/principal\/wp-content\/uploads\/2014\/09\/DePedroWado-ArgentinosJunios.jpg\" class=\"Img2014 aligncenter wp-image-36046 size-full\" src=\"https:\/\/www.hoymercedes.com.ar\/principal\/wp-content\/uploads\/2014\/09\/DePedroWado-ArgentinosJunios.jpg\" alt=\"DePedroWado-ArgentinosJunios\" width=\"620\" height=\"413\" \/><\/a><\/p>\n<p><em><strong>El Diputado Nacional y mercedino Eduardo De Pedro fue parte del encuentro de \u201cLa C\u00e1mpota\u201d en el estadio de Argentinos Juniors en La Paternal en un marco repleto. Tambi\u00e9n participaron otras voluntades juveniles de la ciudad. En el acto se efectu\u00f3 un apoyo al gobierno de Cristina Fern\u00e1ndez de Kirchner.<\/strong><\/em><\/p>\n<p>Eduardo De Pedro fue parte de la primera fila, como es habitual verlo, del acto en Argentinos Juniors que cont\u00f3 con gran marco de asistentes de todo el pa\u00eds, tal como se pod\u00eda ver en las banderas desplegadas.<\/p>\n<p>La gran \u201csorpresa\u201d se dio cuando sobre el escenario apareci\u00f3 M\u00e1ximo Kirchner, hijo de N\u00e9stor y Cristina, y realiz\u00f3 el discurso principal.<\/p>\n<p>Hubo expresiones culturales, videos y locuciones durante toda la jornada.<\/p>\n<p>J\u00f3venes de Casa Joven as\u00ed como del Frente Mercedino fueron parte de la tarde en Capital Federal.<\/p>\n<p><em>\u00abSin ustedes este proyecto no hubiera sido posible. Tengan fe, tengan ganas, no caigan en las provocaciones y den el debate en la sociedad con amor, alegr\u00eda y convicciones, para que sigamos en esta caminata eterna que es perseguir los sue\u00f1os, aunque parezcan imposibles\u00bb<\/em>. sostuvo M\u00e1ximo Kirchner en el acto.<\/p>\n<p><span style=\"color: #808080;\">\u00a0Foto: Telam<\/span><\/p>\n<p>&nbsp;<\/p>\n<p>&nbsp;<\/p>\n","protected":false},"excerpt":{"rendered":"<p>El Diputado Nacional y mercedino Eduardo De Pedro fue parte del encuentro de \u201cLa C\u00e1mpota\u201d en el estadio de Argentinos &#8230; <a title=\"Wado De Pedro fue parte, junto a otros mercedinos, del acto de La C\u00e1mpora en Argentinos Juniors\" class=\"read-more\" href=\"https:\/\/www.hoymercedes.com.ar\/principal\/2014\/09\/13\/wado-de-pedro-fue-parte-junto-a-otros-mercedinos-del-acto-de-la-campora-en-argentinos-juniors\/\" aria-label=\"Leer m\u00e1s sobre Wado De Pedro fue parte, junto a otros mercedinos, del acto de La C\u00e1mpora en Argentinos Juniors\">Leer m\u00e1s<\/a><\/p>\n","protected":false},"author":1,"featured_media":0,"comment_status":"open","ping_status":"open","sticky":false,"template":"","format":"standard","meta":{"_monsterinsights_skip_tracking":false,"_monsterinsights_sitenote_active":false,"_monsterinsights_sitenote_note":"","_monsterinsights_sitenote_category":0,"jetpack_post_was_ever_published":false,"_jetpack_newsletter_access":"","_jetpack_dont_email_post_to_subs":false,"_jetpack_newsletter_tier_id":0,"_jetpack_memberships_contains_paywalled_content":false,"_jetpack_memberships_contains_paid_content":false,"footnotes":"","jetpack_publicize_message":"","jetpack_publicize_feature_enabled":true,"jetpack_social_post_already_shared":false,"jetpack_social_options":{"image_generator_settings":{"template":"highway","default_image_id":0,"font":"","enabled":false},"version":2},"_wpas_customize_per_network":false},"categories":[5],"tags":[542,281],"class_list":["post-36045","post","type-post","status-publish","format-standard","hentry","category-politica","tag-la-campora-mercedes","tag-wado-de-pedro","generate-columns","tablet-grid-50","mobile-grid-100","grid-parent","grid-50"],"jetpack_publicize_connections":[],"jetpack_featured_media_url":"","wps_subtitle":"Acto pol\u00edtico","jetpack_sharing_enabled":true,"_links":{"self":[{"href":"https:\/\/www.hoymercedes.com.ar\/principal\/wp-json\/wp\/v2\/posts\/36045","targetHints":{"allow":["GET"]}}],"collection":[{"href":"https:\/\/www.hoymercedes.com.ar\/principal\/wp-json\/wp\/v2\/posts"}],"about":[{"href":"https:\/\/www.hoymercedes.com.ar\/principal\/wp-json\/wp\/v2\/types\/post"}],"author":[{"embeddable":true,"href":"https:\/\/www.hoymercedes.com.ar\/principal\/wp-json\/wp\/v2\/users\/1"}],"replies":[{"embeddable":true,"href":"https:\/\/www.hoymercedes.com.ar\/principal\/wp-json\/wp\/v2\/comments?post=36045"}],"version-history":[{"count":0,"href":"https:\/\/www.hoymercedes.com.ar\/principal\/wp-json\/wp\/v2\/posts\/36045\/revisions"}],"wp:attachment":[{"href":"https:\/\/www.hoymercedes.com.ar\/principal\/wp-json\/wp\/v2\/media?parent=36045"}],"wp:term":[{"taxonomy":"category","embeddable":true,"href":"https:\/\/www.hoymercedes.com.ar\/principal\/wp-json\/wp\/v2\/categories?post=36045"},{"taxonomy":"post_tag","embeddable":true,"href":"https:\/\/www.hoymercedes.com.ar\/principal\/wp-json\/wp\/v2\/tags?post=36045"}],"curies":[{"name":"wp","href":"https:\/\/api.w.org\/{rel}","templated":true}]}}