{"id":36057,"date":"2014-09-15T00:40:00","date_gmt":"2014-09-15T03:40:00","guid":{"rendered":"http:\/\/www.hoymercedes.com.ar\/principal\/?p=36057"},"modified":"2014-09-15T00:40:45","modified_gmt":"2014-09-15T03:40:45","slug":"grupo-descartes-avanza-la-organizacion-local-de-la-mano-femenina","status":"publish","type":"post","link":"https:\/\/www.hoymercedes.com.ar\/principal\/2014\/09\/15\/grupo-descartes-avanza-la-organizacion-local-de-la-mano-femenina\/","title":{"rendered":"Grupo Descartes: avanza la organizaci\u00f3n local de la mano femenina"},"content":{"rendered":"<p><a href=\"https:\/\/www.hoymercedes.com.ar\/principal\/wp-content\/uploads\/2014\/09\/GrupoDescartes-Mercedes-II.jpg\"><img loading=\"lazy\" decoding=\"async\" data-attachment-id=\"36059\" data-permalink=\"https:\/\/www.hoymercedes.com.ar\/principal\/2014\/09\/15\/grupo-descartes-avanza-la-organizacion-local-de-la-mano-femenina\/grupodescartes-mercedes-ii\/#main\" data-orig-file=\"https:\/\/www.hoymercedes.com.ar\/principal\/wp-content\/uploads\/2014\/09\/GrupoDescartes-Mercedes-II.jpg\" data-orig-size=\"620,465\" data-comments-opened=\"1\" data-image-meta=\"{&quot;aperture&quot;:&quot;0&quot;,&quot;credit&quot;:&quot;&quot;,&quot;camera&quot;:&quot;&quot;,&quot;caption&quot;:&quot;&quot;,&quot;created_timestamp&quot;:&quot;0&quot;,&quot;copyright&quot;:&quot;&quot;,&quot;focal_length&quot;:&quot;0&quot;,&quot;iso&quot;:&quot;0&quot;,&quot;shutter_speed&quot;:&quot;0&quot;,&quot;title&quot;:&quot;&quot;,&quot;orientation&quot;:&quot;0&quot;}\" data-image-title=\"GrupoDescartes-Mercedes-II\" data-image-description=\"\" data-image-caption=\"\" data-large-file=\"https:\/\/www.hoymercedes.com.ar\/principal\/wp-content\/uploads\/2014\/09\/GrupoDescartes-Mercedes-II.jpg\" class=\"Img2014 aligncenter wp-image-36059 size-full\" src=\"https:\/\/www.hoymercedes.com.ar\/principal\/wp-content\/uploads\/2014\/09\/GrupoDescartes-Mercedes-II.jpg\" alt=\"GrupoDescartes-Mercedes-II\" width=\"620\" height=\"465\" \/><\/a><\/p>\n<p><strong><em>Por Semanario D\u00e9cadas &#8211; En Mercedes un grupo de mujeres se encuentra trabajando en torno a la candidatura presidencial de Daniel Scioli dentro del espacio provincial \u201cDescartes\u201d. Ellas hablaron de todo: Scioli, Selva, Ustarroz y las necesidades de la poblaci\u00f3n. Construyen su lugar en un especio dif\u00edcil.<\/em><\/strong><\/p>\n<p>En una entrevista con Semanario D\u00e9cadas nos contaron un poco m\u00e1s de los proyectos que est\u00e1n acompa\u00f1ando, desde Mercedes, y mirando la Naci\u00f3n y la Provincia: <em>\u201csomos un agrupaci\u00f3n netamente pol\u00edtica y peronista. Estamos trabajando, conformando \u00e9ste grupo, en los barrios, en las escuelas. Lo hacemos directamente pensando y por Daniel Scioli a nivel provincial y con las miras de que arribe a la conducci\u00f3n nacional, que sea presidente\u201d<\/em> dejando clara la posici\u00f3n de acompa\u00f1ar al gobernador bonaerense expresaron que: <em>\u201cen Mercedes no estamos con nadie a\u00fan, habr\u00e1 internas, debates, pero, nosotras no somos parte, pensamos en que Daniel Scioli arribe al \u00e1mbito nacional, para ello trabajamos. Lo local, por ahora, no es un tema nuestro.\u201d <\/em>Entre las mercedinas que recibieron a nuestro medio estaban Alejandra Santana, Mar\u00eda Graciela Decilic, Bel\u00e9n Barrionuevo, Yanina Fereira, Pola Barragan y Vichi D\u00edaz.<\/p>\n<p>Hay un rumor que ir\u00edan con Perazzo:<em> \u201cNo, no hay nada decidido, no trabajamos para ninguna ac\u00e1, cuando se decida en las internas veremos, o a nivel jer\u00e1rquico, s\u00f3lo trabajamos con Daniel Scioli y arriba con el referente del Grupo Descartes que es el Ministro de Trabajo Cuartango y netamente para Scioli, luego veremos qu\u00e9 determinan las pasos\u201d<\/em><\/p>\n<p>&nbsp;<\/p>\n<p>Las chicas, que dialogan, expresan en vos alta lo que piensan sin miramientos dejaron en claro que: <em>\u201cestamos trabajando en los barrios, como el s\u00e1bado, acompa\u00f1ando en las escuelas, los jardines, somos una agrupaci\u00f3n femenina por ahora, porque tenemos muy claro las necesidades que existen en todos los \u00e1mbitos. Ac\u00e1 acompa\u00f1amos a Alejandra Santana y cada vez se suman m\u00e1s\u201d, <\/em>remarc\u00f3 una de las mujeres que participaba de la reuni\u00f3n de trabajo.<\/p>\n<p>Consultadas sobre c\u00f3mo empez\u00f3 todo mencion\u00f3 Alejandra Santana: <em>\u201cyo siempre estuve vinculada al \u00e1rea del trabajo, por mi rol en el sindicato, y es por eso que tras conversaciones varias nos reunimos en La Plata con la Directora de Violencia de G\u00e9nero y me proponen trabajar con ellos, pas\u00f3 el tiempo hasta que hace cerca de tres meses volvimos a juntarnos con el grupo del Ministro Cuartango y decidimos empezar \u00e9sta agrupaci\u00f3n en Mercedes. Ya ten\u00eda las relaciones, pero, por el momento seguimos construyendo y estamos proyectando un local con alg\u00fan punto de encuentro\u201d,<\/em> remarc\u00f3 la dirigente de Descartes y ex presidenta de la Federaci\u00f3n de Sociedades de Fomento. <em>\u201cempec\u00e9 a trabajar en 2002 con N\u00e9stor Kirchner y Scioli y ahora continuamos con el gobernador, as\u00ed que no es nueva la relaci\u00f3n\u201d,<\/em> afirm\u00f3<img loading=\"lazy\" decoding=\"async\" data-attachment-id=\"36058\" data-permalink=\"https:\/\/www.hoymercedes.com.ar\/principal\/2014\/09\/15\/grupo-descartes-avanza-la-organizacion-local-de-la-mano-femenina\/grupodescartes-mercedes\/#main\" data-orig-file=\"https:\/\/www.hoymercedes.com.ar\/principal\/wp-content\/uploads\/2014\/09\/GrupoDescartes-Mercedes.jpg\" data-orig-size=\"620,465\" data-comments-opened=\"1\" data-image-meta=\"{&quot;aperture&quot;:&quot;0&quot;,&quot;credit&quot;:&quot;&quot;,&quot;camera&quot;:&quot;&quot;,&quot;caption&quot;:&quot;&quot;,&quot;created_timestamp&quot;:&quot;0&quot;,&quot;copyright&quot;:&quot;&quot;,&quot;focal_length&quot;:&quot;0&quot;,&quot;iso&quot;:&quot;0&quot;,&quot;shutter_speed&quot;:&quot;0&quot;,&quot;title&quot;:&quot;&quot;,&quot;orientation&quot;:&quot;0&quot;}\" data-image-title=\"GrupoDescartes-Mercedes\" data-image-description=\"\" data-image-caption=\"\" data-large-file=\"https:\/\/www.hoymercedes.com.ar\/principal\/wp-content\/uploads\/2014\/09\/GrupoDescartes-Mercedes.jpg\" class=\"Img2014 aligncenter wp-image-36058 size-full\" src=\"https:\/\/www.hoymercedes.com.ar\/principal\/wp-content\/uploads\/2014\/09\/GrupoDescartes-Mercedes.jpg\" alt=\"GrupoDescartes-Mercedes\" width=\"620\" height=\"465\" \/><\/p>\n<p><strong>Ustarroz <\/strong><\/p>\n<p>Aclararon que no est\u00e1n definitivamente con dichas fuerz, m\u00e1s all\u00e1 de que<em>: \u201chemos hecho algo, alguna charla, pero nada importante, si reconozco que milit\u00e9 mucho para Selva, con N\u00e9stor como referente nacional, luego me alej\u00e9. Hoy estamos en Descartes buscando sumar y pensando en Scioli 2015, sin otra bandera que la social, que la de la sociedad y la del actual gobernador. Nosotros hasta marzo no encaminamos las fuerzas en otra cuesti\u00f3n que no sea la del Gobernador, su forma de trabajo, sus lineamientos\u201d r<\/em>emarcaron que: <em>\u201cnosotros trabajamos a nivel provincia, Ustarroz trabaja para su candidatura, el Frente Renovador para Selva o quien se presente\u201d<\/em><\/p>\n<p><strong>A\u00f1o dif\u00edcil<\/strong><\/p>\n<p><em>\u201cSabemos que se viene un a\u00f1o dif\u00edcil. Tenemos claro que Sicoli es nuestro candidato. Las fuerzas tradicionales locales siguen haciendo su juego, nosotros, por ahora, estamos preocupados por apoyar a las personas, a los barrios. Somos cerca de 20 mujeres, con idas y vueltas, vecinos que se acercan, miran, averiguan, van y vienen, pero tenemos un lindo n\u00facleo de trabajo estable.\u201d <\/em>Sostuvieron.<\/p>\n<p>A su vez dejaron en claro que a diferencia de otras fuerzas: <em>\u201cnosotros no regalamos nada, s\u00f3lo vamos con la palabra, mucho esfuerzo, o bien gestionamos algo a nivel provincial. Tenemos en mercedes cinco programas provinciales. Buscamos asegurarnos todo est\u00e9 en marcha con la gente. Hace poco hicimos una charla en la C\u00e1mara Econ\u00f3mica, ahora buscaremos implementar programas, pero, no regalamos nada, como hacen otros\u201d. <\/em>Remarcaron como un punto de distanciamiento.<\/p>\n<p><strong>Mercedes<\/strong><\/p>\n<p><em>\u201cAc\u00e1 lo que est\u00e1 faltando es fuentes de trabajo para los j\u00f3venes. Creemos debemos apuntalar ese tema, as\u00ed como la ayuda social. Caminamos todos los barrios, todas las semanas lo hacemos. Las personas nos dicen, ac\u00e1 o all\u00e1 no nos atendieron, nos falta tal o cual cosa, nosotros deseamos cambios, todo cuesta mucho.\u201d<\/em> Otra referente manifest\u00f3: <em>\u201cac\u00e1 se juega mucho con la gente, las hacen esperar especulando con las elecciones. Las personas tienen necesidades y no siempre las atienden.\u201d<\/em><\/p>\n<p>Una de las mujeres del grupo comentaba la importancia del di\u00e1logo: <em>\u201ccada vez que lleg\u00e1s a una casa la gente tiene ganas de hablar, de contarte sus vivencias, su realidad, el hecho de acercarte ya es importante.\u201d<\/em><\/p>\n<p>Una joven de 19 a\u00f1os expres\u00f3: <em>\u201cnunca hice pol\u00edtica, me gust\u00f3 la propuesta, el hecho de trabajar con la gente, hacer cosas, no promesas, sino ver que se concrete\u201d.<\/em><\/p>\n<p><strong>Candidata<\/strong><\/p>\n<p>Santana descart\u00f3 por completo ser candidata a algo: <em>\u201cno, hace mucho estoy en esto, pero no, te cuesta mucho, te dicen lo que ten\u00e9s que hacer y no, hoy se maneja un c\u00f3digo que no, est\u00e1n de partido en partido, yo tengo una convicci\u00f3n y lo har\u00e9 como tal, en pol\u00edtica no siempre se puede. Hoy trabajamos para Descartes rama mujeres y es nuestra convicci\u00f3n, no la apetencia de la candidatura personal. La idea m\u00eda es construir una pol\u00edtica diferente\u201d<\/em><\/p>\n<p><strong>Oficial<\/strong><\/p>\n<p>Las chicas han ya participado de m\u00faltiples encuentros de Descartes en apoyo a Daniel Scioli. Lo han hecho en La Plata, Capital y por supuesto en nuestra localidad, como recientemente se vivi\u00f3 en la visita en la inauguraci\u00f3n del servicio zonal regional donde las chicas fueron claras animadoras pol\u00edticas del gobernador Scioli.<\/p>\n<p>&nbsp;<\/p>\n<p>&nbsp;<\/p>\n<p>&nbsp;<\/p>\n","protected":false},"excerpt":{"rendered":"<p>Por Semanario D\u00e9cadas &#8211; En Mercedes un grupo de mujeres se encuentra trabajando en torno a la candidatura presidencial de &#8230; <a title=\"Grupo Descartes: avanza la organizaci\u00f3n local de la mano femenina\" class=\"read-more\" href=\"https:\/\/www.hoymercedes.com.ar\/principal\/2014\/09\/15\/grupo-descartes-avanza-la-organizacion-local-de-la-mano-femenina\/\" aria-label=\"Leer m\u00e1s sobre Grupo Descartes: avanza la organizaci\u00f3n local de la mano femenina\">Leer m\u00e1s<\/a><\/p>\n","protected":false},"author":1,"featured_media":0,"comment_status":"open","ping_status":"open","sticky":false,"template":"","format":"standard","meta":{"_monsterinsights_skip_tracking":false,"_monsterinsights_sitenote_active":false,"_monsterinsights_sitenote_note":"","_monsterinsights_sitenote_category":0,"jetpack_post_was_ever_published":false,"_jetpack_newsletter_access":"","_jetpack_dont_email_post_to_subs":false,"_jetpack_newsletter_tier_id":0,"_jetpack_memberships_contains_paywalled_content":false,"_jetpack_memberships_contains_paid_content":false,"footnotes":"","jetpack_publicize_message":"","jetpack_publicize_feature_enabled":true,"jetpack_social_post_already_shared":false,"jetpack_social_options":{"image_generator_settings":{"template":"highway","default_image_id":0,"font":"","enabled":false},"version":2},"_wpas_customize_per_network":false},"categories":[5],"tags":[1805,6012],"class_list":["post-36057","post","type-post","status-publish","format-standard","hentry","category-politica","tag-alejandra-santana","tag-grupo-descartes-mercedes","generate-columns","tablet-grid-50","mobile-grid-100","grid-parent","grid-50"],"jetpack_publicize_connections":[],"jetpack_featured_media_url":"","wps_subtitle":"Pensando en Scioli 2014","jetpack_sharing_enabled":true,"_links":{"self":[{"href":"https:\/\/www.hoymercedes.com.ar\/principal\/wp-json\/wp\/v2\/posts\/36057","targetHints":{"allow":["GET"]}}],"collection":[{"href":"https:\/\/www.hoymercedes.com.ar\/principal\/wp-json\/wp\/v2\/posts"}],"about":[{"href":"https:\/\/www.hoymercedes.com.ar\/principal\/wp-json\/wp\/v2\/types\/post"}],"author":[{"embeddable":true,"href":"https:\/\/www.hoymercedes.com.ar\/principal\/wp-json\/wp\/v2\/users\/1"}],"replies":[{"embeddable":true,"href":"https:\/\/www.hoymercedes.com.ar\/principal\/wp-json\/wp\/v2\/comments?post=36057"}],"version-history":[{"count":0,"href":"https:\/\/www.hoymercedes.com.ar\/principal\/wp-json\/wp\/v2\/posts\/36057\/revisions"}],"wp:attachment":[{"href":"https:\/\/www.hoymercedes.com.ar\/principal\/wp-json\/wp\/v2\/media?parent=36057"}],"wp:term":[{"taxonomy":"category","embeddable":true,"href":"https:\/\/www.hoymercedes.com.ar\/principal\/wp-json\/wp\/v2\/categories?post=36057"},{"taxonomy":"post_tag","embeddable":true,"href":"https:\/\/www.hoymercedes.com.ar\/principal\/wp-json\/wp\/v2\/tags?post=36057"}],"curies":[{"name":"wp","href":"https:\/\/api.w.org\/{rel}","templated":true}]}}