{"id":36070,"date":"2014-09-15T11:38:06","date_gmt":"2014-09-15T14:38:06","guid":{"rendered":"http:\/\/www.hoymercedes.com.ar\/principal\/?p=36070"},"modified":"2014-09-15T12:24:21","modified_gmt":"2014-09-15T15:24:21","slug":"fuerte-choque-contra-un-comercio-terminando-vehiculo-dentro-del-mismo","status":"publish","type":"post","link":"https:\/\/www.hoymercedes.com.ar\/principal\/2014\/09\/15\/fuerte-choque-contra-un-comercio-terminando-vehiculo-dentro-del-mismo\/","title":{"rendered":"Fuerte choque contra un comercio terminando veh\u00edculo dentro del mismo"},"content":{"rendered":"<p><strong>&#8211; Por Sebasti\u00e1n Casanova &#8211;<\/strong><\/p>\n<p><a href=\"https:\/\/www.hoymercedes.com.ar\/principal\/wp-content\/uploads\/2014\/09\/Accidente.14.09.2014-I.jpg\"><br \/>\n<img loading=\"lazy\" decoding=\"async\" data-attachment-id=\"36071\" data-permalink=\"https:\/\/www.hoymercedes.com.ar\/principal\/2014\/09\/15\/fuerte-choque-contra-un-comercio-terminando-vehiculo-dentro-del-mismo\/accidente-14-09-2014-i\/#main\" data-orig-file=\"https:\/\/www.hoymercedes.com.ar\/principal\/wp-content\/uploads\/2014\/09\/Accidente.14.09.2014-I.jpg\" data-orig-size=\"960,539\" data-comments-opened=\"1\" data-image-meta=\"{&quot;aperture&quot;:&quot;0&quot;,&quot;credit&quot;:&quot;&quot;,&quot;camera&quot;:&quot;&quot;,&quot;caption&quot;:&quot;&quot;,&quot;created_timestamp&quot;:&quot;0&quot;,&quot;copyright&quot;:&quot;&quot;,&quot;focal_length&quot;:&quot;0&quot;,&quot;iso&quot;:&quot;0&quot;,&quot;shutter_speed&quot;:&quot;0&quot;,&quot;title&quot;:&quot;&quot;,&quot;orientation&quot;:&quot;0&quot;}\" data-image-title=\"Accidente.14.09.2014-I\" data-image-description=\"\" data-image-caption=\"\" data-large-file=\"https:\/\/www.hoymercedes.com.ar\/principal\/wp-content\/uploads\/2014\/09\/Accidente.14.09.2014-I.jpg\" class=\"Img2014 aligncenter wp-image-36071 size-medium\" src=\"https:\/\/www.hoymercedes.com.ar\/principal\/wp-content\/uploads\/2014\/09\/Accidente.14.09.2014-I-630x353.jpg\" alt=\"Accidente.14.09.2014-I\" width=\"630\" height=\"353\" srcset=\"https:\/\/www.hoymercedes.com.ar\/principal\/wp-content\/uploads\/2014\/09\/Accidente.14.09.2014-I-630x353.jpg 630w, https:\/\/www.hoymercedes.com.ar\/principal\/wp-content\/uploads\/2014\/09\/Accidente.14.09.2014-I.jpg 960w\" sizes=\"auto, (max-width: 630px) 100vw, 630px\" \/><\/a><\/p>\n<p><em><strong>Un fuerte impacto que podr\u00eda haber sido grave se vivi\u00f3 cuando una camioneta choc\u00f3 contra un local comercial. \u00a0Fue en calle 12 y 39. El veh\u00edculo se meti\u00f3 dentro de \u00abTienda Mimi\u00bb, tras subir la vereda, romper la persiana met\u00e1lica y parte del frente de material. Las impactantes im\u00e1genes denotan la velocidad en que se produjo.<\/strong><\/em><\/p>\n<p>El accidente lo protagoniz\u00f3 un joven domiciliado en calle 8 entre 53 y 55, narraron testigos, manejando una camioneta que no logr\u00f3 controlar.<\/p>\n<p>El conductor termin\u00f3 con atenciones m\u00e9dicas en el nosocomio local, para m\u00e1s tarde, ser llevado a la comisaria local donde se inici\u00f3 el proceso judicial que ahora lo involucra por el acontecimiento.<\/p>\n<p><img loading=\"lazy\" decoding=\"async\" data-attachment-id=\"36072\" data-permalink=\"https:\/\/www.hoymercedes.com.ar\/principal\/2014\/09\/15\/fuerte-choque-contra-un-comercio-terminando-vehiculo-dentro-del-mismo\/accidente-14-09-2014-ii\/#main\" data-orig-file=\"https:\/\/www.hoymercedes.com.ar\/principal\/wp-content\/uploads\/2014\/09\/Accidente.14.09.2014-II.jpg\" data-orig-size=\"620,348\" data-comments-opened=\"1\" data-image-meta=\"{&quot;aperture&quot;:&quot;0&quot;,&quot;credit&quot;:&quot;&quot;,&quot;camera&quot;:&quot;&quot;,&quot;caption&quot;:&quot;&quot;,&quot;created_timestamp&quot;:&quot;0&quot;,&quot;copyright&quot;:&quot;&quot;,&quot;focal_length&quot;:&quot;0&quot;,&quot;iso&quot;:&quot;0&quot;,&quot;shutter_speed&quot;:&quot;0&quot;,&quot;title&quot;:&quot;&quot;,&quot;orientation&quot;:&quot;0&quot;}\" data-image-title=\"Accidente.14.09.2014-II}\" data-image-description=\"\" data-image-caption=\"\" data-large-file=\"https:\/\/www.hoymercedes.com.ar\/principal\/wp-content\/uploads\/2014\/09\/Accidente.14.09.2014-II.jpg\" class=\"Img2014 aligncenter wp-image-36072 size-full\" src=\"https:\/\/www.hoymercedes.com.ar\/principal\/wp-content\/uploads\/2014\/09\/Accidente.14.09.2014-II.jpg\" alt=\"Accidente.14.09.2014-II}\" width=\"620\" height=\"348\" \/><\/p>\n<p>Tambi\u00e9n gener\u00f3 da\u00f1o en la pared del kiosco lindero producto del fuerte impacto.<\/p>\n<p>Allegados a la tienda remarcaban que pudo haber sido una tragedia de haber estado abierta, as\u00ed como si justo en ese momento pasaba alguien por el lugar.<\/p>\n<p>El acontecimiento se produjo durante la madrugada del domingo.<\/p>\n<p><span style=\"color: #808080;\">Fotos: Sebastian Casanova<\/span><\/p>\n<p><a href=\"https:\/\/twitter.com\/CasanovaSebas\" target=\"_blank\" rel=\"noopener\">@CasanovaSebas<\/a><\/p>\n<p>&nbsp;<\/p>\n<p>&nbsp;<\/p>\n<p>&nbsp;<\/p>\n<p>&nbsp;<\/p>\n","protected":false},"excerpt":{"rendered":"<p>&#8211; Por Sebasti\u00e1n Casanova &#8211; Un fuerte impacto que podr\u00eda haber sido grave se vivi\u00f3 cuando una camioneta choc\u00f3 contra &#8230; <a title=\"Fuerte choque contra un comercio terminando veh\u00edculo dentro del mismo\" class=\"read-more\" href=\"https:\/\/www.hoymercedes.com.ar\/principal\/2014\/09\/15\/fuerte-choque-contra-un-comercio-terminando-vehiculo-dentro-del-mismo\/\" aria-label=\"Leer m\u00e1s sobre Fuerte choque contra un comercio terminando veh\u00edculo dentro del mismo\">Leer m\u00e1s<\/a><\/p>\n","protected":false},"author":1,"featured_media":0,"comment_status":"open","ping_status":"open","sticky":false,"template":"","format":"standard","meta":{"_monsterinsights_skip_tracking":false,"_monsterinsights_sitenote_active":false,"_monsterinsights_sitenote_note":"","_monsterinsights_sitenote_category":0,"jetpack_post_was_ever_published":false,"_jetpack_newsletter_access":"","_jetpack_dont_email_post_to_subs":false,"_jetpack_newsletter_tier_id":0,"_jetpack_memberships_contains_paywalled_content":false,"_jetpack_memberships_contains_paid_content":false,"footnotes":"","jetpack_publicize_message":"","jetpack_publicize_feature_enabled":true,"jetpack_social_post_already_shared":false,"jetpack_social_options":{"image_generator_settings":{"template":"highway","default_image_id":0,"font":"","enabled":false},"version":2},"_wpas_customize_per_network":false},"categories":[85],"tags":[6014,6015],"class_list":["post-36070","post","type-post","status-publish","format-standard","hentry","category-policial","tag-choque-mercedes","tag-se-metio-dentro-del-comercio","generate-columns","tablet-grid-50","mobile-grid-100","grid-parent","grid-50"],"jetpack_publicize_connections":[],"jetpack_featured_media_url":"","wps_subtitle":"Pudo ser una tragedia","jetpack_sharing_enabled":true,"_links":{"self":[{"href":"https:\/\/www.hoymercedes.com.ar\/principal\/wp-json\/wp\/v2\/posts\/36070","targetHints":{"allow":["GET"]}}],"collection":[{"href":"https:\/\/www.hoymercedes.com.ar\/principal\/wp-json\/wp\/v2\/posts"}],"about":[{"href":"https:\/\/www.hoymercedes.com.ar\/principal\/wp-json\/wp\/v2\/types\/post"}],"author":[{"embeddable":true,"href":"https:\/\/www.hoymercedes.com.ar\/principal\/wp-json\/wp\/v2\/users\/1"}],"replies":[{"embeddable":true,"href":"https:\/\/www.hoymercedes.com.ar\/principal\/wp-json\/wp\/v2\/comments?post=36070"}],"version-history":[{"count":0,"href":"https:\/\/www.hoymercedes.com.ar\/principal\/wp-json\/wp\/v2\/posts\/36070\/revisions"}],"wp:attachment":[{"href":"https:\/\/www.hoymercedes.com.ar\/principal\/wp-json\/wp\/v2\/media?parent=36070"}],"wp:term":[{"taxonomy":"category","embeddable":true,"href":"https:\/\/www.hoymercedes.com.ar\/principal\/wp-json\/wp\/v2\/categories?post=36070"},{"taxonomy":"post_tag","embeddable":true,"href":"https:\/\/www.hoymercedes.com.ar\/principal\/wp-json\/wp\/v2\/tags?post=36070"}],"curies":[{"name":"wp","href":"https:\/\/api.w.org\/{rel}","templated":true}]}}