{"id":36079,"date":"2014-09-15T20:42:17","date_gmt":"2014-09-15T23:42:17","guid":{"rendered":"http:\/\/www.hoymercedes.com.ar\/principal\/?p=36079"},"modified":"2014-09-23T10:15:30","modified_gmt":"2014-09-23T13:15:30","slug":"union-de-usuarios-viales-y-tecpremer-realizaron-campana-educativa-en-fiesta-del-salame","status":"publish","type":"post","link":"https:\/\/www.hoymercedes.com.ar\/principal\/2014\/09\/15\/union-de-usuarios-viales-y-tecpremer-realizaron-campana-educativa-en-fiesta-del-salame\/","title":{"rendered":"Uni\u00f3n de Usuarios Viales y TecPreMer realizaron campa\u00f1a educativa en Fiesta del Salame"},"content":{"rendered":"<p><a href=\"https:\/\/www.hoymercedes.com.ar\/principal\/wp-content\/uploads\/2014\/09\/UUV-FS-I.jpg\"><img loading=\"lazy\" decoding=\"async\" data-attachment-id=\"36080\" data-permalink=\"https:\/\/www.hoymercedes.com.ar\/principal\/2014\/09\/15\/union-de-usuarios-viales-y-tecpremer-realizaron-campana-educativa-en-fiesta-del-salame\/uuv-fs-i\/#main\" data-orig-file=\"https:\/\/www.hoymercedes.com.ar\/principal\/wp-content\/uploads\/2014\/09\/UUV-FS-I.jpg\" data-orig-size=\"620,463\" data-comments-opened=\"1\" data-image-meta=\"{&quot;aperture&quot;:&quot;0&quot;,&quot;credit&quot;:&quot;&quot;,&quot;camera&quot;:&quot;&quot;,&quot;caption&quot;:&quot;&quot;,&quot;created_timestamp&quot;:&quot;0&quot;,&quot;copyright&quot;:&quot;&quot;,&quot;focal_length&quot;:&quot;0&quot;,&quot;iso&quot;:&quot;0&quot;,&quot;shutter_speed&quot;:&quot;0&quot;,&quot;title&quot;:&quot;&quot;,&quot;orientation&quot;:&quot;0&quot;}\" data-image-title=\"UUV-FS-I\" data-image-description=\"\" data-image-caption=\"\" data-large-file=\"https:\/\/www.hoymercedes.com.ar\/principal\/wp-content\/uploads\/2014\/09\/UUV-FS-I.jpg\" class=\"Img2014 aligncenter wp-image-36080 size-full\" src=\"https:\/\/www.hoymercedes.com.ar\/principal\/wp-content\/uploads\/2014\/09\/UUV-FS-I.jpg\" alt=\"UUV-FS-I\" width=\"620\" height=\"463\" \/><\/a><\/p>\n<p><em><strong>Durante la \u00faltima Fiesta Nacional del Salame la Uni\u00f3n de Usuarios Viales desarroll\u00f3 una importante campa\u00f1a de prevenci\u00f3n y concientizaci\u00f3n en post de continuar los procesos de educaci\u00f3n ciudadana del cuidado de la vida humana a la hora de emprender un viaje.\u00a0<\/strong><\/em><\/p>\n<p>Durante los tres d\u00edas que dur\u00f3 la fiesta integrantes de la Uni\u00f3n de Usuarios Viales de diferentes puntos de la regi\u00f3n y, por supuesto, Mercedes, estuvieron entregando folleter\u00eda, proyectando un video educativo y dialogando con los turistas y vecinos de nuestra comuna.\u00a0<a href=\"https:\/\/www.hoymercedes.com.ar\/principal\/wp-content\/uploads\/2014\/09\/UUV-FS-II.jpg\"><img loading=\"lazy\" decoding=\"async\" data-attachment-id=\"36081\" data-permalink=\"https:\/\/www.hoymercedes.com.ar\/principal\/2014\/09\/15\/union-de-usuarios-viales-y-tecpremer-realizaron-campana-educativa-en-fiesta-del-salame\/uuv-fs-ii\/#main\" data-orig-file=\"https:\/\/www.hoymercedes.com.ar\/principal\/wp-content\/uploads\/2014\/09\/UUV-FS-II.jpg\" data-orig-size=\"620,463\" data-comments-opened=\"1\" data-image-meta=\"{&quot;aperture&quot;:&quot;0&quot;,&quot;credit&quot;:&quot;&quot;,&quot;camera&quot;:&quot;&quot;,&quot;caption&quot;:&quot;&quot;,&quot;created_timestamp&quot;:&quot;0&quot;,&quot;copyright&quot;:&quot;&quot;,&quot;focal_length&quot;:&quot;0&quot;,&quot;iso&quot;:&quot;0&quot;,&quot;shutter_speed&quot;:&quot;0&quot;,&quot;title&quot;:&quot;&quot;,&quot;orientation&quot;:&quot;0&quot;}\" data-image-title=\"UUV-FS-II\" data-image-description=\"\" data-image-caption=\"\" data-large-file=\"https:\/\/www.hoymercedes.com.ar\/principal\/wp-content\/uploads\/2014\/09\/UUV-FS-II.jpg\" class=\"Img2014 aligncenter wp-image-36081 size-full\" src=\"https:\/\/www.hoymercedes.com.ar\/principal\/wp-content\/uploads\/2014\/09\/UUV-FS-II.jpg\" alt=\"UUV-FS-II\" width=\"620\" height=\"463\" \/><\/a><\/p>\n<p>La organizaci\u00f3n de stand en el puesto de las instituciones estuvo a cargo de mercedinos y vecinos de San Antonio de Areco y la Asociaci\u00f3n Civil TecPreMer que fue parte de la actividad.<\/p>\n<p>Informaron sobre legilslaci\u00f3n, la ley promitt, las actuaciones en diferentes espacios estatales, las movilizaciones y la importancia de respetar las reglas de tr\u00e1nsito para salvaguardar la vida propia como de terceros.<br \/>\n<img loading=\"lazy\" decoding=\"async\" data-attachment-id=\"36082\" data-permalink=\"https:\/\/www.hoymercedes.com.ar\/principal\/2014\/09\/15\/union-de-usuarios-viales-y-tecpremer-realizaron-campana-educativa-en-fiesta-del-salame\/uuv-fs-iii\/#main\" data-orig-file=\"https:\/\/www.hoymercedes.com.ar\/principal\/wp-content\/uploads\/2014\/09\/UUV-FS-III.jpg\" data-orig-size=\"620,463\" data-comments-opened=\"1\" data-image-meta=\"{&quot;aperture&quot;:&quot;0&quot;,&quot;credit&quot;:&quot;&quot;,&quot;camera&quot;:&quot;&quot;,&quot;caption&quot;:&quot;&quot;,&quot;created_timestamp&quot;:&quot;0&quot;,&quot;copyright&quot;:&quot;&quot;,&quot;focal_length&quot;:&quot;0&quot;,&quot;iso&quot;:&quot;0&quot;,&quot;shutter_speed&quot;:&quot;0&quot;,&quot;title&quot;:&quot;&quot;,&quot;orientation&quot;:&quot;0&quot;}\" data-image-title=\"UUV-FS-III\" data-image-description=\"\" data-image-caption=\"\" data-large-file=\"https:\/\/www.hoymercedes.com.ar\/principal\/wp-content\/uploads\/2014\/09\/UUV-FS-III.jpg\" class=\"Img2014 aligncenter wp-image-36082 size-thumbnail\" src=\"https:\/\/www.hoymercedes.com.ar\/principal\/wp-content\/uploads\/2014\/09\/UUV-FS-III-150x150.jpg\" alt=\"UUV-FS-III\" width=\"150\" height=\"150\" srcset=\"https:\/\/www.hoymercedes.com.ar\/principal\/wp-content\/uploads\/2014\/09\/UUV-FS-III-150x150.jpg 150w, https:\/\/www.hoymercedes.com.ar\/principal\/wp-content\/uploads\/2014\/09\/UUV-FS-III-50x50.jpg 50w\" sizes=\"auto, (max-width: 150px) 100vw, 150px\" \/><\/p>\n","protected":false},"excerpt":{"rendered":"<p>Durante la \u00faltima Fiesta Nacional del Salame la Uni\u00f3n de Usuarios Viales desarroll\u00f3 una importante campa\u00f1a de prevenci\u00f3n y concientizaci\u00f3n &#8230; <a title=\"Uni\u00f3n de Usuarios Viales y TecPreMer realizaron campa\u00f1a educativa en Fiesta del Salame\" class=\"read-more\" href=\"https:\/\/www.hoymercedes.com.ar\/principal\/2014\/09\/15\/union-de-usuarios-viales-y-tecpremer-realizaron-campana-educativa-en-fiesta-del-salame\/\" aria-label=\"Leer m\u00e1s sobre Uni\u00f3n de Usuarios Viales y TecPreMer realizaron campa\u00f1a educativa en Fiesta del Salame\">Leer m\u00e1s<\/a><\/p>\n","protected":false},"author":1,"featured_media":0,"comment_status":"open","ping_status":"open","sticky":false,"template":"","format":"standard","meta":{"_monsterinsights_skip_tracking":false,"_monsterinsights_sitenote_active":false,"_monsterinsights_sitenote_note":"","_monsterinsights_sitenote_category":0,"jetpack_post_was_ever_published":false,"_jetpack_newsletter_access":"","_jetpack_dont_email_post_to_subs":false,"_jetpack_newsletter_tier_id":0,"_jetpack_memberships_contains_paywalled_content":false,"_jetpack_memberships_contains_paid_content":false,"footnotes":"","jetpack_publicize_message":"","jetpack_publicize_feature_enabled":true,"jetpack_social_post_already_shared":false,"jetpack_social_options":{"image_generator_settings":{"template":"highway","default_image_id":0,"font":"","enabled":false},"version":2},"_wpas_customize_per_network":false},"categories":[8],"tags":[1118,2754],"class_list":["post-36079","post","type-post","status-publish","format-standard","hentry","category-sociedad","tag-tecpremer","tag-union-de-usuarios-viales","generate-columns","tablet-grid-50","mobile-grid-100","grid-parent","grid-50"],"jetpack_publicize_connections":[],"jetpack_featured_media_url":"","wps_subtitle":"Dialogando con vecinos y turistas","jetpack_sharing_enabled":true,"_links":{"self":[{"href":"https:\/\/www.hoymercedes.com.ar\/principal\/wp-json\/wp\/v2\/posts\/36079","targetHints":{"allow":["GET"]}}],"collection":[{"href":"https:\/\/www.hoymercedes.com.ar\/principal\/wp-json\/wp\/v2\/posts"}],"about":[{"href":"https:\/\/www.hoymercedes.com.ar\/principal\/wp-json\/wp\/v2\/types\/post"}],"author":[{"embeddable":true,"href":"https:\/\/www.hoymercedes.com.ar\/principal\/wp-json\/wp\/v2\/users\/1"}],"replies":[{"embeddable":true,"href":"https:\/\/www.hoymercedes.com.ar\/principal\/wp-json\/wp\/v2\/comments?post=36079"}],"version-history":[{"count":0,"href":"https:\/\/www.hoymercedes.com.ar\/principal\/wp-json\/wp\/v2\/posts\/36079\/revisions"}],"wp:attachment":[{"href":"https:\/\/www.hoymercedes.com.ar\/principal\/wp-json\/wp\/v2\/media?parent=36079"}],"wp:term":[{"taxonomy":"category","embeddable":true,"href":"https:\/\/www.hoymercedes.com.ar\/principal\/wp-json\/wp\/v2\/categories?post=36079"},{"taxonomy":"post_tag","embeddable":true,"href":"https:\/\/www.hoymercedes.com.ar\/principal\/wp-json\/wp\/v2\/tags?post=36079"}],"curies":[{"name":"wp","href":"https:\/\/api.w.org\/{rel}","templated":true}]}}