{"id":36087,"date":"2014-09-15T21:35:42","date_gmt":"2014-09-16T00:35:42","guid":{"rendered":"http:\/\/www.hoymercedes.com.ar\/principal\/?p=36087"},"modified":"2014-09-15T21:36:24","modified_gmt":"2014-09-16T00:36:24","slug":"fmpv-invita-a-charla-sobre-desarrollo-urbano-y-planeamiento-estrategico","status":"publish","type":"post","link":"https:\/\/www.hoymercedes.com.ar\/principal\/2014\/09\/15\/fmpv-invita-a-charla-sobre-desarrollo-urbano-y-planeamiento-estrategico\/","title":{"rendered":"FMpV invita a charla sobre \u00abDesarrollo urbano y planeamiento estrat\u00e9gico\u00bb"},"content":{"rendered":"<p><a href=\"https:\/\/www.hoymercedes.com.ar\/principal\/wp-content\/uploads\/2014\/09\/Mercedes-DesdeMaps.jpg\"><img loading=\"lazy\" decoding=\"async\" data-attachment-id=\"36088\" data-permalink=\"https:\/\/www.hoymercedes.com.ar\/principal\/2014\/09\/15\/fmpv-invita-a-charla-sobre-desarrollo-urbano-y-planeamiento-estrategico\/mercedes-desdemaps\/#main\" data-orig-file=\"https:\/\/www.hoymercedes.com.ar\/principal\/wp-content\/uploads\/2014\/09\/Mercedes-DesdeMaps.jpg\" data-orig-size=\"620,297\" data-comments-opened=\"1\" data-image-meta=\"{&quot;aperture&quot;:&quot;0&quot;,&quot;credit&quot;:&quot;&quot;,&quot;camera&quot;:&quot;&quot;,&quot;caption&quot;:&quot;&quot;,&quot;created_timestamp&quot;:&quot;0&quot;,&quot;copyright&quot;:&quot;&quot;,&quot;focal_length&quot;:&quot;0&quot;,&quot;iso&quot;:&quot;0&quot;,&quot;shutter_speed&quot;:&quot;0&quot;,&quot;title&quot;:&quot;&quot;,&quot;orientation&quot;:&quot;0&quot;}\" data-image-title=\"Mercedes-DesdeMaps\" data-image-description=\"\" data-image-caption=\"\" data-large-file=\"https:\/\/www.hoymercedes.com.ar\/principal\/wp-content\/uploads\/2014\/09\/Mercedes-DesdeMaps.jpg\" class=\"Img2014 aligncenter wp-image-36088 size-full\" src=\"https:\/\/www.hoymercedes.com.ar\/principal\/wp-content\/uploads\/2014\/09\/Mercedes-DesdeMaps.jpg\" alt=\"Mercedes-DesdeMaps\" width=\"620\" height=\"297\" \/><\/a><\/p>\n<p><em><strong><span lang=\"ES\">El desarrollo urbano y el planeamiento estrat\u00e9gico de crecimiento ser\u00e1n los ejes de una charla que, el jueves pr\u00f3ximo por la tarde y organizada por el bloque de concejales del Frente Mercedino para la Victoria, dar\u00e1n dos especialistas en la materia.<\/span><\/strong><\/em><\/p>\n<p><span lang=\"ES\">El encuentro comenzar\u00e1 a las 18 del jueves y el escenario ser\u00e1 el sal\u00f3n de la Sociedad Espa\u00f1ola, en la calle 28 entre 15 y 17.<\/span><\/p>\n<p><span lang=\"ES\">Los expositores ser\u00e1n Guillermo Curtit, subsecretario de Tierra, Urbanismo y H\u00e1bitat de la Provincia de Buenos Aires; y Lucrecia Panizoni, directora de Desarrollo Urbano de la Secretar\u00eda de Municipios de la Naci\u00f3n.<\/span><\/p>\n<p><span lang=\"ES\">\u201cHay una necesidad evidente de trazar diagn\u00f3sticos respecto del crecimiento de Mercedes en los \u00faltimos a\u00f1os y, a partir de all\u00ed, elaborar un plan estrat\u00e9gico de ordenamiento y urbanizaci\u00f3n para nuestra ciudad, siempre respetando nuestra identidad\u201d, explicaron desde el bloque de concejales que preside Juan Ignacio Ustarroz.<\/span><\/p>\n<p><span style=\"color: #808080;\">Fuente: FMpV<\/span><\/p>\n<p>&nbsp;<\/p>\n<p>&nbsp;<\/p>\n","protected":false},"excerpt":{"rendered":"<p>El desarrollo urbano y el planeamiento estrat\u00e9gico de crecimiento ser\u00e1n los ejes de una charla que, el jueves pr\u00f3ximo por &#8230; <a title=\"FMpV invita a charla sobre \u00abDesarrollo urbano y planeamiento estrat\u00e9gico\u00bb\" class=\"read-more\" href=\"https:\/\/www.hoymercedes.com.ar\/principal\/2014\/09\/15\/fmpv-invita-a-charla-sobre-desarrollo-urbano-y-planeamiento-estrategico\/\" aria-label=\"Leer m\u00e1s sobre FMpV invita a charla sobre \u00abDesarrollo urbano y planeamiento estrat\u00e9gico\u00bb\">Leer m\u00e1s<\/a><\/p>\n","protected":false},"author":1,"featured_media":0,"comment_status":"open","ping_status":"open","sticky":false,"template":"","format":"standard","meta":{"_monsterinsights_skip_tracking":false,"_monsterinsights_sitenote_active":false,"_monsterinsights_sitenote_note":"","_monsterinsights_sitenote_category":0,"jetpack_post_was_ever_published":false,"_jetpack_newsletter_access":"","_jetpack_dont_email_post_to_subs":false,"_jetpack_newsletter_tier_id":0,"_jetpack_memberships_contains_paywalled_content":false,"_jetpack_memberships_contains_paid_content":false,"footnotes":"","jetpack_publicize_message":"","jetpack_publicize_feature_enabled":true,"jetpack_social_post_already_shared":false,"jetpack_social_options":{"image_generator_settings":{"template":"highway","default_image_id":0,"font":"","enabled":false},"version":2},"_wpas_customize_per_network":false},"categories":[5],"tags":[6017],"class_list":["post-36087","post","type-post","status-publish","format-standard","hentry","category-politica","tag-fmpv-invita-a-charla-sobre-desarrollo-urbano-y-planeamiento-estrategico","generate-columns","tablet-grid-50","mobile-grid-100","grid-parent","grid-50"],"jetpack_publicize_connections":[],"jetpack_featured_media_url":"","wps_subtitle":"Para toda la ciudadan\u00eda","jetpack_sharing_enabled":true,"_links":{"self":[{"href":"https:\/\/www.hoymercedes.com.ar\/principal\/wp-json\/wp\/v2\/posts\/36087","targetHints":{"allow":["GET"]}}],"collection":[{"href":"https:\/\/www.hoymercedes.com.ar\/principal\/wp-json\/wp\/v2\/posts"}],"about":[{"href":"https:\/\/www.hoymercedes.com.ar\/principal\/wp-json\/wp\/v2\/types\/post"}],"author":[{"embeddable":true,"href":"https:\/\/www.hoymercedes.com.ar\/principal\/wp-json\/wp\/v2\/users\/1"}],"replies":[{"embeddable":true,"href":"https:\/\/www.hoymercedes.com.ar\/principal\/wp-json\/wp\/v2\/comments?post=36087"}],"version-history":[{"count":0,"href":"https:\/\/www.hoymercedes.com.ar\/principal\/wp-json\/wp\/v2\/posts\/36087\/revisions"}],"wp:attachment":[{"href":"https:\/\/www.hoymercedes.com.ar\/principal\/wp-json\/wp\/v2\/media?parent=36087"}],"wp:term":[{"taxonomy":"category","embeddable":true,"href":"https:\/\/www.hoymercedes.com.ar\/principal\/wp-json\/wp\/v2\/categories?post=36087"},{"taxonomy":"post_tag","embeddable":true,"href":"https:\/\/www.hoymercedes.com.ar\/principal\/wp-json\/wp\/v2\/tags?post=36087"}],"curies":[{"name":"wp","href":"https:\/\/api.w.org\/{rel}","templated":true}]}}