{"id":36090,"date":"2014-09-15T21:47:49","date_gmt":"2014-09-16T00:47:49","guid":{"rendered":"http:\/\/www.hoymercedes.com.ar\/principal\/?p=36090"},"modified":"2014-09-15T21:48:32","modified_gmt":"2014-09-16T00:48:32","slug":"benitez-recorrio-predio-ocupado-en-gowland","status":"publish","type":"post","link":"https:\/\/www.hoymercedes.com.ar\/principal\/2014\/09\/15\/benitez-recorrio-predio-ocupado-en-gowland\/","title":{"rendered":"Benitez recorri\u00f3 predio \u00abocupado\u00bb en Gowland"},"content":{"rendered":"<p><a href=\"https:\/\/www.hoymercedes.com.ar\/principal\/wp-content\/uploads\/2014\/09\/benitez-gowland-II.jpg\"><img loading=\"lazy\" decoding=\"async\" data-attachment-id=\"36092\" data-permalink=\"https:\/\/www.hoymercedes.com.ar\/principal\/2014\/09\/15\/benitez-recorrio-predio-ocupado-en-gowland\/benitez-gowland-ii\/#main\" data-orig-file=\"https:\/\/www.hoymercedes.com.ar\/principal\/wp-content\/uploads\/2014\/09\/benitez-gowland-II.jpg\" data-orig-size=\"620,827\" data-comments-opened=\"1\" data-image-meta=\"{&quot;aperture&quot;:&quot;0&quot;,&quot;credit&quot;:&quot;&quot;,&quot;camera&quot;:&quot;&quot;,&quot;caption&quot;:&quot;&quot;,&quot;created_timestamp&quot;:&quot;0&quot;,&quot;copyright&quot;:&quot;&quot;,&quot;focal_length&quot;:&quot;0&quot;,&quot;iso&quot;:&quot;0&quot;,&quot;shutter_speed&quot;:&quot;0&quot;,&quot;title&quot;:&quot;&quot;,&quot;orientation&quot;:&quot;0&quot;}\" data-image-title=\"benitez-gowland-II\" data-image-description=\"\" data-image-caption=\"\" data-large-file=\"https:\/\/www.hoymercedes.com.ar\/principal\/wp-content\/uploads\/2014\/09\/benitez-gowland-II.jpg\" class=\"Img2014 aligncenter wp-image-36092 size-full\" src=\"https:\/\/www.hoymercedes.com.ar\/principal\/wp-content\/uploads\/2014\/09\/benitez-gowland-II.jpg\" alt=\"benitez-gowland-II\" width=\"620\" height=\"827\" srcset=\"https:\/\/www.hoymercedes.com.ar\/principal\/wp-content\/uploads\/2014\/09\/benitez-gowland-II.jpg 620w, https:\/\/www.hoymercedes.com.ar\/principal\/wp-content\/uploads\/2014\/09\/benitez-gowland-II-464x620.jpg 464w\" sizes=\"auto, (max-width: 620px) 100vw, 620px\" \/><\/a><\/p>\n<p><em><strong>El concejal del PRO narr\u00f3 que estuvo recorriendo y dialogando con los vecinos sobre el estado de situaci\u00f3n de sus realidades y edificaciones en el predio de calle 508 entre 511 y 519 de Gowland.<\/strong><\/em><\/p>\n<p>Juan Carlos Benitez mantivest\u00f3 que: \u00ab<em>Estuve en el predio de ocupantes en 508 entre 511 y 519 invitado por vecinos del lugar.\u00bb<\/em> a la vez que sostuvo:<em> \u00abestuve dialogando con grupos de ocupantes del predio, que paulatinamente est\u00e1n edificando con materiales est\u00e1ndar sus viviendas, all\u00ed escuch\u00e9 atentamente las necesidades que resultan de la conformaci\u00f3n del barrio, entre ellas la posibilidad de recibir recolecci\u00f3n de residuos y fundamentalmente la provisi\u00f3n de fluido el\u00e9ctrico.\u00bb<img loading=\"lazy\" decoding=\"async\" data-attachment-id=\"36091\" data-permalink=\"https:\/\/www.hoymercedes.com.ar\/principal\/2014\/09\/15\/benitez-recorrio-predio-ocupado-en-gowland\/benitez-gowland-i\/#main\" data-orig-file=\"https:\/\/www.hoymercedes.com.ar\/principal\/wp-content\/uploads\/2014\/09\/benitez-gowland-I.jpg\" data-orig-size=\"620,827\" data-comments-opened=\"1\" data-image-meta=\"{&quot;aperture&quot;:&quot;0&quot;,&quot;credit&quot;:&quot;&quot;,&quot;camera&quot;:&quot;&quot;,&quot;caption&quot;:&quot;&quot;,&quot;created_timestamp&quot;:&quot;0&quot;,&quot;copyright&quot;:&quot;&quot;,&quot;focal_length&quot;:&quot;0&quot;,&quot;iso&quot;:&quot;0&quot;,&quot;shutter_speed&quot;:&quot;0&quot;,&quot;title&quot;:&quot;&quot;,&quot;orientation&quot;:&quot;0&quot;}\" data-image-title=\"benitez-gowland-I\" data-image-description=\"\" data-image-caption=\"\" data-large-file=\"https:\/\/www.hoymercedes.com.ar\/principal\/wp-content\/uploads\/2014\/09\/benitez-gowland-I.jpg\" class=\"Img2014 aligncenter wp-image-36091 size-full\" src=\"https:\/\/www.hoymercedes.com.ar\/principal\/wp-content\/uploads\/2014\/09\/benitez-gowland-I.jpg\" alt=\"benitez-gowland-I\" width=\"620\" height=\"827\" srcset=\"https:\/\/www.hoymercedes.com.ar\/principal\/wp-content\/uploads\/2014\/09\/benitez-gowland-I.jpg 620w, https:\/\/www.hoymercedes.com.ar\/principal\/wp-content\/uploads\/2014\/09\/benitez-gowland-I-464x620.jpg 464w\" sizes=\"auto, (max-width: 620px) 100vw, 620px\" \/><\/em><\/p>\n<p>Coment\u00f3 el edil que la falta de energ\u00eda el\u00e9ctrica tambi\u00e9n es un problema, que \u00abAlgunas familias disponen de generadores el\u00e9ctricos, pero a un costo que var\u00eda entre 60 y 70 pesos, pues el consumo de nafta llega hasta 5 litros diarios, con ahorro horario.\u00bb<\/p>\n<p>Para finalizar sostuvo que: \u00abContinuar\u00e9 recorriendo y elaborando ordenanzas para lograr que situaciones como estas est\u00e9n cada d\u00eda mas cerca de resolverse.\u00bb<\/p>\n","protected":false},"excerpt":{"rendered":"<p>El concejal del PRO narr\u00f3 que estuvo recorriendo y dialogando con los vecinos sobre el estado de situaci\u00f3n de sus &#8230; <a title=\"Benitez recorri\u00f3 predio \u00abocupado\u00bb en Gowland\" class=\"read-more\" href=\"https:\/\/www.hoymercedes.com.ar\/principal\/2014\/09\/15\/benitez-recorrio-predio-ocupado-en-gowland\/\" aria-label=\"Leer m\u00e1s sobre Benitez recorri\u00f3 predio \u00abocupado\u00bb en Gowland\">Leer m\u00e1s<\/a><\/p>\n","protected":false},"author":1,"featured_media":0,"comment_status":"open","ping_status":"open","sticky":false,"template":"","format":"standard","meta":{"_monsterinsights_skip_tracking":false,"_monsterinsights_sitenote_active":false,"_monsterinsights_sitenote_note":"","_monsterinsights_sitenote_category":0,"jetpack_post_was_ever_published":false,"_jetpack_newsletter_access":"","_jetpack_dont_email_post_to_subs":false,"_jetpack_newsletter_tier_id":0,"_jetpack_memberships_contains_paywalled_content":false,"_jetpack_memberships_contains_paid_content":false,"footnotes":"","jetpack_publicize_message":"","jetpack_publicize_feature_enabled":true,"jetpack_social_post_already_shared":false,"jetpack_social_options":{"image_generator_settings":{"template":"highway","default_image_id":0,"font":"","enabled":false},"version":2},"_wpas_customize_per_network":false},"categories":[5],"tags":[313,6018,2185],"class_list":["post-36090","post","type-post","status-publish","format-standard","hentry","category-politica","tag-juan-carlos-benitez","tag-ocupacion-terrenos-gowland","tag-pro-mercedes","generate-columns","tablet-grid-50","mobile-grid-100","grid-parent","grid-50"],"jetpack_publicize_connections":[],"jetpack_featured_media_url":"","wps_subtitle":"Edil de PRO Mercedes","jetpack_sharing_enabled":true,"_links":{"self":[{"href":"https:\/\/www.hoymercedes.com.ar\/principal\/wp-json\/wp\/v2\/posts\/36090","targetHints":{"allow":["GET"]}}],"collection":[{"href":"https:\/\/www.hoymercedes.com.ar\/principal\/wp-json\/wp\/v2\/posts"}],"about":[{"href":"https:\/\/www.hoymercedes.com.ar\/principal\/wp-json\/wp\/v2\/types\/post"}],"author":[{"embeddable":true,"href":"https:\/\/www.hoymercedes.com.ar\/principal\/wp-json\/wp\/v2\/users\/1"}],"replies":[{"embeddable":true,"href":"https:\/\/www.hoymercedes.com.ar\/principal\/wp-json\/wp\/v2\/comments?post=36090"}],"version-history":[{"count":0,"href":"https:\/\/www.hoymercedes.com.ar\/principal\/wp-json\/wp\/v2\/posts\/36090\/revisions"}],"wp:attachment":[{"href":"https:\/\/www.hoymercedes.com.ar\/principal\/wp-json\/wp\/v2\/media?parent=36090"}],"wp:term":[{"taxonomy":"category","embeddable":true,"href":"https:\/\/www.hoymercedes.com.ar\/principal\/wp-json\/wp\/v2\/categories?post=36090"},{"taxonomy":"post_tag","embeddable":true,"href":"https:\/\/www.hoymercedes.com.ar\/principal\/wp-json\/wp\/v2\/tags?post=36090"}],"curies":[{"name":"wp","href":"https:\/\/api.w.org\/{rel}","templated":true}]}}