{"id":36131,"date":"2014-09-17T13:01:57","date_gmt":"2014-09-17T16:01:57","guid":{"rendered":"http:\/\/www.hoymercedes.com.ar\/principal\/?p=36131"},"modified":"2014-09-17T13:02:57","modified_gmt":"2014-09-17T16:02:57","slug":"inundaciones-el-proyecto-de-bonaparte-y-moleres-fue-elevado-a-la-direccion-de-hidraulica","status":"publish","type":"post","link":"https:\/\/www.hoymercedes.com.ar\/principal\/2014\/09\/17\/inundaciones-el-proyecto-de-bonaparte-y-moleres-fue-elevado-a-la-direccion-de-hidraulica\/","title":{"rendered":"Inundaciones: el proyecto de Bonaparte y Moleres fue elevado a la direcci\u00f3n de hidr\u00e1ulica."},"content":{"rendered":"<p><a href=\"https:\/\/www.hoymercedes.com.ar\/principal\/wp-content\/uploads\/2014\/09\/cestari-denapole-mendez.jpg\"><img loading=\"lazy\" decoding=\"async\" data-attachment-id=\"36132\" data-permalink=\"https:\/\/www.hoymercedes.com.ar\/principal\/2014\/09\/17\/inundaciones-el-proyecto-de-bonaparte-y-moleres-fue-elevado-a-la-direccion-de-hidraulica\/cestari-denapole-mendez\/#main\" data-orig-file=\"https:\/\/www.hoymercedes.com.ar\/principal\/wp-content\/uploads\/2014\/09\/cestari-denapole-mendez.jpg\" data-orig-size=\"620,277\" data-comments-opened=\"1\" data-image-meta=\"{&quot;aperture&quot;:&quot;0&quot;,&quot;credit&quot;:&quot;&quot;,&quot;camera&quot;:&quot;&quot;,&quot;caption&quot;:&quot;&quot;,&quot;created_timestamp&quot;:&quot;0&quot;,&quot;copyright&quot;:&quot;&quot;,&quot;focal_length&quot;:&quot;0&quot;,&quot;iso&quot;:&quot;0&quot;,&quot;shutter_speed&quot;:&quot;0&quot;,&quot;title&quot;:&quot;&quot;,&quot;orientation&quot;:&quot;0&quot;}\" data-image-title=\"cestari-denapole-mendez\" data-image-description=\"\" data-image-caption=\"\" data-large-file=\"https:\/\/www.hoymercedes.com.ar\/principal\/wp-content\/uploads\/2014\/09\/cestari-denapole-mendez.jpg\" class=\"aligncenter size-full wp-image-36132\" src=\"https:\/\/www.hoymercedes.com.ar\/principal\/wp-content\/uploads\/2014\/09\/cestari-denapole-mendez.jpg\" alt=\"cestari-denapole-mendez\" width=\"620\" height=\"277\" \/><\/a><\/p>\n<p><em><strong>La Petici\u00f3n Particular, presentada por el Dr. Jos\u00e9 Bonaparte y Javier Moleres, fue elevada al Ministerio de Infraestructura, la Subsecretar\u00eda de Obras P\u00fablicas y la Direcci\u00f3n Provincial de Saneamiento y Obra Hidr\u00e1ulica del Gobierno de la Provincia de Buenos Aires, para su evaluaci\u00f3n y factibilidad.<\/strong><\/em><\/p>\n<p>\u00abMientras algunos est\u00e1n en campa\u00f1a la comisi\u00f3n de planeamiento del HCD sigue trabajando por los mercedinos.\u00bb, remarcaron desde el MIC.<\/p>\n<p>El Expediente ingres\u00f3 a la Comisi\u00f3n de Planeamiento del HCD, que por unanimidad (con las firmas de los concejales Jos\u00e9 Cestari (Presidente) \u2013 MIC, Marcelo Den\u00e1pole y Arnaldo M\u00e9ndez del FR y Patricia Prenitune del FPV) se envi\u00f3 en consulta a Hidr\u00e1ulica de la Provincia de Buenos Aires, con una copia del CV del Dr. Jos\u00e9 Bonaparte, para que se eval\u00fae el Proyecto y se expida sobre su factibilidad.<\/p>\n<p>La problem\u00e1tica de las inundaciones en el oeste de nuestra ciudad generadas por el desborde del R\u00edo Luj\u00e1n. El trabajo consta de una s\u00edntesis de la historia geol\u00f3gica de nuestro r\u00edo, un an\u00e1lisis de la problem\u00e1tica de las inundaciones con referencias hidrol\u00f3gicas y clim\u00e1ticas para comprender m\u00e1s ampliamente el fen\u00f3meno.<\/p>\n<p>Finalmente se recomienda iniciar estudios t\u00e9cnicos por entidades provinciales para la construcci\u00f3n de un importante dique regulador del caudal proveniente de la cuenca superior del R\u00edo Luj\u00e1n. Este emprendimiento para regular las crecidas del r\u00edo debe incluir a la gran represa del Club N\u00e1utico de J\u00e1uregui que debe manejarse en combinaci\u00f3n con la proyectada represa reguladora que se ubicar\u00eda algo m\u00e1s al oeste del Puente Sabona.<\/p>\n<p>&nbsp;<\/p>\n<p>&nbsp;<\/p>\n<p>&nbsp;<\/p>\n","protected":false},"excerpt":{"rendered":"<p>La Petici\u00f3n Particular, presentada por el Dr. Jos\u00e9 Bonaparte y Javier Moleres, fue elevada al Ministerio de Infraestructura, la Subsecretar\u00eda &#8230; <a title=\"Inundaciones: el proyecto de Bonaparte y Moleres fue elevado a la direcci\u00f3n de hidr\u00e1ulica.\" class=\"read-more\" href=\"https:\/\/www.hoymercedes.com.ar\/principal\/2014\/09\/17\/inundaciones-el-proyecto-de-bonaparte-y-moleres-fue-elevado-a-la-direccion-de-hidraulica\/\" aria-label=\"Leer m\u00e1s sobre Inundaciones: el proyecto de Bonaparte y Moleres fue elevado a la direcci\u00f3n de hidr\u00e1ulica.\">Leer m\u00e1s<\/a><\/p>\n","protected":false},"author":1,"featured_media":0,"comment_status":"open","ping_status":"open","sticky":false,"template":"","format":"standard","meta":{"_monsterinsights_skip_tracking":false,"_monsterinsights_sitenote_active":false,"_monsterinsights_sitenote_note":"","_monsterinsights_sitenote_category":0,"jetpack_post_was_ever_published":false,"_jetpack_newsletter_access":"","_jetpack_dont_email_post_to_subs":false,"_jetpack_newsletter_tier_id":0,"_jetpack_memberships_contains_paywalled_content":false,"_jetpack_memberships_contains_paid_content":false,"footnotes":"","jetpack_publicize_message":"","jetpack_publicize_feature_enabled":true,"jetpack_social_post_already_shared":false,"jetpack_social_options":{"image_generator_settings":{"template":"highway","default_image_id":0,"font":"","enabled":false},"version":2},"_wpas_customize_per_network":false},"categories":[5],"tags":[6026,6024,1956,6025],"class_list":["post-36131","post","type-post","status-publish","format-standard","hentry","category-politica","tag-bonaparte","tag-inundaciones-el-proyecto-de-bonaparte-y-moleres-fue-elevado-a-la-direccion-de-hidraulica","tag-mic-mercedes","tag-moleres","generate-columns","tablet-grid-50","mobile-grid-100","grid-parent","grid-50"],"jetpack_publicize_connections":[],"jetpack_featured_media_url":"","wps_subtitle":"Proyecto de mejoras","jetpack_sharing_enabled":true,"_links":{"self":[{"href":"https:\/\/www.hoymercedes.com.ar\/principal\/wp-json\/wp\/v2\/posts\/36131","targetHints":{"allow":["GET"]}}],"collection":[{"href":"https:\/\/www.hoymercedes.com.ar\/principal\/wp-json\/wp\/v2\/posts"}],"about":[{"href":"https:\/\/www.hoymercedes.com.ar\/principal\/wp-json\/wp\/v2\/types\/post"}],"author":[{"embeddable":true,"href":"https:\/\/www.hoymercedes.com.ar\/principal\/wp-json\/wp\/v2\/users\/1"}],"replies":[{"embeddable":true,"href":"https:\/\/www.hoymercedes.com.ar\/principal\/wp-json\/wp\/v2\/comments?post=36131"}],"version-history":[{"count":0,"href":"https:\/\/www.hoymercedes.com.ar\/principal\/wp-json\/wp\/v2\/posts\/36131\/revisions"}],"wp:attachment":[{"href":"https:\/\/www.hoymercedes.com.ar\/principal\/wp-json\/wp\/v2\/media?parent=36131"}],"wp:term":[{"taxonomy":"category","embeddable":true,"href":"https:\/\/www.hoymercedes.com.ar\/principal\/wp-json\/wp\/v2\/categories?post=36131"},{"taxonomy":"post_tag","embeddable":true,"href":"https:\/\/www.hoymercedes.com.ar\/principal\/wp-json\/wp\/v2\/tags?post=36131"}],"curies":[{"name":"wp","href":"https:\/\/api.w.org\/{rel}","templated":true}]}}