{"id":36170,"date":"2014-09-18T21:33:32","date_gmt":"2014-09-19T00:33:32","guid":{"rendered":"http:\/\/www.hoymercedes.com.ar\/principal\/?p=36170"},"modified":"2014-09-18T21:36:27","modified_gmt":"2014-09-19T00:36:27","slug":"wado-de-pedro-tendra-encuentro-con-papa-francisco","status":"publish","type":"post","link":"https:\/\/www.hoymercedes.com.ar\/principal\/2014\/09\/18\/wado-de-pedro-tendra-encuentro-con-papa-francisco\/","title":{"rendered":"Wado De Pedro tendr\u00e1 encuentro con Papa Francisco"},"content":{"rendered":"<div><a href=\"https:\/\/www.hoymercedes.com.ar\/principal\/wp-content\/uploads\/2014\/09\/DePedro-CFK.jpg\"><img loading=\"lazy\" decoding=\"async\" data-attachment-id=\"36171\" data-permalink=\"https:\/\/www.hoymercedes.com.ar\/principal\/2014\/09\/18\/wado-de-pedro-tendra-encuentro-con-papa-francisco\/depedro-cfk\/#main\" data-orig-file=\"https:\/\/www.hoymercedes.com.ar\/principal\/wp-content\/uploads\/2014\/09\/DePedro-CFK.jpg\" data-orig-size=\"620,413\" data-comments-opened=\"1\" data-image-meta=\"{&quot;aperture&quot;:&quot;0&quot;,&quot;credit&quot;:&quot;&quot;,&quot;camera&quot;:&quot;&quot;,&quot;caption&quot;:&quot;&quot;,&quot;created_timestamp&quot;:&quot;0&quot;,&quot;copyright&quot;:&quot;&quot;,&quot;focal_length&quot;:&quot;0&quot;,&quot;iso&quot;:&quot;0&quot;,&quot;shutter_speed&quot;:&quot;0&quot;,&quot;title&quot;:&quot;&quot;,&quot;orientation&quot;:&quot;0&quot;}\" data-image-title=\"DePedro-CFK\" data-image-description=\"\" data-image-caption=\"\" data-large-file=\"https:\/\/www.hoymercedes.com.ar\/principal\/wp-content\/uploads\/2014\/09\/DePedro-CFK.jpg\" class=\"Img2014 aligncenter wp-image-36171 size-full\" src=\"https:\/\/www.hoymercedes.com.ar\/principal\/wp-content\/uploads\/2014\/09\/DePedro-CFK.jpg\" alt=\"DePedro-CFK\" width=\"620\" height=\"413\" \/><\/a><\/div>\n<div><em><strong>El Diputado Nacional mercedino Eduardo \u2018Wado\u2019 de Pedro acompa\u00f1ar\u00e1 a la Presidenta de la Naci\u00f3n, Cristina Fern\u00e1ndez de Kirchner, en su encuentro con el Papa Francisco que se llevar\u00e1 a cabo el pr\u00f3ximo s\u00e1bado en la residencia de Santa Marta, en el Vaticano.<\/strong><\/em>Al referirse al encuentro que tendr\u00e1 con el Santo Padre, de Pedro manifest\u00f3 su \u00abprofunda alegr\u00eda de poder acompa\u00f1ar a la presidenta en una gira tan importante\u201d, y manifest\u00f3 \u201cmuchas expectativas en poder estrecharle la mano al Papa Francisco y acercarle el saludo de todos los mercedinos\u00bb.<\/p>\n<\/div>\n<div><\/div>\n<div>A su vez coment\u00f3 que lleva el saludo y las oraciones del Arzobispo Agust\u00edn Radrizzani, Monse\u00f1or Jorge Bruno y de personas que necesitan especialmente de su rezo.<\/div>\n<div>Se refiri\u00f3 adem\u00e1s a los cambios que est\u00e1 llevando a cabo el Papa desde que fue entronizado: \u00abFrancisco est\u00e1 desarrollando un tarea muy valiosa. Es un Papa con gran sensibilidad social, que ha llamado a los m\u00e1s poderosos a que hagan su aporte en beneficio de toda la sociedad\u201d. Y agreg\u00f3: \u201cTambi\u00e9n ha tenido un mensaje dirigido a toda lo sociedad, y en especial a la juventud, invit\u00e1ndola a participar en la vida comunitaria y a ser solidaria\u00bb.\u00bbEn el plano internacional es muy importante el rol que ha asumido en favor de la paz mundial, en defensa de los m\u00e1s humildes y desprotegidos, y advirtiendo el rol del mercado financiero que a trav\u00e9s de la especulaci\u00f3n genera m\u00e1s pobres\u00bb. \u00abFrancisco nos plantea que &#8216;el futuro nos exige una visi\u00f3n humanista de la econom\u00eda y una pol\u00edtica que logre cada vez m\u00e1s y mejor participaci\u00f3n de las personas, evite el elitismo y erradique la pobreza&#8217;, complet\u00f3 el Diputado.<\/p>\n<p>La delegaci\u00f3n argentina arribar\u00e1 a la ciudad de Roma este viernes 21 y se trasladar\u00e1 al d\u00eda siguiente al Vaticano para concretar el encuentro con el Jefe de la Iglesia Cat\u00f3lica. Recordemos que el almuerzo entre el Papa y la Presidenta de la Naci\u00f3n responde a una invitaci\u00f3n personal, a trav\u00e9s de una carta escrita a mano, que el Sumo Pont\u00edfice le envi\u00f3 a la mandataria.<\/p>\n<\/div>\n<div><\/div>\n<div><\/div>\n<div><\/div>\n","protected":false},"excerpt":{"rendered":"<p>El Diputado Nacional mercedino Eduardo \u2018Wado\u2019 de Pedro acompa\u00f1ar\u00e1 a la Presidenta de la Naci\u00f3n, Cristina Fern\u00e1ndez de Kirchner, en &#8230; <a title=\"Wado De Pedro tendr\u00e1 encuentro con Papa Francisco\" class=\"read-more\" href=\"https:\/\/www.hoymercedes.com.ar\/principal\/2014\/09\/18\/wado-de-pedro-tendra-encuentro-con-papa-francisco\/\" aria-label=\"Leer m\u00e1s sobre Wado De Pedro tendr\u00e1 encuentro con Papa Francisco\">Leer m\u00e1s<\/a><\/p>\n","protected":false},"author":1,"featured_media":0,"comment_status":"open","ping_status":"open","sticky":false,"template":"","format":"standard","meta":{"_monsterinsights_skip_tracking":false,"_monsterinsights_sitenote_active":false,"_monsterinsights_sitenote_note":"","_monsterinsights_sitenote_category":0,"jetpack_post_was_ever_published":false,"_jetpack_newsletter_access":"","_jetpack_dont_email_post_to_subs":false,"_jetpack_newsletter_tier_id":0,"_jetpack_memberships_contains_paywalled_content":false,"_jetpack_memberships_contains_paid_content":false,"footnotes":"","jetpack_publicize_message":"","jetpack_publicize_feature_enabled":true,"jetpack_social_post_already_shared":false,"jetpack_social_options":{"image_generator_settings":{"template":"highway","default_image_id":0,"font":"","enabled":false},"version":2},"_wpas_customize_per_network":false},"categories":[5],"tags":[1157,3293,281],"class_list":["post-36170","post","type-post","status-publish","format-standard","hentry","category-politica","tag-cristina-fernandez-de-kirchner","tag-papa-francisco","tag-wado-de-pedro","generate-columns","tablet-grid-50","mobile-grid-100","grid-parent","grid-50"],"jetpack_publicize_connections":[],"jetpack_featured_media_url":"","wps_subtitle":"Viajar\u00e1 con Cristina Fern\u00e1ndez de Kirchner","jetpack_sharing_enabled":true,"_links":{"self":[{"href":"https:\/\/www.hoymercedes.com.ar\/principal\/wp-json\/wp\/v2\/posts\/36170","targetHints":{"allow":["GET"]}}],"collection":[{"href":"https:\/\/www.hoymercedes.com.ar\/principal\/wp-json\/wp\/v2\/posts"}],"about":[{"href":"https:\/\/www.hoymercedes.com.ar\/principal\/wp-json\/wp\/v2\/types\/post"}],"author":[{"embeddable":true,"href":"https:\/\/www.hoymercedes.com.ar\/principal\/wp-json\/wp\/v2\/users\/1"}],"replies":[{"embeddable":true,"href":"https:\/\/www.hoymercedes.com.ar\/principal\/wp-json\/wp\/v2\/comments?post=36170"}],"version-history":[{"count":0,"href":"https:\/\/www.hoymercedes.com.ar\/principal\/wp-json\/wp\/v2\/posts\/36170\/revisions"}],"wp:attachment":[{"href":"https:\/\/www.hoymercedes.com.ar\/principal\/wp-json\/wp\/v2\/media?parent=36170"}],"wp:term":[{"taxonomy":"category","embeddable":true,"href":"https:\/\/www.hoymercedes.com.ar\/principal\/wp-json\/wp\/v2\/categories?post=36170"},{"taxonomy":"post_tag","embeddable":true,"href":"https:\/\/www.hoymercedes.com.ar\/principal\/wp-json\/wp\/v2\/tags?post=36170"}],"curies":[{"name":"wp","href":"https:\/\/api.w.org\/{rel}","templated":true}]}}