{"id":36191,"date":"2014-09-19T00:18:21","date_gmt":"2014-09-19T03:18:21","guid":{"rendered":"http:\/\/www.hoymercedes.com.ar\/principal\/?p=36191"},"modified":"2014-09-23T10:24:51","modified_gmt":"2014-09-23T13:24:51","slug":"campana-no-a-la-trata-lanzada-desde-casa-joven","status":"publish","type":"post","link":"https:\/\/www.hoymercedes.com.ar\/principal\/2014\/09\/19\/campana-no-a-la-trata-lanzada-desde-casa-joven\/","title":{"rendered":"Campa\u00f1a \u00ab#No a la trata\u00bb lanzada desde Casa Joven"},"content":{"rendered":"<p><a href=\"https:\/\/www.hoymercedes.com.ar\/principal\/wp-content\/uploads\/2014\/09\/noalatrata.casajoven.jpg\"><img loading=\"lazy\" decoding=\"async\" data-attachment-id=\"36192\" data-permalink=\"https:\/\/www.hoymercedes.com.ar\/principal\/2014\/09\/19\/campana-no-a-la-trata-lanzada-desde-casa-joven\/noalatrata-casajoven\/#main\" data-orig-file=\"https:\/\/www.hoymercedes.com.ar\/principal\/wp-content\/uploads\/2014\/09\/noalatrata.casajoven.jpg\" data-orig-size=\"620,596\" data-comments-opened=\"1\" data-image-meta=\"{&quot;aperture&quot;:&quot;0&quot;,&quot;credit&quot;:&quot;&quot;,&quot;camera&quot;:&quot;&quot;,&quot;caption&quot;:&quot;&quot;,&quot;created_timestamp&quot;:&quot;0&quot;,&quot;copyright&quot;:&quot;&quot;,&quot;focal_length&quot;:&quot;0&quot;,&quot;iso&quot;:&quot;0&quot;,&quot;shutter_speed&quot;:&quot;0&quot;,&quot;title&quot;:&quot;&quot;,&quot;orientation&quot;:&quot;0&quot;}\" data-image-title=\"noalatrata.casajoven\" data-image-description=\"\" data-image-caption=\"\" data-large-file=\"https:\/\/www.hoymercedes.com.ar\/principal\/wp-content\/uploads\/2014\/09\/noalatrata.casajoven.jpg\" class=\"Img2014 aligncenter wp-image-36192 size-full\" src=\"https:\/\/www.hoymercedes.com.ar\/principal\/wp-content\/uploads\/2014\/09\/noalatrata.casajoven.jpg\" alt=\"noalatrata.casajoven\" width=\"620\" height=\"596\" \/><\/a><\/p>\n<p><em><strong>Tras la visita del Sub Secretario de Derechos Humanos Carlos Pisoni se lanz\u00f3 una interesante campa\u00f1a de difusi\u00f3n y concientizaci\u00f3n contra la trata de personas en nuestra ciudad, desde Casa Joven que integra el Frente Mercedino, y en diversos puntos de nuestra ciudad donde invitan a los vecinos a sumarse.<\/strong><\/em><\/p>\n<p>La idea busca mostrar en las redes sociales la adhesi\u00f3n de los mercedinos contra la trata de personas y la prostituci\u00f3n como elementos de esclavitud en el siglo XXI.<\/p>\n<p>Es parte de una gran b\u00fasqueda social de que como ciudadan\u00eda tomemos conciencia de la importancia de respetar al pr\u00f3jimo y de no convalidar la venta de seres humanos, as\u00ed como su explotaci\u00f3n sexual.<\/p>\n<p>Casa Joven es conducida por el edil Juan Pablo Lopez Baggio y se encuentra en calle 14 y 33.<\/p>\n<p>En la campa\u00f1a han retratado mercedinos en la v\u00eda p\u00fablica, barrios y espacios institucionales.<\/p>\n","protected":false},"excerpt":{"rendered":"<p>Tras la visita del Sub Secretario de Derechos Humanos Carlos Pisoni se lanz\u00f3 una interesante campa\u00f1a de difusi\u00f3n y concientizaci\u00f3n &#8230; <a title=\"Campa\u00f1a \u00ab#No a la trata\u00bb lanzada desde Casa Joven\" class=\"read-more\" href=\"https:\/\/www.hoymercedes.com.ar\/principal\/2014\/09\/19\/campana-no-a-la-trata-lanzada-desde-casa-joven\/\" aria-label=\"Leer m\u00e1s sobre Campa\u00f1a \u00ab#No a la trata\u00bb lanzada desde Casa Joven\">Leer m\u00e1s<\/a><\/p>\n","protected":false},"author":1,"featured_media":0,"comment_status":"open","ping_status":"open","sticky":false,"template":"","format":"standard","meta":{"_monsterinsights_skip_tracking":false,"_monsterinsights_sitenote_active":false,"_monsterinsights_sitenote_note":"","_monsterinsights_sitenote_category":0,"jetpack_post_was_ever_published":false,"_jetpack_newsletter_access":"","_jetpack_dont_email_post_to_subs":false,"_jetpack_newsletter_tier_id":0,"_jetpack_memberships_contains_paywalled_content":false,"_jetpack_memberships_contains_paid_content":false,"footnotes":"","jetpack_publicize_message":"","jetpack_publicize_feature_enabled":true,"jetpack_social_post_already_shared":false,"jetpack_social_options":{"image_generator_settings":{"template":"highway","default_image_id":0,"font":"","enabled":false},"version":2},"_wpas_customize_per_network":false},"categories":[5],"tags":[3,6037],"class_list":["post-36191","post","type-post","status-publish","format-standard","hentry","category-politica","tag-casa-joven","tag-no-a-la-trata","generate-columns","tablet-grid-50","mobile-grid-100","grid-parent","grid-50"],"jetpack_publicize_connections":[],"jetpack_featured_media_url":"","wps_subtitle":"Concientizaci\u00f3n y educaci\u00f3n alternativa","jetpack_sharing_enabled":true,"_links":{"self":[{"href":"https:\/\/www.hoymercedes.com.ar\/principal\/wp-json\/wp\/v2\/posts\/36191","targetHints":{"allow":["GET"]}}],"collection":[{"href":"https:\/\/www.hoymercedes.com.ar\/principal\/wp-json\/wp\/v2\/posts"}],"about":[{"href":"https:\/\/www.hoymercedes.com.ar\/principal\/wp-json\/wp\/v2\/types\/post"}],"author":[{"embeddable":true,"href":"https:\/\/www.hoymercedes.com.ar\/principal\/wp-json\/wp\/v2\/users\/1"}],"replies":[{"embeddable":true,"href":"https:\/\/www.hoymercedes.com.ar\/principal\/wp-json\/wp\/v2\/comments?post=36191"}],"version-history":[{"count":0,"href":"https:\/\/www.hoymercedes.com.ar\/principal\/wp-json\/wp\/v2\/posts\/36191\/revisions"}],"wp:attachment":[{"href":"https:\/\/www.hoymercedes.com.ar\/principal\/wp-json\/wp\/v2\/media?parent=36191"}],"wp:term":[{"taxonomy":"category","embeddable":true,"href":"https:\/\/www.hoymercedes.com.ar\/principal\/wp-json\/wp\/v2\/categories?post=36191"},{"taxonomy":"post_tag","embeddable":true,"href":"https:\/\/www.hoymercedes.com.ar\/principal\/wp-json\/wp\/v2\/tags?post=36191"}],"curies":[{"name":"wp","href":"https:\/\/api.w.org\/{rel}","templated":true}]}}